{"id":346,"date":"2018-05-01T17:50:58","date_gmt":"2018-05-01T17:50:58","guid":{"rendered":"http:\/\/talentos-objetivos.pt\/trialgp\/?p=346"},"modified":"2018-05-04T17:55:59","modified_gmt":"2018-05-04T17:55:59","slug":"trial-de-gouveia-revelado-na-guarda","status":"publish","type":"post","link":"https:\/\/talentos-objetivos.pt\/trialgp\/pt\/noticias\/trial-de-gouveia-revelado-na-guarda\/346\/","title":{"rendered":"Trial de Gouveia revelado na Guarda"},"content":{"rendered":"<p>Agendada para os pr\u00f3ximos dias 23 e 24 de Junho em Gouveia, a ronda portuguesa do TrialGP foi apresentada a todos os visitantes da FIT &#8211; Feira Ib\u00e9rica de Turismo que encerrou hoje na cidade da Guarda.<\/p>\n<p>Jorge Sim\u00f5es, o respons\u00e1vel pelo Clube Talentos Objectivos &#8211; Clube de Enduro e Recreio, o organizador da prova, revelou as linhas principais da competi\u00e7\u00e3o que estar\u00e1 totalmente concentrada no Parque da Senhoras dos Verdes junto \u00e0 cidade de Gouveia.<\/p>\n<p>De import\u00e2ncia maior para o turismo local a quarta prova do calend\u00e1rio mundial ir\u00e1 trazer de volta ao sop\u00e9 da Serra da Estrela os melhores pilotos da especialidade, no que ser\u00e1 um regresso depois de 13 anos de aus\u00eancia na regi\u00e3o de Gouveia \u2013 o mundial esteve aqui em 2004 \u2013 e um regresso a Portugal depois de dois anos de aus\u00eancia.<\/p>\n<p><strong>\u201cS\u00e3o muitos aqueles que querem viajar at\u00e9 Portugal para acompanhar o evento, mesmo aqueles que s\u00e3o apenas seguidores e n\u00e3o est\u00e3o directamente envolvidos com pilotos ou equipas. Toda esta presen\u00e7a de forasteiros \u00e9 de import\u00e2ncia maior para a economia local em qualquer prova ou evento, e por isso as provas desportivas de import\u00e2ncia maior merecem ser apoiadas e reveladas neste tipo de certame. O turismo desportivo pode ser mais um argumento entre os muitos que o nosso pa\u00eds tem para aliciar novos visitantes.\u201d<\/strong> referiu Jorge Sim\u00f5es no decorrer da apresenta\u00e7\u00e3o feita no espa\u00e7o da FIT.<\/p>\n<p>A prova ser\u00e1 v\u00e1lida n\u00e3o apenas para o TrialGP, a categoria maior da especialidade, mas igualmente para as classes Trial2 e Trial125, sendo que todas as equipas ir\u00e3o montar a sua base no referido Parque da Senhora dos Verdes. Em breve ser\u00e3o revelados todos os pormenores desportivos de mais uma prova de cariz mundial que se realiza em Portugal neste ano de 2018.<\/p>\n","protected":false},"excerpt":{"rendered":"<p>Agendada para os pr\u00f3ximos dias 23 e 24 de Junho em Gouveia, a ronda portuguesa do TrialGP foi apresentada a todos os visitantes da FIT &#8211; Feira Ib\u00e9rica de Turismo que encerrou hoje na cidade da Guarda. Jorge Sim\u00f5es, o respons\u00e1vel pelo Clube Talentos Objectivos &#8211; Clube de Enduro e&hellip; <\/p>\n","protected":false},"author":2,"featured_media":347,"comment_status":"closed","ping_status":"open","sticky":false,"template":"","format":"standard","meta":{"footnotes":""},"categories":[11],"tags":[16],"class_list":["post-346","post","type-post","status-publish","format-standard","has-post-thumbnail","hentry","category-noticias","tag-trial-gp"],"yoast_head":"<!-- This site is optimized with the Yoast SEO plugin v27.5 - https:\/\/yoast.com\/product\/yoast-seo-wordpress\/ -->\n<title>Trial de Gouveia revelado na Guarda - TRIALGP Portugal<\/title>\n<meta name=\"robots\" content=\"index, follow, max-snippet:-1, max-image-preview:large, max-video-preview:-1\" \/>\n<link rel=\"canonical\" href=\"https:\/\/talentos-objetivos.pt\/trialgp\/pt\/noticias\/trial-de-gouveia-revelado-na-guarda\/346\/\" \/>\n<meta property=\"og:locale\" content=\"pt_PT\" \/>\n<meta property=\"og:type\" content=\"article\" \/>\n<meta property=\"og:title\" content=\"Trial de Gouveia revelado na Guarda - TRIALGP Portugal\" \/>\n<meta property=\"og:description\" content=\"Agendada para os pr\u00f3ximos dias 23 e 24 de Junho em Gouveia, a ronda portuguesa do TrialGP foi apresentada a todos os visitantes da FIT &#8211; Feira Ib\u00e9rica de Turismo que encerrou hoje na cidade da Guarda. Jorge Sim\u00f5es, o respons\u00e1vel pelo Clube Talentos Objectivos &#8211; Clube de Enduro e&hellip;\" \/>\n<meta property=\"og:url\" content=\"https:\/\/talentos-objetivos.pt\/trialgp\/pt\/noticias\/trial-de-gouveia-revelado-na-guarda\/346\/\" \/>\n<meta property=\"og:site_name\" content=\"TRIALGP Portugal\" \/>\n<meta property=\"article:published_time\" content=\"2018-05-01T17:50:58+00:00\" \/>\n<meta property=\"article:modified_time\" content=\"2018-05-04T17:55:59+00:00\" \/>\n<meta property=\"og:image\" content=\"https:\/\/talentos-objetivos.pt\/trialgp\/wp-content\/uploads\/sites\/5\/2018\/05\/2018_trialGp_PT_DSC_3196_R_r.jpg\" \/>\n\t<meta property=\"og:image:width\" content=\"1200\" \/>\n\t<meta property=\"og:image:height\" content=\"803\" \/>\n\t<meta property=\"og:image:type\" content=\"image\/jpeg\" \/>\n<meta name=\"author\" content=\"Jorge Sim\u00f5es\" \/>\n<meta name=\"twitter:card\" content=\"summary_large_image\" \/>\n<meta name=\"twitter:label1\" content=\"Escrito por\" \/>\n\t<meta name=\"twitter:data1\" content=\"Jorge Sim\u00f5es\" \/>\n\t<meta name=\"twitter:label2\" content=\"Tempo estimado de leitura\" \/>\n\t<meta name=\"twitter:data2\" content=\"2 minutos\" \/>\n<script type=\"application\/ld+json\" class=\"yoast-schema-graph\">{\"@context\":\"https:\\\/\\\/schema.org\",\"@graph\":[{\"@type\":\"Article\",\"@id\":\"https:\\\/\\\/talentos-objetivos.pt\\\/trialgp\\\/pt\\\/noticias\\\/trial-de-gouveia-revelado-na-guarda\\\/346\\\/#article\",\"isPartOf\":{\"@id\":\"https:\\\/\\\/talentos-objetivos.pt\\\/trialgp\\\/pt\\\/noticias\\\/trial-de-gouveia-revelado-na-guarda\\\/346\\\/\"},\"author\":{\"name\":\"Jorge Sim\u00f5es\",\"@id\":\"https:\\\/\\\/talentos-objetivos.pt\\\/trialgp\\\/#\\\/schema\\\/person\\\/063aae70b5a0bc9f670381b600e1a601\"},\"headline\":\"Trial de Gouveia revelado na Guarda\",\"datePublished\":\"2018-05-01T17:50:58+00:00\",\"dateModified\":\"2018-05-04T17:55:59+00:00\",\"mainEntityOfPage\":{\"@id\":\"https:\\\/\\\/talentos-objetivos.pt\\\/trialgp\\\/pt\\\/noticias\\\/trial-de-gouveia-revelado-na-guarda\\\/346\\\/\"},\"wordCount\":318,\"image\":{\"@id\":\"https:\\\/\\\/talentos-objetivos.pt\\\/trialgp\\\/pt\\\/noticias\\\/trial-de-gouveia-revelado-na-guarda\\\/346\\\/#primaryimage\"},\"thumbnailUrl\":\"https:\\\/\\\/talentos-objetivos.pt\\\/trialgp\\\/wp-content\\\/uploads\\\/sites\\\/5\\\/2018\\\/05\\\/2018_trialGp_PT_DSC_3196_R_r.jpg\",\"keywords\":[\"Trial GP\"],\"articleSection\":[\"Not\u00edcias\"],\"inLanguage\":\"pt-PT\"},{\"@type\":\"WebPage\",\"@id\":\"https:\\\/\\\/talentos-objetivos.pt\\\/trialgp\\\/pt\\\/noticias\\\/trial-de-gouveia-revelado-na-guarda\\\/346\\\/\",\"url\":\"https:\\\/\\\/talentos-objetivos.pt\\\/trialgp\\\/pt\\\/noticias\\\/trial-de-gouveia-revelado-na-guarda\\\/346\\\/\",\"name\":\"Trial de Gouveia revelado na Guarda - TRIALGP Portugal\",\"isPartOf\":{\"@id\":\"https:\\\/\\\/talentos-objetivos.pt\\\/trialgp\\\/#website\"},\"primaryImageOfPage\":{\"@id\":\"https:\\\/\\\/talentos-objetivos.pt\\\/trialgp\\\/pt\\\/noticias\\\/trial-de-gouveia-revelado-na-guarda\\\/346\\\/#primaryimage\"},\"image\":{\"@id\":\"https:\\\/\\\/talentos-objetivos.pt\\\/trialgp\\\/pt\\\/noticias\\\/trial-de-gouveia-revelado-na-guarda\\\/346\\\/#primaryimage\"},\"thumbnailUrl\":\"https:\\\/\\\/talentos-objetivos.pt\\\/trialgp\\\/wp-content\\\/uploads\\\/sites\\\/5\\\/2018\\\/05\\\/2018_trialGp_PT_DSC_3196_R_r.jpg\",\"datePublished\":\"2018-05-01T17:50:58+00:00\",\"dateModified\":\"2018-05-04T17:55:59+00:00\",\"author\":{\"@id\":\"https:\\\/\\\/talentos-objetivos.pt\\\/trialgp\\\/#\\\/schema\\\/person\\\/063aae70b5a0bc9f670381b600e1a601\"},\"breadcrumb\":{\"@id\":\"https:\\\/\\\/talentos-objetivos.pt\\\/trialgp\\\/pt\\\/noticias\\\/trial-de-gouveia-revelado-na-guarda\\\/346\\\/#breadcrumb\"},\"inLanguage\":\"pt-PT\",\"potentialAction\":[{\"@type\":\"ReadAction\",\"target\":[\"https:\\\/\\\/talentos-objetivos.pt\\\/trialgp\\\/pt\\\/noticias\\\/trial-de-gouveia-revelado-na-guarda\\\/346\\\/\"]}]},{\"@type\":\"ImageObject\",\"inLanguage\":\"pt-PT\",\"@id\":\"https:\\\/\\\/talentos-objetivos.pt\\\/trialgp\\\/pt\\\/noticias\\\/trial-de-gouveia-revelado-na-guarda\\\/346\\\/#primaryimage\",\"url\":\"https:\\\/\\\/talentos-objetivos.pt\\\/trialgp\\\/wp-content\\\/uploads\\\/sites\\\/5\\\/2018\\\/05\\\/2018_trialGp_PT_DSC_3196_R_r.jpg\",\"contentUrl\":\"https:\\\/\\\/talentos-objetivos.pt\\\/trialgp\\\/wp-content\\\/uploads\\\/sites\\\/5\\\/2018\\\/05\\\/2018_trialGp_PT_DSC_3196_R_r.jpg\",\"width\":1200,\"height\":803},{\"@type\":\"BreadcrumbList\",\"@id\":\"https:\\\/\\\/talentos-objetivos.pt\\\/trialgp\\\/pt\\\/noticias\\\/trial-de-gouveia-revelado-na-guarda\\\/346\\\/#breadcrumb\",\"itemListElement\":[{\"@type\":\"ListItem\",\"position\":1,\"name\":\"In\u00edcio\",\"item\":\"https:\\\/\\\/talentos-objetivos.pt\\\/trialgp\\\/\"},{\"@type\":\"ListItem\",\"position\":2,\"name\":\"Trial de Gouveia revelado na Guarda\"}]},{\"@type\":\"WebSite\",\"@id\":\"https:\\\/\\\/talentos-objetivos.pt\\\/trialgp\\\/#website\",\"url\":\"https:\\\/\\\/talentos-objetivos.pt\\\/trialgp\\\/\",\"name\":\"TRIALGP Portugal\",\"description\":\"TrialGp - Gouveia 2023\",\"potentialAction\":[{\"@type\":\"SearchAction\",\"target\":{\"@type\":\"EntryPoint\",\"urlTemplate\":\"https:\\\/\\\/talentos-objetivos.pt\\\/trialgp\\\/?s={search_term_string}\"},\"query-input\":{\"@type\":\"PropertyValueSpecification\",\"valueRequired\":true,\"valueName\":\"search_term_string\"}}],\"inLanguage\":\"pt-PT\"},{\"@type\":\"Person\",\"@id\":\"https:\\\/\\\/talentos-objetivos.pt\\\/trialgp\\\/#\\\/schema\\\/person\\\/063aae70b5a0bc9f670381b600e1a601\",\"name\":\"Jorge Sim\u00f5es\",\"image\":{\"@type\":\"ImageObject\",\"inLanguage\":\"pt-PT\",\"@id\":\"https:\\\/\\\/secure.gravatar.com\\\/avatar\\\/1b618a4dfef3cb5350c16e6129cedea84a3078e82dd755e8847366ad7960584d?s=96&d=mm&r=g\",\"url\":\"https:\\\/\\\/secure.gravatar.com\\\/avatar\\\/1b618a4dfef3cb5350c16e6129cedea84a3078e82dd755e8847366ad7960584d?s=96&d=mm&r=g\",\"contentUrl\":\"https:\\\/\\\/secure.gravatar.com\\\/avatar\\\/1b618a4dfef3cb5350c16e6129cedea84a3078e82dd755e8847366ad7960584d?s=96&d=mm&r=g\",\"caption\":\"Jorge Sim\u00f5es\"},\"sameAs\":[\"http:\\\/\\\/www.talentos-objetivos.pt\"],\"url\":\"https:\\\/\\\/talentos-objetivos.pt\\\/trialgp\\\/author\\\/jorge-simoes\\\/\"}]}<\/script>\n<!-- \/ Yoast SEO plugin. -->","yoast_head_json":{"title":"Trial de Gouveia revelado na Guarda - TRIALGP Portugal","robots":{"index":"index","follow":"follow","max-snippet":"max-snippet:-1","max-image-preview":"max-image-preview:large","max-video-preview":"max-video-preview:-1"},"canonical":"https:\/\/talentos-objetivos.pt\/trialgp\/pt\/noticias\/trial-de-gouveia-revelado-na-guarda\/346\/","og_locale":"pt_PT","og_type":"article","og_title":"Trial de Gouveia revelado na Guarda - TRIALGP Portugal","og_description":"Agendada para os pr\u00f3ximos dias 23 e 24 de Junho em Gouveia, a ronda portuguesa do TrialGP foi apresentada a todos os visitantes da FIT &#8211; Feira Ib\u00e9rica de Turismo que encerrou hoje na cidade da Guarda. Jorge Sim\u00f5es, o respons\u00e1vel pelo Clube Talentos Objectivos &#8211; Clube de Enduro e&hellip;","og_url":"https:\/\/talentos-objetivos.pt\/trialgp\/pt\/noticias\/trial-de-gouveia-revelado-na-guarda\/346\/","og_site_name":"TRIALGP Portugal","article_published_time":"2018-05-01T17:50:58+00:00","article_modified_time":"2018-05-04T17:55:59+00:00","og_image":[{"width":1200,"height":803,"url":"https:\/\/talentos-objetivos.pt\/trialgp\/wp-content\/uploads\/sites\/5\/2018\/05\/2018_trialGp_PT_DSC_3196_R_r.jpg","type":"image\/jpeg"}],"author":"Jorge Sim\u00f5es","twitter_card":"summary_large_image","twitter_misc":{"Escrito por":"Jorge Sim\u00f5es","Tempo estimado de leitura":"2 minutos"},"schema":{"@context":"https:\/\/schema.org","@graph":[{"@type":"Article","@id":"https:\/\/talentos-objetivos.pt\/trialgp\/pt\/noticias\/trial-de-gouveia-revelado-na-guarda\/346\/#article","isPartOf":{"@id":"https:\/\/talentos-objetivos.pt\/trialgp\/pt\/noticias\/trial-de-gouveia-revelado-na-guarda\/346\/"},"author":{"name":"Jorge Sim\u00f5es","@id":"https:\/\/talentos-objetivos.pt\/trialgp\/#\/schema\/person\/063aae70b5a0bc9f670381b600e1a601"},"headline":"Trial de Gouveia revelado na Guarda","datePublished":"2018-05-01T17:50:58+00:00","dateModified":"2018-05-04T17:55:59+00:00","mainEntityOfPage":{"@id":"https:\/\/talentos-objetivos.pt\/trialgp\/pt\/noticias\/trial-de-gouveia-revelado-na-guarda\/346\/"},"wordCount":318,"image":{"@id":"https:\/\/talentos-objetivos.pt\/trialgp\/pt\/noticias\/trial-de-gouveia-revelado-na-guarda\/346\/#primaryimage"},"thumbnailUrl":"https:\/\/talentos-objetivos.pt\/trialgp\/wp-content\/uploads\/sites\/5\/2018\/05\/2018_trialGp_PT_DSC_3196_R_r.jpg","keywords":["Trial GP"],"articleSection":["Not\u00edcias"],"inLanguage":"pt-PT"},{"@type":"WebPage","@id":"https:\/\/talentos-objetivos.pt\/trialgp\/pt\/noticias\/trial-de-gouveia-revelado-na-guarda\/346\/","url":"https:\/\/talentos-objetivos.pt\/trialgp\/pt\/noticias\/trial-de-gouveia-revelado-na-guarda\/346\/","name":"Trial de Gouveia revelado na Guarda - TRIALGP Portugal","isPartOf":{"@id":"https:\/\/talentos-objetivos.pt\/trialgp\/#website"},"primaryImageOfPage":{"@id":"https:\/\/talentos-objetivos.pt\/trialgp\/pt\/noticias\/trial-de-gouveia-revelado-na-guarda\/346\/#primaryimage"},"image":{"@id":"https:\/\/talentos-objetivos.pt\/trialgp\/pt\/noticias\/trial-de-gouveia-revelado-na-guarda\/346\/#primaryimage"},"thumbnailUrl":"https:\/\/talentos-objetivos.pt\/trialgp\/wp-content\/uploads\/sites\/5\/2018\/05\/2018_trialGp_PT_DSC_3196_R_r.jpg","datePublished":"2018-05-01T17:50:58+00:00","dateModified":"2018-05-04T17:55:59+00:00","author":{"@id":"https:\/\/talentos-objetivos.pt\/trialgp\/#\/schema\/person\/063aae70b5a0bc9f670381b600e1a601"},"breadcrumb":{"@id":"https:\/\/talentos-objetivos.pt\/trialgp\/pt\/noticias\/trial-de-gouveia-revelado-na-guarda\/346\/#breadcrumb"},"inLanguage":"pt-PT","potentialAction":[{"@type":"ReadAction","target":["https:\/\/talentos-objetivos.pt\/trialgp\/pt\/noticias\/trial-de-gouveia-revelado-na-guarda\/346\/"]}]},{"@type":"ImageObject","inLanguage":"pt-PT","@id":"https:\/\/talentos-objetivos.pt\/trialgp\/pt\/noticias\/trial-de-gouveia-revelado-na-guarda\/346\/#primaryimage","url":"https:\/\/talentos-objetivos.pt\/trialgp\/wp-content\/uploads\/sites\/5\/2018\/05\/2018_trialGp_PT_DSC_3196_R_r.jpg","contentUrl":"https:\/\/talentos-objetivos.pt\/trialgp\/wp-content\/uploads\/sites\/5\/2018\/05\/2018_trialGp_PT_DSC_3196_R_r.jpg","width":1200,"height":803},{"@type":"BreadcrumbList","@id":"https:\/\/talentos-objetivos.pt\/trialgp\/pt\/noticias\/trial-de-gouveia-revelado-na-guarda\/346\/#breadcrumb","itemListElement":[{"@type":"ListItem","position":1,"name":"In\u00edcio","item":"https:\/\/talentos-objetivos.pt\/trialgp\/"},{"@type":"ListItem","position":2,"name":"Trial de Gouveia revelado na Guarda"}]},{"@type":"WebSite","@id":"https:\/\/talentos-objetivos.pt\/trialgp\/#website","url":"https:\/\/talentos-objetivos.pt\/trialgp\/","name":"TRIALGP Portugal","description":"TrialGp - Gouveia 2023","potentialAction":[{"@type":"SearchAction","target":{"@type":"EntryPoint","urlTemplate":"https:\/\/talentos-objetivos.pt\/trialgp\/?s={search_term_string}"},"query-input":{"@type":"PropertyValueSpecification","valueRequired":true,"valueName":"search_term_string"}}],"inLanguage":"pt-PT"},{"@type":"Person","@id":"https:\/\/talentos-objetivos.pt\/trialgp\/#\/schema\/person\/063aae70b5a0bc9f670381b600e1a601","name":"Jorge Sim\u00f5es","image":{"@type":"ImageObject","inLanguage":"pt-PT","@id":"https:\/\/secure.gravatar.com\/avatar\/1b618a4dfef3cb5350c16e6129cedea84a3078e82dd755e8847366ad7960584d?s=96&d=mm&r=g","url":"https:\/\/secure.gravatar.com\/avatar\/1b618a4dfef3cb5350c16e6129cedea84a3078e82dd755e8847366ad7960584d?s=96&d=mm&r=g","contentUrl":"https:\/\/secure.gravatar.com\/avatar\/1b618a4dfef3cb5350c16e6129cedea84a3078e82dd755e8847366ad7960584d?s=96&d=mm&r=g","caption":"Jorge Sim\u00f5es"},"sameAs":["http:\/\/www.talentos-objetivos.pt"],"url":"https:\/\/talentos-objetivos.pt\/trialgp\/author\/jorge-simoes\/"}]}},"_links":{"self":[{"href":"https:\/\/talentos-objetivos.pt\/trialgp\/wp-json\/wp\/v2\/posts\/346","targetHints":{"allow":["GET"]}}],"collection":[{"href":"https:\/\/talentos-objetivos.pt\/trialgp\/wp-json\/wp\/v2\/posts"}],"about":[{"href":"https:\/\/talentos-objetivos.pt\/trialgp\/wp-json\/wp\/v2\/types\/post"}],"author":[{"embeddable":true,"href":"https:\/\/talentos-objetivos.pt\/trialgp\/wp-json\/wp\/v2\/users\/2"}],"replies":[{"embeddable":true,"href":"https:\/\/talentos-objetivos.pt\/trialgp\/wp-json\/wp\/v2\/comments?post=346"}],"version-history":[{"count":0,"href":"https:\/\/talentos-objetivos.pt\/trialgp\/wp-json\/wp\/v2\/posts\/346\/revisions"}],"wp:featuredmedia":[{"embeddable":true,"href":"https:\/\/talentos-objetivos.pt\/trialgp\/wp-json\/wp\/v2\/media\/347"}],"wp:attachment":[{"href":"https:\/\/talentos-objetivos.pt\/trialgp\/wp-json\/wp\/v2\/media?parent=346"}],"wp:term":[{"taxonomy":"category","embeddable":true,"href":"https:\/\/talentos-objetivos.pt\/trialgp\/wp-json\/wp\/v2\/categories?post=346"},{"taxonomy":"post_tag","embeddable":true,"href":"https:\/\/talentos-objetivos.pt\/trialgp\/wp-json\/wp\/v2\/tags?post=346"}],"curies":[{"name":"wp","href":"https:\/\/api.w.org\/{rel}","templated":true}]}}