{"id":479,"date":"2021-09-01T10:09:20","date_gmt":"2021-09-01T10:09:20","guid":{"rendered":"http:\/\/talentos-objetivos.pt\/trialgp\/?p=479"},"modified":"2021-09-01T13:56:31","modified_gmt":"2021-09-01T13:56:31","slug":"gouveia-sera-a-capital-mundial-do-trial","status":"publish","type":"post","link":"https:\/\/talentos-objetivos.pt\/trialgp\/pt\/gouveia-sera-a-capital-mundial-do-trial\/479\/","title":{"rendered":"GOUVEIA SER\u00c1 A CAPITAL MUNDIAL DO TRIAL"},"content":{"rendered":"\n<figure class=\"wp-block-table alignleft is-style-stripes\"><table><tbody><tr><td><strong>\u00bb Os melhores pilotos do mundo de Trial est\u00e3o de regresso a Portugal e \u00e0s emblem\u00e1ticas paisagens de&nbsp;Gouveia, palco privilegiado para o FIM Trial das Na\u00e7\u00f5es, a disputar entre 17 e 19 de setembro.<br><br>\u00bb Prova portuguesa tamb\u00e9m marca o encerramento do Campeonato do Mundo FIM de Trial (TrialGP) e ser\u00e1 pontu\u00e1vel para seis competi\u00e7\u00f5es internacionais.<br><br>\u00bb Percurso delineado no centro de&nbsp;Gouveia&nbsp;promete espet\u00e1culo e belas imagens.<\/strong><\/td><\/tr><tr><td><\/td><\/tr><tr><td><br><span class=\"has-inline-color has-very-dark-gray-color\">A regi\u00e3o da Serra da Estrela e a bel\u00edssima cidade de&nbsp;Gouveia&nbsp;voltam a receber a elite mundial do Trial, desta vez para um fim de semana em cheio e que contar\u00e1 com uma das mais hist\u00f3ricas competi\u00e7\u00f5es de sele\u00e7\u00f5es da Federa\u00e7\u00e3o Internacional de Motociclismo, o FIM Trial das Na\u00e7\u00f5es. Disputada oficialmente desde 1985, esta competi\u00e7\u00e3o ser\u00e1 realizada apenas pela segunda vez em Portugal e em estreia absoluta em&nbsp;Gouveia, cidade que j\u00e1 se tornou uma etapa emblem\u00e1tica do Campeonato do Mundo de Trial (TrialGP), que voltar\u00e1 a receber este ano, desta vez em paralelo com o Trial das Na\u00e7\u00f5es, em sequ\u00eancia da recente anula\u00e7\u00e3o da ronda brit\u00e2nica do Mundial.<br><br>Gouveia&nbsp;deveria ter albergado o Trial das Na\u00e7\u00f5es no ano passado, mas a edi\u00e7\u00e3o foi adiada para 2021 devido \u00e0s conting\u00eancias da pandemia mundial. Agora, a organiza\u00e7\u00e3o a cargo do clube Talentos Objetivos e do Munic\u00edpio de&nbsp;Gouveia, com a colabora\u00e7\u00e3o do Pe\u00f1a Moteros Val Mi\u00f1or, tamb\u00e9m ter\u00e1 a responsabilidade de organizar a derradeira ronda dos Mundiais de TrialGP e Trial 2, num total de seis competi\u00e7\u00f5es distintas no mesmo fim de semana: Trial das Na\u00e7\u00f5es masculino e feminino, TrialGP, Trial 2, TrialGP Women e Trial 2 Women. Para isso, a organiza\u00e7\u00e3o delineou uma prova totalmente disputada no centro da cidade de&nbsp;Gouveia, aproveitando um anfiteatro natural com condi\u00e7\u00f5es \u00fanicas para a modalidade, al\u00e9m de garantir rigorosas medidas de seguran\u00e7a sanit\u00e1ria.<br><br><img decoding=\"async\" width=\"600\" alt=\"\" src=\"https:\/\/ci5.googleusercontent.com\/proxy\/lS0W00VuO6OGnR3pnGj15ax7QUjkkfzIH8Wlo02UohqBNfYoMsdSO9wtFV0FCNGYJbGw1NIGDU1q2ZHVM7SmsHPPpYaEfVE-keptF202nB0C52vTU0pRIRG8Oc2Uz8eXeOFHOXGHN_dO3XQLwCbto1nzK86hNuyUUeCH9w=s0-d-e1-ft#https:\/\/mcusercontent.com\/e0bfd6b8c1edbacbd155229e4\/_compresseds\/2a616451-9727-024e-cb13-2bb073cab3eb.jpg\"><br><br><strong>PERCURSO DE N\u00cdVEL MUNDIAL<\/strong><br><br>Com o paddock instalado no espa\u00e7o da Central de Camionagem, os concorrentes ter\u00e3o pela frente um percurso com 5,8 quil\u00f3metros de extens\u00e3o e que come\u00e7a no Parque da Ribeira, uma zona exemplarmente requalificada pela autarquia de&nbsp;Gouveia&nbsp;e que nas recentes edi\u00e7\u00f5es do Mundial de Trial proporcionou imagens de grande espetacularidade para o p\u00fablico, com obst\u00e1culos de elevado grau de dificuldade ao longo do curso de \u00e1gua. Depois do Parque da Ribeira, os pilotos seguem para a zona da antiga oficina dos Correias, onde encontrar\u00e3o um tipo de piso diferenciado, seguindo-se a Mata&nbsp;da Cerca e o regresso \u00e0 Central de Camionagem.<br>&nbsp;<br>Um percurso exigente e diversificado, que inclui um total de 15 zonas para as sele\u00e7\u00f5es do FIM Trial das Na\u00e7\u00f5es (masculino e feminino), e 12 zonas para os concorrentes do TrialGP, Trial 2, TrialGP Women e Trial 2 Women. Cada prova incluir\u00e1 duas voltas ao percurso. O dia de sexta-feira, 17 de setembro, estar\u00e1 reservado \u00e0s verifica\u00e7\u00f5es t\u00e9cnicas e administrativas e \u00e0s primeiras sess\u00f5es de treinos. No s\u00e1bado, disputam-se as provas das categorias do Campeonato do Mundo FIM de Trial. Por sua vez, o dia de domingo ser\u00e1 totalmente dedicado ao FIM Trial das Na\u00e7\u00f5es, onde as maiores pot\u00eancias do Trial v\u00e3o discutir os t\u00edtulos mundiais de sele\u00e7\u00f5es masculinas e femininas, com cerca de duas dezenas de pa\u00edses representados. Entre eles, claro, as sele\u00e7\u00f5es de Portugal, que v\u00e3o tentar aproveitar o \u2018fator casa\u2019 em&nbsp;Gouveia. Em perspetiva, um fim de semana em cheio para os adeptos do motociclismo e n\u00e3o s\u00f3.<br><br><strong>EM DIRETO:<\/strong>&nbsp;<br><br><strong>Manuel Marinheiro (Presidente da Federa\u00e7\u00e3o de Motociclismo de Portugal):<\/strong><br><br><em>\u201cPara a FMP \u00e9 uma honra continuarmos a receber grandes eventos de motociclismo em Portugal. \u00c9 algo que mostra o prest\u00edgio internacional e a qualidade das nossas organiza\u00e7\u00f5es, em diferentes modalidades. O Trial das Na\u00e7\u00f5es ser\u00e1 certamente mais um grande espet\u00e1culo em&nbsp;Gouveia, pois teremos c\u00e1 os melhores pilotos do mundo da especialidade, masculinos e femininos. Espero que a sele\u00e7\u00e3o portuguesa possa competir lado a lado com as estrelas do Trial e voltar a representar o pa\u00eds da melhor forma.\u201d<\/em><br>&nbsp;<br><strong>Jorge Sim\u00f5es (Presidente Talentos Objetivos):<\/strong><br><br><em>\u201cA parceria do Talentos Objetivos com o Munic\u00edpio de&nbsp;Gouveia&nbsp;continua a dar frutos ano ap\u00f3s ano e a trazer grandes eventos a esta bel\u00edssima regi\u00e3o, que eu considero que tem condi\u00e7\u00f5es excecionais para o Trial e para o Enduro. O Trial das Na\u00e7\u00f5es \u00e9 mais um desafio enorme, pela log\u00edstica envolvida nesta conjuntura, mas a ades\u00e3o dos pilotos e dos diferentes pa\u00edses foi not\u00e1vel, pois todos querem competir em&nbsp;Gouveia. Com anula\u00e7\u00e3o da ronda do TrialGP na Gr\u00e3-Bretanha, fomos abordados para receber a \u00faltima prova dos Mundiais de TrialGP&nbsp; e Trial 2 e decidimos aceitar o desafio, tal como j\u00e1 tinha acontecido com as provas de TrialGP Women e Trial 2 Women. \u00c9 uma grande responsabilidade, mas temos uma equipa motivada e experiente, da qual fazem parte os nossos amigos do Pe\u00f1a Moteros Val Mi\u00f1or. O nosso lema para este ano \u00e9 \u201cPrimeiro as Pessoas\u201d, a prop\u00f3sito dos obst\u00e1culos que todos super\u00e1mos com a pandemia. Juntos, tudo faremos para voltar a mostrar ao mundo o espet\u00e1culo do Trial em&nbsp;Gouveia.\u201d<\/em><\/span><\/td><\/tr><\/tbody><\/table><\/figure>\n","protected":false},"excerpt":{"rendered":"<p>\u00bb Os melhores pilotos do mundo de Trial est\u00e3o de regresso a Portugal e \u00e0s emblem\u00e1ticas paisagens de&nbsp;Gouveia, palco privilegiado para o FIM Trial das Na\u00e7\u00f5es, a disputar entre 17 e 19 de setembro. \u00bb Prova portuguesa tamb\u00e9m marca o encerramento do Campeonato do Mundo FIM de Trial (TrialGP) e&hellip; <\/p>\n","protected":false},"author":6,"featured_media":480,"comment_status":"closed","ping_status":"open","sticky":false,"template":"","format":"standard","meta":{"footnotes":""},"categories":[11,4],"tags":[22,23,16],"class_list":["post-479","post","type-post","status-publish","format-standard","has-post-thumbnail","hentry","category-noticias","category-pt","tag-gouveia","tag-tdn","tag-trial-gp"],"yoast_head":"<!-- This site is optimized with the Yoast SEO plugin v27.5 - https:\/\/yoast.com\/product\/yoast-seo-wordpress\/ -->\n<title>GOUVEIA SER\u00c1 A CAPITAL MUNDIAL DO TRIAL - TRIALGP Portugal<\/title>\n<meta name=\"robots\" content=\"index, follow, max-snippet:-1, max-image-preview:large, max-video-preview:-1\" \/>\n<link rel=\"canonical\" href=\"https:\/\/talentos-objetivos.pt\/trialgp\/pt\/gouveia-sera-a-capital-mundial-do-trial\/479\/\" \/>\n<meta property=\"og:locale\" content=\"pt_PT\" \/>\n<meta property=\"og:type\" content=\"article\" \/>\n<meta property=\"og:title\" content=\"GOUVEIA SER\u00c1 A CAPITAL MUNDIAL DO TRIAL - TRIALGP Portugal\" \/>\n<meta property=\"og:description\" content=\"\u00bb Os melhores pilotos do mundo de Trial est\u00e3o de regresso a Portugal e \u00e0s emblem\u00e1ticas paisagens de&nbsp;Gouveia, palco privilegiado para o FIM Trial das Na\u00e7\u00f5es, a disputar entre 17 e 19 de setembro. \u00bb Prova portuguesa tamb\u00e9m marca o encerramento do Campeonato do Mundo FIM de Trial (TrialGP) e&hellip;\" \/>\n<meta property=\"og:url\" content=\"https:\/\/talentos-objetivos.pt\/trialgp\/pt\/gouveia-sera-a-capital-mundial-do-trial\/479\/\" \/>\n<meta property=\"og:site_name\" content=\"TRIALGP Portugal\" \/>\n<meta property=\"article:published_time\" content=\"2021-09-01T10:09:20+00:00\" \/>\n<meta property=\"article:modified_time\" content=\"2021-09-01T13:56:31+00:00\" \/>\n<meta property=\"og:image\" content=\"https:\/\/talentos-objetivos.pt\/trialgp\/wp-content\/uploads\/sites\/5\/2021\/09\/Cartaz-TDN-2021.jpeg\" \/>\n\t<meta property=\"og:image:width\" content=\"1417\" \/>\n\t<meta property=\"og:image:height\" content=\"1063\" \/>\n\t<meta property=\"og:image:type\" content=\"image\/jpeg\" \/>\n<meta name=\"twitter:card\" content=\"summary_large_image\" \/>\n<meta name=\"twitter:label1\" content=\"Escrito por\" \/>\n\t<meta name=\"twitter:data1\" content=\"\" \/>\n\t<meta name=\"twitter:label2\" content=\"Tempo estimado de leitura\" \/>\n\t<meta name=\"twitter:data2\" content=\"5 minutos\" \/>\n<script type=\"application\/ld+json\" class=\"yoast-schema-graph\">{\"@context\":\"https:\\\/\\\/schema.org\",\"@graph\":[{\"@type\":\"Article\",\"@id\":\"https:\\\/\\\/talentos-objetivos.pt\\\/trialgp\\\/pt\\\/gouveia-sera-a-capital-mundial-do-trial\\\/479\\\/#article\",\"isPartOf\":{\"@id\":\"https:\\\/\\\/talentos-objetivos.pt\\\/trialgp\\\/pt\\\/gouveia-sera-a-capital-mundial-do-trial\\\/479\\\/\"},\"author\":{\"name\":\"\",\"@id\":\"\"},\"headline\":\"GOUVEIA SER\u00c1 A CAPITAL MUNDIAL DO TRIAL\",\"datePublished\":\"2021-09-01T10:09:20+00:00\",\"dateModified\":\"2021-09-01T13:56:31+00:00\",\"mainEntityOfPage\":{\"@id\":\"https:\\\/\\\/talentos-objetivos.pt\\\/trialgp\\\/pt\\\/gouveia-sera-a-capital-mundial-do-trial\\\/479\\\/\"},\"wordCount\":916,\"image\":{\"@id\":\"https:\\\/\\\/talentos-objetivos.pt\\\/trialgp\\\/pt\\\/gouveia-sera-a-capital-mundial-do-trial\\\/479\\\/#primaryimage\"},\"thumbnailUrl\":\"https:\\\/\\\/talentos-objetivos.pt\\\/trialgp\\\/wp-content\\\/uploads\\\/sites\\\/5\\\/2021\\\/09\\\/Cartaz-TDN-2021.jpeg\",\"keywords\":[\"Gouveia\",\"TDN\",\"Trial GP\"],\"articleSection\":[\"Not\u00edcias\",\"PT\"],\"inLanguage\":\"pt-PT\"},{\"@type\":\"WebPage\",\"@id\":\"https:\\\/\\\/talentos-objetivos.pt\\\/trialgp\\\/pt\\\/gouveia-sera-a-capital-mundial-do-trial\\\/479\\\/\",\"url\":\"https:\\\/\\\/talentos-objetivos.pt\\\/trialgp\\\/pt\\\/gouveia-sera-a-capital-mundial-do-trial\\\/479\\\/\",\"name\":\"GOUVEIA SER\u00c1 A CAPITAL MUNDIAL DO TRIAL - TRIALGP Portugal\",\"isPartOf\":{\"@id\":\"https:\\\/\\\/talentos-objetivos.pt\\\/trialgp\\\/#website\"},\"primaryImageOfPage\":{\"@id\":\"https:\\\/\\\/talentos-objetivos.pt\\\/trialgp\\\/pt\\\/gouveia-sera-a-capital-mundial-do-trial\\\/479\\\/#primaryimage\"},\"image\":{\"@id\":\"https:\\\/\\\/talentos-objetivos.pt\\\/trialgp\\\/pt\\\/gouveia-sera-a-capital-mundial-do-trial\\\/479\\\/#primaryimage\"},\"thumbnailUrl\":\"https:\\\/\\\/talentos-objetivos.pt\\\/trialgp\\\/wp-content\\\/uploads\\\/sites\\\/5\\\/2021\\\/09\\\/Cartaz-TDN-2021.jpeg\",\"datePublished\":\"2021-09-01T10:09:20+00:00\",\"dateModified\":\"2021-09-01T13:56:31+00:00\",\"author\":{\"@id\":\"\"},\"breadcrumb\":{\"@id\":\"https:\\\/\\\/talentos-objetivos.pt\\\/trialgp\\\/pt\\\/gouveia-sera-a-capital-mundial-do-trial\\\/479\\\/#breadcrumb\"},\"inLanguage\":\"pt-PT\",\"potentialAction\":[{\"@type\":\"ReadAction\",\"target\":[\"https:\\\/\\\/talentos-objetivos.pt\\\/trialgp\\\/pt\\\/gouveia-sera-a-capital-mundial-do-trial\\\/479\\\/\"]}]},{\"@type\":\"ImageObject\",\"inLanguage\":\"pt-PT\",\"@id\":\"https:\\\/\\\/talentos-objetivos.pt\\\/trialgp\\\/pt\\\/gouveia-sera-a-capital-mundial-do-trial\\\/479\\\/#primaryimage\",\"url\":\"https:\\\/\\\/talentos-objetivos.pt\\\/trialgp\\\/wp-content\\\/uploads\\\/sites\\\/5\\\/2021\\\/09\\\/Cartaz-TDN-2021.jpeg\",\"contentUrl\":\"https:\\\/\\\/talentos-objetivos.pt\\\/trialgp\\\/wp-content\\\/uploads\\\/sites\\\/5\\\/2021\\\/09\\\/Cartaz-TDN-2021.jpeg\",\"width\":1417,\"height\":1063},{\"@type\":\"BreadcrumbList\",\"@id\":\"https:\\\/\\\/talentos-objetivos.pt\\\/trialgp\\\/pt\\\/gouveia-sera-a-capital-mundial-do-trial\\\/479\\\/#breadcrumb\",\"itemListElement\":[{\"@type\":\"ListItem\",\"position\":1,\"name\":\"In\u00edcio\",\"item\":\"https:\\\/\\\/talentos-objetivos.pt\\\/trialgp\\\/\"},{\"@type\":\"ListItem\",\"position\":2,\"name\":\"GOUVEIA SER\u00c1 A CAPITAL MUNDIAL DO TRIAL\"}]},{\"@type\":\"WebSite\",\"@id\":\"https:\\\/\\\/talentos-objetivos.pt\\\/trialgp\\\/#website\",\"url\":\"https:\\\/\\\/talentos-objetivos.pt\\\/trialgp\\\/\",\"name\":\"TRIALGP Portugal\",\"description\":\"TrialGp - Gouveia 2023\",\"potentialAction\":[{\"@type\":\"SearchAction\",\"target\":{\"@type\":\"EntryPoint\",\"urlTemplate\":\"https:\\\/\\\/talentos-objetivos.pt\\\/trialgp\\\/?s={search_term_string}\"},\"query-input\":{\"@type\":\"PropertyValueSpecification\",\"valueRequired\":true,\"valueName\":\"search_term_string\"}}],\"inLanguage\":\"pt-PT\"},{\"@type\":\"Person\",\"@id\":\"\",\"url\":\"https:\\\/\\\/talentos-objetivos.pt\\\/trialgp\\\/author\\\/\"}]}<\/script>\n<!-- \/ Yoast SEO plugin. -->","yoast_head_json":{"title":"GOUVEIA SER\u00c1 A CAPITAL MUNDIAL DO TRIAL - TRIALGP Portugal","robots":{"index":"index","follow":"follow","max-snippet":"max-snippet:-1","max-image-preview":"max-image-preview:large","max-video-preview":"max-video-preview:-1"},"canonical":"https:\/\/talentos-objetivos.pt\/trialgp\/pt\/gouveia-sera-a-capital-mundial-do-trial\/479\/","og_locale":"pt_PT","og_type":"article","og_title":"GOUVEIA SER\u00c1 A CAPITAL MUNDIAL DO TRIAL - TRIALGP Portugal","og_description":"\u00bb Os melhores pilotos do mundo de Trial est\u00e3o de regresso a Portugal e \u00e0s emblem\u00e1ticas paisagens de&nbsp;Gouveia, palco privilegiado para o FIM Trial das Na\u00e7\u00f5es, a disputar entre 17 e 19 de setembro. \u00bb Prova portuguesa tamb\u00e9m marca o encerramento do Campeonato do Mundo FIM de Trial (TrialGP) e&hellip;","og_url":"https:\/\/talentos-objetivos.pt\/trialgp\/pt\/gouveia-sera-a-capital-mundial-do-trial\/479\/","og_site_name":"TRIALGP Portugal","article_published_time":"2021-09-01T10:09:20+00:00","article_modified_time":"2021-09-01T13:56:31+00:00","og_image":[{"width":1417,"height":1063,"url":"https:\/\/talentos-objetivos.pt\/trialgp\/wp-content\/uploads\/sites\/5\/2021\/09\/Cartaz-TDN-2021.jpeg","type":"image\/jpeg"}],"twitter_card":"summary_large_image","twitter_misc":{"Escrito por":"","Tempo estimado de leitura":"5 minutos"},"schema":{"@context":"https:\/\/schema.org","@graph":[{"@type":"Article","@id":"https:\/\/talentos-objetivos.pt\/trialgp\/pt\/gouveia-sera-a-capital-mundial-do-trial\/479\/#article","isPartOf":{"@id":"https:\/\/talentos-objetivos.pt\/trialgp\/pt\/gouveia-sera-a-capital-mundial-do-trial\/479\/"},"author":{"name":"","@id":""},"headline":"GOUVEIA SER\u00c1 A CAPITAL MUNDIAL DO TRIAL","datePublished":"2021-09-01T10:09:20+00:00","dateModified":"2021-09-01T13:56:31+00:00","mainEntityOfPage":{"@id":"https:\/\/talentos-objetivos.pt\/trialgp\/pt\/gouveia-sera-a-capital-mundial-do-trial\/479\/"},"wordCount":916,"image":{"@id":"https:\/\/talentos-objetivos.pt\/trialgp\/pt\/gouveia-sera-a-capital-mundial-do-trial\/479\/#primaryimage"},"thumbnailUrl":"https:\/\/talentos-objetivos.pt\/trialgp\/wp-content\/uploads\/sites\/5\/2021\/09\/Cartaz-TDN-2021.jpeg","keywords":["Gouveia","TDN","Trial GP"],"articleSection":["Not\u00edcias","PT"],"inLanguage":"pt-PT"},{"@type":"WebPage","@id":"https:\/\/talentos-objetivos.pt\/trialgp\/pt\/gouveia-sera-a-capital-mundial-do-trial\/479\/","url":"https:\/\/talentos-objetivos.pt\/trialgp\/pt\/gouveia-sera-a-capital-mundial-do-trial\/479\/","name":"GOUVEIA SER\u00c1 A CAPITAL MUNDIAL DO TRIAL - TRIALGP Portugal","isPartOf":{"@id":"https:\/\/talentos-objetivos.pt\/trialgp\/#website"},"primaryImageOfPage":{"@id":"https:\/\/talentos-objetivos.pt\/trialgp\/pt\/gouveia-sera-a-capital-mundial-do-trial\/479\/#primaryimage"},"image":{"@id":"https:\/\/talentos-objetivos.pt\/trialgp\/pt\/gouveia-sera-a-capital-mundial-do-trial\/479\/#primaryimage"},"thumbnailUrl":"https:\/\/talentos-objetivos.pt\/trialgp\/wp-content\/uploads\/sites\/5\/2021\/09\/Cartaz-TDN-2021.jpeg","datePublished":"2021-09-01T10:09:20+00:00","dateModified":"2021-09-01T13:56:31+00:00","author":{"@id":""},"breadcrumb":{"@id":"https:\/\/talentos-objetivos.pt\/trialgp\/pt\/gouveia-sera-a-capital-mundial-do-trial\/479\/#breadcrumb"},"inLanguage":"pt-PT","potentialAction":[{"@type":"ReadAction","target":["https:\/\/talentos-objetivos.pt\/trialgp\/pt\/gouveia-sera-a-capital-mundial-do-trial\/479\/"]}]},{"@type":"ImageObject","inLanguage":"pt-PT","@id":"https:\/\/talentos-objetivos.pt\/trialgp\/pt\/gouveia-sera-a-capital-mundial-do-trial\/479\/#primaryimage","url":"https:\/\/talentos-objetivos.pt\/trialgp\/wp-content\/uploads\/sites\/5\/2021\/09\/Cartaz-TDN-2021.jpeg","contentUrl":"https:\/\/talentos-objetivos.pt\/trialgp\/wp-content\/uploads\/sites\/5\/2021\/09\/Cartaz-TDN-2021.jpeg","width":1417,"height":1063},{"@type":"BreadcrumbList","@id":"https:\/\/talentos-objetivos.pt\/trialgp\/pt\/gouveia-sera-a-capital-mundial-do-trial\/479\/#breadcrumb","itemListElement":[{"@type":"ListItem","position":1,"name":"In\u00edcio","item":"https:\/\/talentos-objetivos.pt\/trialgp\/"},{"@type":"ListItem","position":2,"name":"GOUVEIA SER\u00c1 A CAPITAL MUNDIAL DO TRIAL"}]},{"@type":"WebSite","@id":"https:\/\/talentos-objetivos.pt\/trialgp\/#website","url":"https:\/\/talentos-objetivos.pt\/trialgp\/","name":"TRIALGP Portugal","description":"TrialGp - Gouveia 2023","potentialAction":[{"@type":"SearchAction","target":{"@type":"EntryPoint","urlTemplate":"https:\/\/talentos-objetivos.pt\/trialgp\/?s={search_term_string}"},"query-input":{"@type":"PropertyValueSpecification","valueRequired":true,"valueName":"search_term_string"}}],"inLanguage":"pt-PT"},{"@type":"Person","@id":"","url":"https:\/\/talentos-objetivos.pt\/trialgp\/author\/"}]}},"_links":{"self":[{"href":"https:\/\/talentos-objetivos.pt\/trialgp\/wp-json\/wp\/v2\/posts\/479","targetHints":{"allow":["GET"]}}],"collection":[{"href":"https:\/\/talentos-objetivos.pt\/trialgp\/wp-json\/wp\/v2\/posts"}],"about":[{"href":"https:\/\/talentos-objetivos.pt\/trialgp\/wp-json\/wp\/v2\/types\/post"}],"author":[{"embeddable":true,"href":"https:\/\/talentos-objetivos.pt\/trialgp\/wp-json\/wp\/v2\/users\/6"}],"replies":[{"embeddable":true,"href":"https:\/\/talentos-objetivos.pt\/trialgp\/wp-json\/wp\/v2\/comments?post=479"}],"version-history":[{"count":0,"href":"https:\/\/talentos-objetivos.pt\/trialgp\/wp-json\/wp\/v2\/posts\/479\/revisions"}],"wp:featuredmedia":[{"embeddable":true,"href":"https:\/\/talentos-objetivos.pt\/trialgp\/wp-json\/wp\/v2\/media\/480"}],"wp:attachment":[{"href":"https:\/\/talentos-objetivos.pt\/trialgp\/wp-json\/wp\/v2\/media?parent=479"}],"wp:term":[{"taxonomy":"category","embeddable":true,"href":"https:\/\/talentos-objetivos.pt\/trialgp\/wp-json\/wp\/v2\/categories?post=479"},{"taxonomy":"post_tag","embeddable":true,"href":"https:\/\/talentos-objetivos.pt\/trialgp\/wp-json\/wp\/v2\/tags?post=479"}],"curies":[{"name":"wp","href":"https:\/\/api.w.org\/{rel}","templated":true}]}}