{"id":497,"date":"2021-09-07T18:25:29","date_gmt":"2021-09-07T18:25:29","guid":{"rendered":"http:\/\/talentos-objetivos.pt\/trialgp\/?p=497"},"modified":"2021-09-07T18:37:30","modified_gmt":"2021-09-07T18:37:30","slug":"as-25-selecoes-que-vao-disputar-o-fim-trial-das-nacoes-em-gouveia","status":"publish","type":"post","link":"https:\/\/talentos-objetivos.pt\/trialgp\/pt\/as-25-selecoes-que-vao-disputar-o-fim-trial-das-nacoes-em-gouveia\/497\/","title":{"rendered":"AS 25 SELE\u00c7\u00d5ES QUE V\u00c3O DISPUTAR O FIM TRIAL DAS NA\u00c7\u00d5ES EM GOUVEIA"},"content":{"rendered":"\n<h4 class=\"wp-block-heading\"><strong>A cidade de Gouveia vai receber as maiores estrelas mundiais do Trial de 17 a 19 de setembro. FIM Trial das Na\u00e7\u00f5es&nbsp;ser\u00e1 disputado apenas pela segunda vez em Portugal e traz mais de 70 pilotos \u00e0 regi\u00e3o da Serra da Estrela, em representa\u00e7\u00e3o de 25 sele\u00e7\u00f5es. Evento promete fim de semana em cheio, em conjunto com o Campeonato do Mundo de TrialGP.<\/strong><\/h4>\n\n\n\n<div class=\"wp-block-group\"><div class=\"wp-block-group__inner-container is-layout-flow wp-block-group-is-layout-flow\">\n<figure class=\"wp-block-table is-style-stripes\"><table><tbody><tr><td><strong>Portugal e os bel\u00edssimos cen\u00e1rios de Gouveia voltam a ser o epicentro de grandes eventos mundiais de motociclismo, desta vez o hist\u00f3rico FIM Trial das Na\u00e7\u00f5es, a maior competi\u00e7\u00e3o de sele\u00e7\u00f5es da modalidade. Criado em 1984 e disputado oficialmente desde 1985, o Trial das Na\u00e7\u00f5es \u00e9 o mais prestigiado t\u00edtulo de sele\u00e7\u00f5es masculinas e femininas de Trial, tendo passado por Portugal em 2002, na altura em Pa\u00e7os de Ferreira, e fazendo agora a sua estreia em Gouveia, que j\u00e1 se tornou um dos palcos mais carism\u00e1ticos do Campeonato do Mundo de TrialGP.<br><br>A Federa\u00e7\u00e3o Internacional de Motociclismo j\u00e1 divulgou a lista de inscritos para o Trial das Na\u00e7\u00f5es, que ser\u00e1 disputado por 73 pilotos, em representa\u00e7\u00e3o de 25 sele\u00e7\u00f5es. Em Gouveia, estar\u00e3o presentes sele\u00e7\u00f5es oriundas de Andorra, \u00c1ustria, B\u00e9lgica, Canad\u00e1, Fran\u00e7a, Espanha, Estados Unidos da Am\u00e9rica, Gr\u00e3-Bretanha, It\u00e1lia, Let\u00f3nia, Noruega, Pol\u00f3nia, Portugal, Rep\u00fablica Checa, Su\u00e9cia e Su\u00ed\u00e7a, assim como uma sele\u00e7\u00e3o masculina da Am\u00e9rica Latina, composta por pilotos&nbsp;da Venezuela, M\u00e9xico e Guatemala. A atual conjuntura de pandemia mundial tamb\u00e9m contribuiu para a aus\u00eancia de alguns pa\u00edses habituais no Trial das Na\u00e7\u00f5es, como as sele\u00e7\u00f5es do Jap\u00e3o, Austr\u00e1lia, Nova Zel\u00e2ndia ou Brasil.<br><br>Verdadeira pot\u00eancia da modalidade, Espanha \u00e9 a detentora do&nbsp;t\u00edtulo&nbsp;tanta na competi\u00e7\u00e3o masculina como feminina, ap\u00f3s&nbsp;as vit\u00f3rias alcan\u00e7adas no FIM Trial das Na\u00e7\u00f5es de 2019, realizado em Ibiza. A sele\u00e7\u00e3o espanhola volta trazer nas suas fileiras estrelas como o pluri-campe\u00e3o mundial Toni Bou, Adam Raga, Jaime Busto,&nbsp;Laia Sanz, Berta Abellan e Sandra G\u00f3mez.<br><br>As cores de Portugal, por sua vez, ser\u00e3o representadas por Diogo Vieira, Paulo &#8220;Ballas&#8221; Gon\u00e7alves e Filipe Paiva na selec\u00e7\u00e3o masculina, que vai competir na categoria International, e por Rita Vieira, Mariana Afonso e Leonor Moreira na sele\u00e7\u00e3o feminina.<\/strong><\/td><\/tr><\/tbody><\/table><\/figure>\n<\/div><\/div>\n\n\n\n<figure class=\"wp-block-table is-style-stripes\"><table><tbody><tr><td><img decoding=\"async\" alt=\"\" src=\"https:\/\/ci4.googleusercontent.com\/proxy\/RwlnqdsHsgD9WKrICYhawQgcAZjWfmXQHnd1rLPQ5tJevd2V4VJCcKFy38o0PQ4NURC9PzommAur0ptipGC9tNXbMyUN68xKj4Uwty-BOQm7kn8kzRprlICDbsqGiQj6T4obU4GPGfWt7TXYSloZuvE4WVBz7x8JIII0pw=s0-d-e1-ft#https:\/\/mcusercontent.com\/e0bfd6b8c1edbacbd155229e4\/_compresseds\/fa275cc5-e9f4-460d-087b-a860d8e88b7d.jpg\" width=\"600\"><\/td><\/tr><\/tbody><\/table><\/figure>\n\n\n\n<figure class=\"wp-block-table\"><table><tbody><tr><td><strong><a href=\"https:\/\/trialgp.com\/trial-des-nations\/\" target=\"_blank\" rel=\"noreferrer noopener\">CLIQUE AQUI PARA DESCARREGAR LISTA DE INSCRITOS &#8211; TDN 2021<\/a><\/strong><\/td><\/tr><\/tbody><\/table><\/figure>\n\n\n\n<figure class=\"wp-block-table is-style-stripes\"><table><tbody><tr><td><strong>UM FIM DE SEMANA DE ELITE<br><br>Al\u00e9m da edi\u00e7\u00e3o de 2021 do FIM Trial das Na\u00e7\u00f5es,&nbsp;Gouveia tamb\u00e9m ser\u00e1 palco da jornada de encerramento do Campeonato do Mundo de TrialGP, Trial 2, TrialGP Women e Trial 2 Women, provas disputadas no s\u00e1bado (dia 18). Um fim de semana em cheio para os adeptos da modalidade e n\u00e3o s\u00f3, que poder\u00e3o acompanhar o espetacular percurso&nbsp;de 5,8 quil\u00f3metros de extens\u00e3o,&nbsp;tra\u00e7ado no centro da cidade.&nbsp;A organiza\u00e7\u00e3o estar\u00e1 a cargo do clube Talentos Objetivos e do Munic\u00edpio de Gouveia, com colabora\u00e7\u00e3o da&nbsp;Pe\u00f1a Moteros Val Mi\u00f1or.<\/strong><\/td><\/tr><\/tbody><\/table><\/figure>\n\n\n\n<figure class=\"wp-block-table is-style-stripes\"><table><tbody><tr><td><strong>EM DIRETO:<br>&nbsp;<br>Jorge Sim\u00f5es (Presidente Talentos Objetivos):<br>&nbsp;<em>\u201c\u00c9 um grande orgulho termos uma lista de inscritos como esta para o Trial das Na\u00e7\u00f5es em Gouveia, numa conjuntura dif\u00edcil e que, como sabemos, ainda coloca&nbsp;restri\u00e7\u00f5es \u00e0 circula\u00e7\u00e3o internacional. A log\u00edstica da prova ser\u00e1 naturalmente refor\u00e7ada para garantir todas as condi\u00e7\u00f5es de seguran\u00e7a sanit\u00e1ria e acredito que teremos um grande espet\u00e1culo&nbsp;no fim de semana de 17 a 19 de setembro, com pilotos oriundos&nbsp;de quase 30 pa\u00edses.&nbsp;Oportunamente, a FIM tamb\u00e9m divulgar\u00e1 a lista de inscritos para as provas do Campeonato do Mundo. \u00c9 uma responsabilidade acrescida, mas aceit\u00e1mos o desafio com a colabora\u00e7\u00e3o de todos os nossos parceiros e queremos voltar a dar uma grande imagem de Portugal e da nossa capacidade organizativa.\u201d<\/em><\/strong><\/td><\/tr><\/tbody><\/table><\/figure>\n","protected":false},"excerpt":{"rendered":"<p>A cidade de Gouveia vai receber as maiores estrelas mundiais do Trial de 17 a 19 de setembro. FIM Trial das Na\u00e7\u00f5es&nbsp;ser\u00e1 disputado apenas pela segunda vez em Portugal e traz mais de 70 pilotos \u00e0 regi\u00e3o da Serra da Estrela, em representa\u00e7\u00e3o de 25 sele\u00e7\u00f5es. Evento promete fim de&hellip; <\/p>\n","protected":false},"author":6,"featured_media":503,"comment_status":"closed","ping_status":"open","sticky":false,"template":"","format":"standard","meta":{"footnotes":""},"categories":[11,4],"tags":[22,23,16],"class_list":["post-497","post","type-post","status-publish","format-standard","has-post-thumbnail","hentry","category-noticias","category-pt","tag-gouveia","tag-tdn","tag-trial-gp"],"yoast_head":"<!-- This site is optimized with the Yoast SEO plugin v27.5 - https:\/\/yoast.com\/product\/yoast-seo-wordpress\/ -->\n<title>AS 25 SELE\u00c7\u00d5ES QUE V\u00c3O DISPUTAR O FIM TRIAL DAS NA\u00c7\u00d5ES EM GOUVEIA - TRIALGP Portugal<\/title>\n<meta name=\"robots\" content=\"index, follow, max-snippet:-1, max-image-preview:large, max-video-preview:-1\" \/>\n<link rel=\"canonical\" href=\"https:\/\/talentos-objetivos.pt\/trialgp\/pt\/as-25-selecoes-que-vao-disputar-o-fim-trial-das-nacoes-em-gouveia\/497\/\" \/>\n<meta property=\"og:locale\" content=\"pt_PT\" \/>\n<meta property=\"og:type\" content=\"article\" \/>\n<meta property=\"og:title\" content=\"AS 25 SELE\u00c7\u00d5ES QUE V\u00c3O DISPUTAR O FIM TRIAL DAS NA\u00c7\u00d5ES EM GOUVEIA - TRIALGP Portugal\" \/>\n<meta property=\"og:description\" content=\"A cidade de Gouveia vai receber as maiores estrelas mundiais do Trial de 17 a 19 de setembro. FIM Trial das Na\u00e7\u00f5es&nbsp;ser\u00e1 disputado apenas pela segunda vez em Portugal e traz mais de 70 pilotos \u00e0 regi\u00e3o da Serra da Estrela, em representa\u00e7\u00e3o de 25 sele\u00e7\u00f5es. Evento promete fim de&hellip;\" \/>\n<meta property=\"og:url\" content=\"https:\/\/talentos-objetivos.pt\/trialgp\/pt\/as-25-selecoes-que-vao-disputar-o-fim-trial-das-nacoes-em-gouveia\/497\/\" \/>\n<meta property=\"og:site_name\" content=\"TRIALGP Portugal\" \/>\n<meta property=\"article:published_time\" content=\"2021-09-07T18:25:29+00:00\" \/>\n<meta property=\"article:modified_time\" content=\"2021-09-07T18:37:30+00:00\" \/>\n<meta property=\"og:image\" content=\"https:\/\/talentos-objetivos.pt\/trialgp\/wp-content\/uploads\/sites\/5\/2021\/09\/Trial-das-Na\u00e7\u00f5es_Gouveia.jpg\" \/>\n\t<meta property=\"og:image:width\" content=\"1500\" \/>\n\t<meta property=\"og:image:height\" content=\"997\" \/>\n\t<meta property=\"og:image:type\" content=\"image\/jpeg\" \/>\n<meta name=\"twitter:card\" content=\"summary_large_image\" \/>\n<meta name=\"twitter:label1\" content=\"Escrito por\" \/>\n\t<meta name=\"twitter:data1\" content=\"\" \/>\n\t<meta name=\"twitter:label2\" content=\"Tempo estimado de leitura\" \/>\n\t<meta name=\"twitter:data2\" content=\"3 minutos\" \/>\n<script type=\"application\/ld+json\" class=\"yoast-schema-graph\">{\"@context\":\"https:\\\/\\\/schema.org\",\"@graph\":[{\"@type\":\"Article\",\"@id\":\"https:\\\/\\\/talentos-objetivos.pt\\\/trialgp\\\/pt\\\/as-25-selecoes-que-vao-disputar-o-fim-trial-das-nacoes-em-gouveia\\\/497\\\/#article\",\"isPartOf\":{\"@id\":\"https:\\\/\\\/talentos-objetivos.pt\\\/trialgp\\\/pt\\\/as-25-selecoes-que-vao-disputar-o-fim-trial-das-nacoes-em-gouveia\\\/497\\\/\"},\"author\":{\"name\":\"\",\"@id\":\"\"},\"headline\":\"AS 25 SELE\u00c7\u00d5ES QUE V\u00c3O DISPUTAR O FIM TRIAL DAS NA\u00c7\u00d5ES EM GOUVEIA\",\"datePublished\":\"2021-09-07T18:25:29+00:00\",\"dateModified\":\"2021-09-07T18:37:30+00:00\",\"mainEntityOfPage\":{\"@id\":\"https:\\\/\\\/talentos-objetivos.pt\\\/trialgp\\\/pt\\\/as-25-selecoes-que-vao-disputar-o-fim-trial-das-nacoes-em-gouveia\\\/497\\\/\"},\"wordCount\":672,\"image\":{\"@id\":\"https:\\\/\\\/talentos-objetivos.pt\\\/trialgp\\\/pt\\\/as-25-selecoes-que-vao-disputar-o-fim-trial-das-nacoes-em-gouveia\\\/497\\\/#primaryimage\"},\"thumbnailUrl\":\"https:\\\/\\\/talentos-objetivos.pt\\\/trialgp\\\/wp-content\\\/uploads\\\/sites\\\/5\\\/2021\\\/09\\\/Trial-das-Na\u00e7\u00f5es_Gouveia.jpg\",\"keywords\":[\"Gouveia\",\"TDN\",\"Trial GP\"],\"articleSection\":[\"Not\u00edcias\",\"PT\"],\"inLanguage\":\"pt-PT\"},{\"@type\":\"WebPage\",\"@id\":\"https:\\\/\\\/talentos-objetivos.pt\\\/trialgp\\\/pt\\\/as-25-selecoes-que-vao-disputar-o-fim-trial-das-nacoes-em-gouveia\\\/497\\\/\",\"url\":\"https:\\\/\\\/talentos-objetivos.pt\\\/trialgp\\\/pt\\\/as-25-selecoes-que-vao-disputar-o-fim-trial-das-nacoes-em-gouveia\\\/497\\\/\",\"name\":\"AS 25 SELE\u00c7\u00d5ES QUE V\u00c3O DISPUTAR O FIM TRIAL DAS NA\u00c7\u00d5ES EM GOUVEIA - TRIALGP Portugal\",\"isPartOf\":{\"@id\":\"https:\\\/\\\/talentos-objetivos.pt\\\/trialgp\\\/#website\"},\"primaryImageOfPage\":{\"@id\":\"https:\\\/\\\/talentos-objetivos.pt\\\/trialgp\\\/pt\\\/as-25-selecoes-que-vao-disputar-o-fim-trial-das-nacoes-em-gouveia\\\/497\\\/#primaryimage\"},\"image\":{\"@id\":\"https:\\\/\\\/talentos-objetivos.pt\\\/trialgp\\\/pt\\\/as-25-selecoes-que-vao-disputar-o-fim-trial-das-nacoes-em-gouveia\\\/497\\\/#primaryimage\"},\"thumbnailUrl\":\"https:\\\/\\\/talentos-objetivos.pt\\\/trialgp\\\/wp-content\\\/uploads\\\/sites\\\/5\\\/2021\\\/09\\\/Trial-das-Na\u00e7\u00f5es_Gouveia.jpg\",\"datePublished\":\"2021-09-07T18:25:29+00:00\",\"dateModified\":\"2021-09-07T18:37:30+00:00\",\"author\":{\"@id\":\"\"},\"breadcrumb\":{\"@id\":\"https:\\\/\\\/talentos-objetivos.pt\\\/trialgp\\\/pt\\\/as-25-selecoes-que-vao-disputar-o-fim-trial-das-nacoes-em-gouveia\\\/497\\\/#breadcrumb\"},\"inLanguage\":\"pt-PT\",\"potentialAction\":[{\"@type\":\"ReadAction\",\"target\":[\"https:\\\/\\\/talentos-objetivos.pt\\\/trialgp\\\/pt\\\/as-25-selecoes-que-vao-disputar-o-fim-trial-das-nacoes-em-gouveia\\\/497\\\/\"]}]},{\"@type\":\"ImageObject\",\"inLanguage\":\"pt-PT\",\"@id\":\"https:\\\/\\\/talentos-objetivos.pt\\\/trialgp\\\/pt\\\/as-25-selecoes-que-vao-disputar-o-fim-trial-das-nacoes-em-gouveia\\\/497\\\/#primaryimage\",\"url\":\"https:\\\/\\\/talentos-objetivos.pt\\\/trialgp\\\/wp-content\\\/uploads\\\/sites\\\/5\\\/2021\\\/09\\\/Trial-das-Na\u00e7\u00f5es_Gouveia.jpg\",\"contentUrl\":\"https:\\\/\\\/talentos-objetivos.pt\\\/trialgp\\\/wp-content\\\/uploads\\\/sites\\\/5\\\/2021\\\/09\\\/Trial-das-Na\u00e7\u00f5es_Gouveia.jpg\",\"width\":1500,\"height\":997,\"caption\":\"TrialGP 2019 Gouveia Portugal 13-14 July Round 5 Qualification 2020 FIM Trial World Championships - Pobladura de las Regueras (ESP), Friday 11 September 2020\"},{\"@type\":\"BreadcrumbList\",\"@id\":\"https:\\\/\\\/talentos-objetivos.pt\\\/trialgp\\\/pt\\\/as-25-selecoes-que-vao-disputar-o-fim-trial-das-nacoes-em-gouveia\\\/497\\\/#breadcrumb\",\"itemListElement\":[{\"@type\":\"ListItem\",\"position\":1,\"name\":\"In\u00edcio\",\"item\":\"https:\\\/\\\/talentos-objetivos.pt\\\/trialgp\\\/\"},{\"@type\":\"ListItem\",\"position\":2,\"name\":\"AS 25 SELE\u00c7\u00d5ES QUE V\u00c3O DISPUTAR O FIM TRIAL DAS NA\u00c7\u00d5ES EM GOUVEIA\"}]},{\"@type\":\"WebSite\",\"@id\":\"https:\\\/\\\/talentos-objetivos.pt\\\/trialgp\\\/#website\",\"url\":\"https:\\\/\\\/talentos-objetivos.pt\\\/trialgp\\\/\",\"name\":\"TRIALGP Portugal\",\"description\":\"TrialGp - Gouveia 2023\",\"potentialAction\":[{\"@type\":\"SearchAction\",\"target\":{\"@type\":\"EntryPoint\",\"urlTemplate\":\"https:\\\/\\\/talentos-objetivos.pt\\\/trialgp\\\/?s={search_term_string}\"},\"query-input\":{\"@type\":\"PropertyValueSpecification\",\"valueRequired\":true,\"valueName\":\"search_term_string\"}}],\"inLanguage\":\"pt-PT\"},{\"@type\":\"Person\",\"@id\":\"\",\"url\":\"https:\\\/\\\/talentos-objetivos.pt\\\/trialgp\\\/author\\\/\"}]}<\/script>\n<!-- \/ Yoast SEO plugin. -->","yoast_head_json":{"title":"AS 25 SELE\u00c7\u00d5ES QUE V\u00c3O DISPUTAR O FIM TRIAL DAS NA\u00c7\u00d5ES EM GOUVEIA - TRIALGP Portugal","robots":{"index":"index","follow":"follow","max-snippet":"max-snippet:-1","max-image-preview":"max-image-preview:large","max-video-preview":"max-video-preview:-1"},"canonical":"https:\/\/talentos-objetivos.pt\/trialgp\/pt\/as-25-selecoes-que-vao-disputar-o-fim-trial-das-nacoes-em-gouveia\/497\/","og_locale":"pt_PT","og_type":"article","og_title":"AS 25 SELE\u00c7\u00d5ES QUE V\u00c3O DISPUTAR O FIM TRIAL DAS NA\u00c7\u00d5ES EM GOUVEIA - TRIALGP Portugal","og_description":"A cidade de Gouveia vai receber as maiores estrelas mundiais do Trial de 17 a 19 de setembro. FIM Trial das Na\u00e7\u00f5es&nbsp;ser\u00e1 disputado apenas pela segunda vez em Portugal e traz mais de 70 pilotos \u00e0 regi\u00e3o da Serra da Estrela, em representa\u00e7\u00e3o de 25 sele\u00e7\u00f5es. Evento promete fim de&hellip;","og_url":"https:\/\/talentos-objetivos.pt\/trialgp\/pt\/as-25-selecoes-que-vao-disputar-o-fim-trial-das-nacoes-em-gouveia\/497\/","og_site_name":"TRIALGP Portugal","article_published_time":"2021-09-07T18:25:29+00:00","article_modified_time":"2021-09-07T18:37:30+00:00","og_image":[{"width":1500,"height":997,"url":"https:\/\/talentos-objetivos.pt\/trialgp\/wp-content\/uploads\/sites\/5\/2021\/09\/Trial-das-Na\u00e7\u00f5es_Gouveia.jpg","type":"image\/jpeg"}],"twitter_card":"summary_large_image","twitter_misc":{"Escrito por":"","Tempo estimado de leitura":"3 minutos"},"schema":{"@context":"https:\/\/schema.org","@graph":[{"@type":"Article","@id":"https:\/\/talentos-objetivos.pt\/trialgp\/pt\/as-25-selecoes-que-vao-disputar-o-fim-trial-das-nacoes-em-gouveia\/497\/#article","isPartOf":{"@id":"https:\/\/talentos-objetivos.pt\/trialgp\/pt\/as-25-selecoes-que-vao-disputar-o-fim-trial-das-nacoes-em-gouveia\/497\/"},"author":{"name":"","@id":""},"headline":"AS 25 SELE\u00c7\u00d5ES QUE V\u00c3O DISPUTAR O FIM TRIAL DAS NA\u00c7\u00d5ES EM GOUVEIA","datePublished":"2021-09-07T18:25:29+00:00","dateModified":"2021-09-07T18:37:30+00:00","mainEntityOfPage":{"@id":"https:\/\/talentos-objetivos.pt\/trialgp\/pt\/as-25-selecoes-que-vao-disputar-o-fim-trial-das-nacoes-em-gouveia\/497\/"},"wordCount":672,"image":{"@id":"https:\/\/talentos-objetivos.pt\/trialgp\/pt\/as-25-selecoes-que-vao-disputar-o-fim-trial-das-nacoes-em-gouveia\/497\/#primaryimage"},"thumbnailUrl":"https:\/\/talentos-objetivos.pt\/trialgp\/wp-content\/uploads\/sites\/5\/2021\/09\/Trial-das-Na\u00e7\u00f5es_Gouveia.jpg","keywords":["Gouveia","TDN","Trial GP"],"articleSection":["Not\u00edcias","PT"],"inLanguage":"pt-PT"},{"@type":"WebPage","@id":"https:\/\/talentos-objetivos.pt\/trialgp\/pt\/as-25-selecoes-que-vao-disputar-o-fim-trial-das-nacoes-em-gouveia\/497\/","url":"https:\/\/talentos-objetivos.pt\/trialgp\/pt\/as-25-selecoes-que-vao-disputar-o-fim-trial-das-nacoes-em-gouveia\/497\/","name":"AS 25 SELE\u00c7\u00d5ES QUE V\u00c3O DISPUTAR O FIM TRIAL DAS NA\u00c7\u00d5ES EM GOUVEIA - TRIALGP Portugal","isPartOf":{"@id":"https:\/\/talentos-objetivos.pt\/trialgp\/#website"},"primaryImageOfPage":{"@id":"https:\/\/talentos-objetivos.pt\/trialgp\/pt\/as-25-selecoes-que-vao-disputar-o-fim-trial-das-nacoes-em-gouveia\/497\/#primaryimage"},"image":{"@id":"https:\/\/talentos-objetivos.pt\/trialgp\/pt\/as-25-selecoes-que-vao-disputar-o-fim-trial-das-nacoes-em-gouveia\/497\/#primaryimage"},"thumbnailUrl":"https:\/\/talentos-objetivos.pt\/trialgp\/wp-content\/uploads\/sites\/5\/2021\/09\/Trial-das-Na\u00e7\u00f5es_Gouveia.jpg","datePublished":"2021-09-07T18:25:29+00:00","dateModified":"2021-09-07T18:37:30+00:00","author":{"@id":""},"breadcrumb":{"@id":"https:\/\/talentos-objetivos.pt\/trialgp\/pt\/as-25-selecoes-que-vao-disputar-o-fim-trial-das-nacoes-em-gouveia\/497\/#breadcrumb"},"inLanguage":"pt-PT","potentialAction":[{"@type":"ReadAction","target":["https:\/\/talentos-objetivos.pt\/trialgp\/pt\/as-25-selecoes-que-vao-disputar-o-fim-trial-das-nacoes-em-gouveia\/497\/"]}]},{"@type":"ImageObject","inLanguage":"pt-PT","@id":"https:\/\/talentos-objetivos.pt\/trialgp\/pt\/as-25-selecoes-que-vao-disputar-o-fim-trial-das-nacoes-em-gouveia\/497\/#primaryimage","url":"https:\/\/talentos-objetivos.pt\/trialgp\/wp-content\/uploads\/sites\/5\/2021\/09\/Trial-das-Na\u00e7\u00f5es_Gouveia.jpg","contentUrl":"https:\/\/talentos-objetivos.pt\/trialgp\/wp-content\/uploads\/sites\/5\/2021\/09\/Trial-das-Na\u00e7\u00f5es_Gouveia.jpg","width":1500,"height":997,"caption":"TrialGP 2019 Gouveia Portugal 13-14 July Round 5 Qualification 2020 FIM Trial World Championships - Pobladura de las Regueras (ESP), Friday 11 September 2020"},{"@type":"BreadcrumbList","@id":"https:\/\/talentos-objetivos.pt\/trialgp\/pt\/as-25-selecoes-que-vao-disputar-o-fim-trial-das-nacoes-em-gouveia\/497\/#breadcrumb","itemListElement":[{"@type":"ListItem","position":1,"name":"In\u00edcio","item":"https:\/\/talentos-objetivos.pt\/trialgp\/"},{"@type":"ListItem","position":2,"name":"AS 25 SELE\u00c7\u00d5ES QUE V\u00c3O DISPUTAR O FIM TRIAL DAS NA\u00c7\u00d5ES EM GOUVEIA"}]},{"@type":"WebSite","@id":"https:\/\/talentos-objetivos.pt\/trialgp\/#website","url":"https:\/\/talentos-objetivos.pt\/trialgp\/","name":"TRIALGP Portugal","description":"TrialGp - Gouveia 2023","potentialAction":[{"@type":"SearchAction","target":{"@type":"EntryPoint","urlTemplate":"https:\/\/talentos-objetivos.pt\/trialgp\/?s={search_term_string}"},"query-input":{"@type":"PropertyValueSpecification","valueRequired":true,"valueName":"search_term_string"}}],"inLanguage":"pt-PT"},{"@type":"Person","@id":"","url":"https:\/\/talentos-objetivos.pt\/trialgp\/author\/"}]}},"_links":{"self":[{"href":"https:\/\/talentos-objetivos.pt\/trialgp\/wp-json\/wp\/v2\/posts\/497","targetHints":{"allow":["GET"]}}],"collection":[{"href":"https:\/\/talentos-objetivos.pt\/trialgp\/wp-json\/wp\/v2\/posts"}],"about":[{"href":"https:\/\/talentos-objetivos.pt\/trialgp\/wp-json\/wp\/v2\/types\/post"}],"author":[{"embeddable":true,"href":"https:\/\/talentos-objetivos.pt\/trialgp\/wp-json\/wp\/v2\/users\/6"}],"replies":[{"embeddable":true,"href":"https:\/\/talentos-objetivos.pt\/trialgp\/wp-json\/wp\/v2\/comments?post=497"}],"version-history":[{"count":0,"href":"https:\/\/talentos-objetivos.pt\/trialgp\/wp-json\/wp\/v2\/posts\/497\/revisions"}],"wp:featuredmedia":[{"embeddable":true,"href":"https:\/\/talentos-objetivos.pt\/trialgp\/wp-json\/wp\/v2\/media\/503"}],"wp:attachment":[{"href":"https:\/\/talentos-objetivos.pt\/trialgp\/wp-json\/wp\/v2\/media?parent=497"}],"wp:term":[{"taxonomy":"category","embeddable":true,"href":"https:\/\/talentos-objetivos.pt\/trialgp\/wp-json\/wp\/v2\/categories?post=497"},{"taxonomy":"post_tag","embeddable":true,"href":"https:\/\/talentos-objetivos.pt\/trialgp\/wp-json\/wp\/v2\/tags?post=497"}],"curies":[{"name":"wp","href":"https:\/\/api.w.org\/{rel}","templated":true}]}}