{"id":536,"date":"2021-09-16T16:01:47","date_gmt":"2021-09-16T16:01:47","guid":{"rendered":"http:\/\/talentos-objetivos.pt\/trialgp\/?p=536"},"modified":"2021-09-16T16:01:48","modified_gmt":"2021-09-16T16:01:48","slug":"trialgp-e-trial-das-nacoes-prometem-fim-de-semana-epico-em-gouveia","status":"publish","type":"post","link":"https:\/\/talentos-objetivos.pt\/trialgp\/pt\/trialgp-e-trial-das-nacoes-prometem-fim-de-semana-epico-em-gouveia\/536\/","title":{"rendered":"TRIALGP E TRIAL DAS NA\u00c7\u00d5ES PROMETEM FIM DE SEMANA \u00c9PICO EM GOUVEIA"},"content":{"rendered":"\n<p>\u00bb Os melhores pilotos do mundo de Trial rumam a Portugal e a Gouveia, para um evento \u00fanico que junta o Campeonato do Mundo FIM de TrialGP e o emblem\u00e1tico FIM Trial das Na\u00e7\u00f5es.<\/p>\n\n\n\n<p>\u00bb Ser\u00e1 nas belas mas desafiantes encostas da Serra da Estrela que se decidir\u00e3o os mais ambicionados t\u00edtulos da modalidade em 2021, num evento que assume contornos hist\u00f3ricos.<\/p>\n\n\n\n<figure class=\"wp-block-image size-large\"><img loading=\"lazy\" decoding=\"async\" width=\"1200\" height=\"800\" src=\"https:\/\/talentos-objetivos.pt\/trialgp\/wp-content\/uploads\/sites\/5\/2021\/09\/DSC_6904.jpg\" alt=\"\" class=\"wp-image-538\" srcset=\"https:\/\/talentos-objetivos.pt\/trialgp\/wp-content\/uploads\/sites\/5\/2021\/09\/DSC_6904.jpg 1200w, https:\/\/talentos-objetivos.pt\/trialgp\/wp-content\/uploads\/sites\/5\/2021\/09\/DSC_6904-300x200.jpg 300w, https:\/\/talentos-objetivos.pt\/trialgp\/wp-content\/uploads\/sites\/5\/2021\/09\/DSC_6904-768x512.jpg 768w\" sizes=\"auto, (max-width: 1200px) 100vw, 1200px\" \/><\/figure>\n\n\n\n<p>Gouveia \u00e9 nesta altura a capital mundial do Trial, uma das mais t\u00e9cnicas e populares modalidades sob a \u00e9gide da Federa\u00e7\u00e3o Internacional de Motociclismo, que ter\u00e1 um fim de semana in\u00e9dito, ao juntar a derradeira prova do <a href=\"https:\/\/www.facebook.com\/FIMTrialGP\/?__cft__[0]=AZUFUcLGg7WKbQoTXl3boaxf49rPVBiIk25XZmF9r5x3f6KJGyz_D3Ox5aqpdL6gtDHH41xkQ5q_C1FChHgLHob-JtcJ0rT2PNpfiZSJlXES3NBlpeO4OIf7YVqiIbIVWyh2WHEnCeYfzg3mTnx2OMaaXZL7VCuPNq4qlLOKML1ZGmaYEu9HIQqQuofsXhwfJ_A&amp;__tn__=kK-R\">TrialGP &#8211; FIM Trial World Championship<\/a> (no s\u00e1bado) com a edi\u00e7\u00e3o deste ano do Trial das Na\u00e7\u00f5es, a mais prestigiada prova de sele\u00e7\u00f5es da modalidade, que dominar\u00e1 o dia de domingo. O Mundial de TrialGP trar\u00e1 cerca de sete dezenas de pilotos at\u00e9 Gouveia, atribuindo os t\u00edtulos de TrialGP, TrialGP Women, Trial2 e Trial2 Women. Na categoria-rainha, Toni Bou (Repsol Honda) est\u00e1 muito pr\u00f3ximo de assegurar o seu 15.\u00ba t\u00edtulo mundial, tendo nesta altura uma vantagem de 19 pontos sobre o compatriota Adam Raga (TRRS), quando est\u00e3o 20 pontos em disputa. A brit\u00e2nica Emma Bristow (Sherco), campe\u00e3 mundial de TrialGP Women nos \u00faltimos sete anos, chega a Portugal com apenas um ponto de vantagem sobre a espanhola Laia Sainz (GasGas), perspetivando-se um duelo intenso na Serra da Estrela. No Trial2 masculino, os brit\u00e2nicos Toby Martin (TRRS) e Dan Peace (Sherco) est\u00e3o separados por oito pontos no topo do campeonato, enquanto a italiana Andrea Rabino (Beta) \u00e9 a clara favorita ao t\u00edtulo mundial de Trial2 Women.<\/p>\n\n\n\n<p>No domingo, muitos destes pilotos tamb\u00e9m estar\u00e3o envolvidos nas respetivas sele\u00e7\u00f5es nacionais, procurando a vit\u00f3ria nas competi\u00e7\u00f5es masculina e feminina do FIM Trial das Na\u00e7\u00f5es. A lista de inscritos para o TDN inclui 73 pilotos em representa\u00e7\u00e3o de 25 sele\u00e7\u00f5es. Estar\u00e3o presentes sele\u00e7\u00f5es de Andorra, \u00c1ustria, B\u00e9lgica, Canad\u00e1, Fran\u00e7a, Espanha, Estados Unidos da Am\u00e9rica, Gr\u00e3-Bretanha, It\u00e1lia, Let\u00f3nia, Noruega, Pol\u00f3nia, Portugal, Rep\u00fablica Checa, Su\u00e9cia e Su\u00ed\u00e7a, assim como uma sele\u00e7\u00e3o masculina da Am\u00e9rica Latina, composta por pilotos da Venezuela, M\u00e9xico e Guatemala.A sele\u00e7\u00e3o de Portugal ser\u00e1 composta por Diogo Vieira, Paulo &#8220;Ballas&#8221; Gon\u00e7alves e Filipe Paiva na equipa masculina, que estar\u00e1 integrada na categoria International, e por Rita Vieira, Mariana Afonso e Leonor Moreira na equipa feminina.<\/p>\n\n\n\n<figure class=\"wp-block-gallery columns-1 is-cropped wp-block-gallery-1 is-layout-flex wp-block-gallery-is-layout-flex\"><ul class=\"blocks-gallery-grid\"><li class=\"blocks-gallery-item\"><figure><img loading=\"lazy\" decoding=\"async\" width=\"1200\" height=\"798\" src=\"https:\/\/talentos-objetivos.pt\/trialgp\/wp-content\/uploads\/sites\/5\/2021\/09\/TrialGP19_r5_Q_Ambiance_8945_ps.jpg\" alt=\"\" data-id=\"539\" data-full-url=\"https:\/\/talentos-objetivos.pt\/trialgp\/wp-content\/uploads\/sites\/5\/2021\/09\/TrialGP19_r5_Q_Ambiance_8945_ps.jpg\" data-link=\"https:\/\/talentos-objetivos.pt\/trialgp\/?attachment_id=539\" class=\"wp-image-539\" srcset=\"https:\/\/talentos-objetivos.pt\/trialgp\/wp-content\/uploads\/sites\/5\/2021\/09\/TrialGP19_r5_Q_Ambiance_8945_ps.jpg 1200w, https:\/\/talentos-objetivos.pt\/trialgp\/wp-content\/uploads\/sites\/5\/2021\/09\/TrialGP19_r5_Q_Ambiance_8945_ps-300x200.jpg 300w, https:\/\/talentos-objetivos.pt\/trialgp\/wp-content\/uploads\/sites\/5\/2021\/09\/TrialGP19_r5_Q_Ambiance_8945_ps-768x511.jpg 768w\" sizes=\"auto, (max-width: 1200px) 100vw, 1200px\" \/><\/figure><\/li><\/ul><\/figure>\n\n\n\n<p>O PERCURSO<\/p>\n\n\n\n<p>Com o paddock instalado no espa\u00e7o da Central de Camionagem, os pilotos enfrentar\u00e3o um percurso com 5,8 quil\u00f3metros de extens\u00e3o, delineado pela organiza\u00e7\u00e3o a cargo do clube Talentos Objetivos e Munic\u00edpio de Gouveia. O percurso come\u00e7a no Parque da Ribeira, uma zona exemplarmente requalificada pela autarquia e que nas recentes edi\u00e7\u00f5es do Mundial de Trial proporcionou imagens de grande espetacularidade. Depois do Parque da Ribeira, os pilotos seguem para a zona da antiga oficina dos Correias, onde encontrar\u00e3o um tipo de piso diferenciado, seguindo-se a Mata da Cerca e o regresso \u00e0 Central de Camionagem.Um percurso exigente e diversificado, que inclui um total de 15 zonas para as sele\u00e7\u00f5es do FIM Trial das Na\u00e7\u00f5es, e 12 zonas para os concorrentes do Campeonato do Mundo FIM.<\/p>\n","protected":false},"excerpt":{"rendered":"<p>\u00bb Os melhores pilotos do mundo de Trial rumam a Portugal e a Gouveia, para um evento \u00fanico que junta o Campeonato do Mundo FIM de TrialGP e o emblem\u00e1tico FIM Trial das Na\u00e7\u00f5es. \u00bb Ser\u00e1 nas belas mas desafiantes encostas da Serra da Estrela que se decidir\u00e3o os mais&hellip; <\/p>\n","protected":false},"author":6,"featured_media":537,"comment_status":"closed","ping_status":"open","sticky":false,"template":"","format":"standard","meta":{"footnotes":""},"categories":[11,4],"tags":[22,23,16],"class_list":["post-536","post","type-post","status-publish","format-standard","has-post-thumbnail","hentry","category-noticias","category-pt","tag-gouveia","tag-tdn","tag-trial-gp"],"yoast_head":"<!-- This site is optimized with the Yoast SEO plugin v27.5 - https:\/\/yoast.com\/product\/yoast-seo-wordpress\/ -->\n<title>TRIALGP E TRIAL DAS NA\u00c7\u00d5ES PROMETEM FIM DE SEMANA \u00c9PICO EM GOUVEIA - TRIALGP Portugal<\/title>\n<meta name=\"robots\" content=\"index, follow, max-snippet:-1, max-image-preview:large, max-video-preview:-1\" \/>\n<link rel=\"canonical\" href=\"https:\/\/talentos-objetivos.pt\/trialgp\/pt\/trialgp-e-trial-das-nacoes-prometem-fim-de-semana-epico-em-gouveia\/536\/\" \/>\n<meta property=\"og:locale\" content=\"pt_PT\" \/>\n<meta property=\"og:type\" content=\"article\" \/>\n<meta property=\"og:title\" content=\"TRIALGP E TRIAL DAS NA\u00c7\u00d5ES PROMETEM FIM DE SEMANA \u00c9PICO EM GOUVEIA - TRIALGP Portugal\" \/>\n<meta property=\"og:description\" content=\"\u00bb Os melhores pilotos do mundo de Trial rumam a Portugal e a Gouveia, para um evento \u00fanico que junta o Campeonato do Mundo FIM de TrialGP e o emblem\u00e1tico FIM Trial das Na\u00e7\u00f5es. \u00bb Ser\u00e1 nas belas mas desafiantes encostas da Serra da Estrela que se decidir\u00e3o os mais&hellip;\" \/>\n<meta property=\"og:url\" content=\"https:\/\/talentos-objetivos.pt\/trialgp\/pt\/trialgp-e-trial-das-nacoes-prometem-fim-de-semana-epico-em-gouveia\/536\/\" \/>\n<meta property=\"og:site_name\" content=\"TRIALGP Portugal\" \/>\n<meta property=\"article:published_time\" content=\"2021-09-16T16:01:47+00:00\" \/>\n<meta property=\"article:modified_time\" content=\"2021-09-16T16:01:48+00:00\" \/>\n<meta property=\"og:image\" content=\"https:\/\/talentos-objetivos.pt\/trialgp\/wp-content\/uploads\/sites\/5\/2021\/09\/TrialGP19_r5_Q_WomenGP_8228_ps.jpg\" \/>\n\t<meta property=\"og:image:width\" content=\"1500\" \/>\n\t<meta property=\"og:image:height\" content=\"998\" \/>\n\t<meta property=\"og:image:type\" content=\"image\/jpeg\" \/>\n<meta name=\"twitter:card\" content=\"summary_large_image\" \/>\n<meta name=\"twitter:label1\" content=\"Escrito por\" \/>\n\t<meta name=\"twitter:data1\" content=\"\" \/>\n\t<meta name=\"twitter:label2\" content=\"Tempo estimado de leitura\" \/>\n\t<meta name=\"twitter:data2\" content=\"3 minutos\" \/>\n<script type=\"application\/ld+json\" class=\"yoast-schema-graph\">{\"@context\":\"https:\\\/\\\/schema.org\",\"@graph\":[{\"@type\":\"Article\",\"@id\":\"https:\\\/\\\/talentos-objetivos.pt\\\/trialgp\\\/pt\\\/trialgp-e-trial-das-nacoes-prometem-fim-de-semana-epico-em-gouveia\\\/536\\\/#article\",\"isPartOf\":{\"@id\":\"https:\\\/\\\/talentos-objetivos.pt\\\/trialgp\\\/pt\\\/trialgp-e-trial-das-nacoes-prometem-fim-de-semana-epico-em-gouveia\\\/536\\\/\"},\"author\":{\"name\":\"\",\"@id\":\"\"},\"headline\":\"TRIALGP E TRIAL DAS NA\u00c7\u00d5ES PROMETEM FIM DE SEMANA \u00c9PICO EM GOUVEIA\",\"datePublished\":\"2021-09-16T16:01:47+00:00\",\"dateModified\":\"2021-09-16T16:01:48+00:00\",\"mainEntityOfPage\":{\"@id\":\"https:\\\/\\\/talentos-objetivos.pt\\\/trialgp\\\/pt\\\/trialgp-e-trial-das-nacoes-prometem-fim-de-semana-epico-em-gouveia\\\/536\\\/\"},\"wordCount\":564,\"image\":{\"@id\":\"https:\\\/\\\/talentos-objetivos.pt\\\/trialgp\\\/pt\\\/trialgp-e-trial-das-nacoes-prometem-fim-de-semana-epico-em-gouveia\\\/536\\\/#primaryimage\"},\"thumbnailUrl\":\"https:\\\/\\\/talentos-objetivos.pt\\\/trialgp\\\/wp-content\\\/uploads\\\/sites\\\/5\\\/2021\\\/09\\\/TrialGP19_r5_Q_WomenGP_8228_ps.jpg\",\"keywords\":[\"Gouveia\",\"TDN\",\"Trial GP\"],\"articleSection\":[\"Not\u00edcias\",\"PT\"],\"inLanguage\":\"pt-PT\"},{\"@type\":\"WebPage\",\"@id\":\"https:\\\/\\\/talentos-objetivos.pt\\\/trialgp\\\/pt\\\/trialgp-e-trial-das-nacoes-prometem-fim-de-semana-epico-em-gouveia\\\/536\\\/\",\"url\":\"https:\\\/\\\/talentos-objetivos.pt\\\/trialgp\\\/pt\\\/trialgp-e-trial-das-nacoes-prometem-fim-de-semana-epico-em-gouveia\\\/536\\\/\",\"name\":\"TRIALGP E TRIAL DAS NA\u00c7\u00d5ES PROMETEM FIM DE SEMANA \u00c9PICO EM GOUVEIA - TRIALGP Portugal\",\"isPartOf\":{\"@id\":\"https:\\\/\\\/talentos-objetivos.pt\\\/trialgp\\\/#website\"},\"primaryImageOfPage\":{\"@id\":\"https:\\\/\\\/talentos-objetivos.pt\\\/trialgp\\\/pt\\\/trialgp-e-trial-das-nacoes-prometem-fim-de-semana-epico-em-gouveia\\\/536\\\/#primaryimage\"},\"image\":{\"@id\":\"https:\\\/\\\/talentos-objetivos.pt\\\/trialgp\\\/pt\\\/trialgp-e-trial-das-nacoes-prometem-fim-de-semana-epico-em-gouveia\\\/536\\\/#primaryimage\"},\"thumbnailUrl\":\"https:\\\/\\\/talentos-objetivos.pt\\\/trialgp\\\/wp-content\\\/uploads\\\/sites\\\/5\\\/2021\\\/09\\\/TrialGP19_r5_Q_WomenGP_8228_ps.jpg\",\"datePublished\":\"2021-09-16T16:01:47+00:00\",\"dateModified\":\"2021-09-16T16:01:48+00:00\",\"author\":{\"@id\":\"\"},\"breadcrumb\":{\"@id\":\"https:\\\/\\\/talentos-objetivos.pt\\\/trialgp\\\/pt\\\/trialgp-e-trial-das-nacoes-prometem-fim-de-semana-epico-em-gouveia\\\/536\\\/#breadcrumb\"},\"inLanguage\":\"pt-PT\",\"potentialAction\":[{\"@type\":\"ReadAction\",\"target\":[\"https:\\\/\\\/talentos-objetivos.pt\\\/trialgp\\\/pt\\\/trialgp-e-trial-das-nacoes-prometem-fim-de-semana-epico-em-gouveia\\\/536\\\/\"]}]},{\"@type\":\"ImageObject\",\"inLanguage\":\"pt-PT\",\"@id\":\"https:\\\/\\\/talentos-objetivos.pt\\\/trialgp\\\/pt\\\/trialgp-e-trial-das-nacoes-prometem-fim-de-semana-epico-em-gouveia\\\/536\\\/#primaryimage\",\"url\":\"https:\\\/\\\/talentos-objetivos.pt\\\/trialgp\\\/wp-content\\\/uploads\\\/sites\\\/5\\\/2021\\\/09\\\/TrialGP19_r5_Q_WomenGP_8228_ps.jpg\",\"contentUrl\":\"https:\\\/\\\/talentos-objetivos.pt\\\/trialgp\\\/wp-content\\\/uploads\\\/sites\\\/5\\\/2021\\\/09\\\/TrialGP19_r5_Q_WomenGP_8228_ps.jpg\",\"width\":1500,\"height\":998,\"caption\":\"TrialGP 2019 Gouveia Portugal 13-14 July Round 5 Qualification 2020 FIM Trial World Championships - Pobladura de las Regueras (ESP), Friday 11 September 2020\"},{\"@type\":\"BreadcrumbList\",\"@id\":\"https:\\\/\\\/talentos-objetivos.pt\\\/trialgp\\\/pt\\\/trialgp-e-trial-das-nacoes-prometem-fim-de-semana-epico-em-gouveia\\\/536\\\/#breadcrumb\",\"itemListElement\":[{\"@type\":\"ListItem\",\"position\":1,\"name\":\"In\u00edcio\",\"item\":\"https:\\\/\\\/talentos-objetivos.pt\\\/trialgp\\\/\"},{\"@type\":\"ListItem\",\"position\":2,\"name\":\"TRIALGP E TRIAL DAS NA\u00c7\u00d5ES PROMETEM FIM DE SEMANA \u00c9PICO EM GOUVEIA\"}]},{\"@type\":\"WebSite\",\"@id\":\"https:\\\/\\\/talentos-objetivos.pt\\\/trialgp\\\/#website\",\"url\":\"https:\\\/\\\/talentos-objetivos.pt\\\/trialgp\\\/\",\"name\":\"TRIALGP Portugal\",\"description\":\"TrialGp - Gouveia 2023\",\"potentialAction\":[{\"@type\":\"SearchAction\",\"target\":{\"@type\":\"EntryPoint\",\"urlTemplate\":\"https:\\\/\\\/talentos-objetivos.pt\\\/trialgp\\\/?s={search_term_string}\"},\"query-input\":{\"@type\":\"PropertyValueSpecification\",\"valueRequired\":true,\"valueName\":\"search_term_string\"}}],\"inLanguage\":\"pt-PT\"},{\"@type\":\"Person\",\"@id\":\"\",\"url\":\"https:\\\/\\\/talentos-objetivos.pt\\\/trialgp\\\/author\\\/\"}]}<\/script>\n<!-- \/ Yoast SEO plugin. -->","yoast_head_json":{"title":"TRIALGP E TRIAL DAS NA\u00c7\u00d5ES PROMETEM FIM DE SEMANA \u00c9PICO EM GOUVEIA - TRIALGP Portugal","robots":{"index":"index","follow":"follow","max-snippet":"max-snippet:-1","max-image-preview":"max-image-preview:large","max-video-preview":"max-video-preview:-1"},"canonical":"https:\/\/talentos-objetivos.pt\/trialgp\/pt\/trialgp-e-trial-das-nacoes-prometem-fim-de-semana-epico-em-gouveia\/536\/","og_locale":"pt_PT","og_type":"article","og_title":"TRIALGP E TRIAL DAS NA\u00c7\u00d5ES PROMETEM FIM DE SEMANA \u00c9PICO EM GOUVEIA - TRIALGP Portugal","og_description":"\u00bb Os melhores pilotos do mundo de Trial rumam a Portugal e a Gouveia, para um evento \u00fanico que junta o Campeonato do Mundo FIM de TrialGP e o emblem\u00e1tico FIM Trial das Na\u00e7\u00f5es. \u00bb Ser\u00e1 nas belas mas desafiantes encostas da Serra da Estrela que se decidir\u00e3o os mais&hellip;","og_url":"https:\/\/talentos-objetivos.pt\/trialgp\/pt\/trialgp-e-trial-das-nacoes-prometem-fim-de-semana-epico-em-gouveia\/536\/","og_site_name":"TRIALGP Portugal","article_published_time":"2021-09-16T16:01:47+00:00","article_modified_time":"2021-09-16T16:01:48+00:00","og_image":[{"width":1500,"height":998,"url":"https:\/\/talentos-objetivos.pt\/trialgp\/wp-content\/uploads\/sites\/5\/2021\/09\/TrialGP19_r5_Q_WomenGP_8228_ps.jpg","type":"image\/jpeg"}],"twitter_card":"summary_large_image","twitter_misc":{"Escrito por":"","Tempo estimado de leitura":"3 minutos"},"schema":{"@context":"https:\/\/schema.org","@graph":[{"@type":"Article","@id":"https:\/\/talentos-objetivos.pt\/trialgp\/pt\/trialgp-e-trial-das-nacoes-prometem-fim-de-semana-epico-em-gouveia\/536\/#article","isPartOf":{"@id":"https:\/\/talentos-objetivos.pt\/trialgp\/pt\/trialgp-e-trial-das-nacoes-prometem-fim-de-semana-epico-em-gouveia\/536\/"},"author":{"name":"","@id":""},"headline":"TRIALGP E TRIAL DAS NA\u00c7\u00d5ES PROMETEM FIM DE SEMANA \u00c9PICO EM GOUVEIA","datePublished":"2021-09-16T16:01:47+00:00","dateModified":"2021-09-16T16:01:48+00:00","mainEntityOfPage":{"@id":"https:\/\/talentos-objetivos.pt\/trialgp\/pt\/trialgp-e-trial-das-nacoes-prometem-fim-de-semana-epico-em-gouveia\/536\/"},"wordCount":564,"image":{"@id":"https:\/\/talentos-objetivos.pt\/trialgp\/pt\/trialgp-e-trial-das-nacoes-prometem-fim-de-semana-epico-em-gouveia\/536\/#primaryimage"},"thumbnailUrl":"https:\/\/talentos-objetivos.pt\/trialgp\/wp-content\/uploads\/sites\/5\/2021\/09\/TrialGP19_r5_Q_WomenGP_8228_ps.jpg","keywords":["Gouveia","TDN","Trial GP"],"articleSection":["Not\u00edcias","PT"],"inLanguage":"pt-PT"},{"@type":"WebPage","@id":"https:\/\/talentos-objetivos.pt\/trialgp\/pt\/trialgp-e-trial-das-nacoes-prometem-fim-de-semana-epico-em-gouveia\/536\/","url":"https:\/\/talentos-objetivos.pt\/trialgp\/pt\/trialgp-e-trial-das-nacoes-prometem-fim-de-semana-epico-em-gouveia\/536\/","name":"TRIALGP E TRIAL DAS NA\u00c7\u00d5ES PROMETEM FIM DE SEMANA \u00c9PICO EM GOUVEIA - TRIALGP Portugal","isPartOf":{"@id":"https:\/\/talentos-objetivos.pt\/trialgp\/#website"},"primaryImageOfPage":{"@id":"https:\/\/talentos-objetivos.pt\/trialgp\/pt\/trialgp-e-trial-das-nacoes-prometem-fim-de-semana-epico-em-gouveia\/536\/#primaryimage"},"image":{"@id":"https:\/\/talentos-objetivos.pt\/trialgp\/pt\/trialgp-e-trial-das-nacoes-prometem-fim-de-semana-epico-em-gouveia\/536\/#primaryimage"},"thumbnailUrl":"https:\/\/talentos-objetivos.pt\/trialgp\/wp-content\/uploads\/sites\/5\/2021\/09\/TrialGP19_r5_Q_WomenGP_8228_ps.jpg","datePublished":"2021-09-16T16:01:47+00:00","dateModified":"2021-09-16T16:01:48+00:00","author":{"@id":""},"breadcrumb":{"@id":"https:\/\/talentos-objetivos.pt\/trialgp\/pt\/trialgp-e-trial-das-nacoes-prometem-fim-de-semana-epico-em-gouveia\/536\/#breadcrumb"},"inLanguage":"pt-PT","potentialAction":[{"@type":"ReadAction","target":["https:\/\/talentos-objetivos.pt\/trialgp\/pt\/trialgp-e-trial-das-nacoes-prometem-fim-de-semana-epico-em-gouveia\/536\/"]}]},{"@type":"ImageObject","inLanguage":"pt-PT","@id":"https:\/\/talentos-objetivos.pt\/trialgp\/pt\/trialgp-e-trial-das-nacoes-prometem-fim-de-semana-epico-em-gouveia\/536\/#primaryimage","url":"https:\/\/talentos-objetivos.pt\/trialgp\/wp-content\/uploads\/sites\/5\/2021\/09\/TrialGP19_r5_Q_WomenGP_8228_ps.jpg","contentUrl":"https:\/\/talentos-objetivos.pt\/trialgp\/wp-content\/uploads\/sites\/5\/2021\/09\/TrialGP19_r5_Q_WomenGP_8228_ps.jpg","width":1500,"height":998,"caption":"TrialGP 2019 Gouveia Portugal 13-14 July Round 5 Qualification 2020 FIM Trial World Championships - Pobladura de las Regueras (ESP), Friday 11 September 2020"},{"@type":"BreadcrumbList","@id":"https:\/\/talentos-objetivos.pt\/trialgp\/pt\/trialgp-e-trial-das-nacoes-prometem-fim-de-semana-epico-em-gouveia\/536\/#breadcrumb","itemListElement":[{"@type":"ListItem","position":1,"name":"In\u00edcio","item":"https:\/\/talentos-objetivos.pt\/trialgp\/"},{"@type":"ListItem","position":2,"name":"TRIALGP E TRIAL DAS NA\u00c7\u00d5ES PROMETEM FIM DE SEMANA \u00c9PICO EM GOUVEIA"}]},{"@type":"WebSite","@id":"https:\/\/talentos-objetivos.pt\/trialgp\/#website","url":"https:\/\/talentos-objetivos.pt\/trialgp\/","name":"TRIALGP Portugal","description":"TrialGp - Gouveia 2023","potentialAction":[{"@type":"SearchAction","target":{"@type":"EntryPoint","urlTemplate":"https:\/\/talentos-objetivos.pt\/trialgp\/?s={search_term_string}"},"query-input":{"@type":"PropertyValueSpecification","valueRequired":true,"valueName":"search_term_string"}}],"inLanguage":"pt-PT"},{"@type":"Person","@id":"","url":"https:\/\/talentos-objetivos.pt\/trialgp\/author\/"}]}},"_links":{"self":[{"href":"https:\/\/talentos-objetivos.pt\/trialgp\/wp-json\/wp\/v2\/posts\/536","targetHints":{"allow":["GET"]}}],"collection":[{"href":"https:\/\/talentos-objetivos.pt\/trialgp\/wp-json\/wp\/v2\/posts"}],"about":[{"href":"https:\/\/talentos-objetivos.pt\/trialgp\/wp-json\/wp\/v2\/types\/post"}],"author":[{"embeddable":true,"href":"https:\/\/talentos-objetivos.pt\/trialgp\/wp-json\/wp\/v2\/users\/6"}],"replies":[{"embeddable":true,"href":"https:\/\/talentos-objetivos.pt\/trialgp\/wp-json\/wp\/v2\/comments?post=536"}],"version-history":[{"count":0,"href":"https:\/\/talentos-objetivos.pt\/trialgp\/wp-json\/wp\/v2\/posts\/536\/revisions"}],"wp:featuredmedia":[{"embeddable":true,"href":"https:\/\/talentos-objetivos.pt\/trialgp\/wp-json\/wp\/v2\/media\/537"}],"wp:attachment":[{"href":"https:\/\/talentos-objetivos.pt\/trialgp\/wp-json\/wp\/v2\/media?parent=536"}],"wp:term":[{"taxonomy":"category","embeddable":true,"href":"https:\/\/talentos-objetivos.pt\/trialgp\/wp-json\/wp\/v2\/categories?post=536"},{"taxonomy":"post_tag","embeddable":true,"href":"https:\/\/talentos-objetivos.pt\/trialgp\/wp-json\/wp\/v2\/tags?post=536"}],"curies":[{"name":"wp","href":"https:\/\/api.w.org\/{rel}","templated":true}]}}