{"id":559,"date":"2021-09-21T12:34:09","date_gmt":"2021-09-21T12:34:09","guid":{"rendered":"http:\/\/talentos-objetivos.pt\/trialgp\/?p=559"},"modified":"2022-02-27T16:13:52","modified_gmt":"2022-02-27T16:13:52","slug":"trial-das-nacoes-esteve-em-gouveia","status":"publish","type":"post","link":"https:\/\/talentos-objetivos.pt\/trialgp\/pt\/trial-das-nacoes-esteve-em-gouveia\/559\/","title":{"rendered":"Trial das Na\u00e7\u00f5es esteve em Gouveia, Portugal"},"content":{"rendered":"\n<p>Pela segunda vez na sua hist\u00f3ria, o Trial das Na\u00e7\u00f5es realizou-se em Portugal, tendo como palco Gouveia. Foi no passado fim-de-semana.<\/p>\n\n\n\n<p>Um fim-de-semana em cheio na Serra da Estrela. Durante dois dias, Gouveia recebeu as principais competi\u00e7\u00f5es mundiais de Trial, primeiro a decis\u00e3o do Campeonato do Mundo de TrialGP, no s\u00e1bado, e depois a edi\u00e7\u00e3o de 2021 do Trial das Na\u00e7\u00f5es, disputada este domingo. Sem surpresa, Espanha conquistou os t\u00edtulos masculino e feminino de sele\u00e7\u00f5es, repetindo o feito da edi\u00e7\u00e3o anterior, realizada em 2019, em Ibiza. Toni Bou, Adam Raga e Jaime Busto dominaram por completo a competi\u00e7\u00e3o masculina, e Laia Sanz, Berta Abell\u00e1n e Sandra Gomez fizeram o mesmo na prova feminina.<\/p>\n\n\n\n<p>O p\u00f3dio masculino da categoria principal (World) ficou completo com as sele\u00e7\u00f5es de Fran\u00e7a (Benoit Bincaz, Alexandre Ferrer e Teo Colairo), no segundo lugar, e de It\u00e1lia (Matteo Grattarola, Gianluca Tournour e Lorenzo Gandola), no terceiro posto. Portugal, representado por Diogo Vieira, Paulo Gon\u00e7alves e Filipe Paiva, terminou no 10\u00ba lugar da categoria International, que foi ganha pela Noruega (Jarand Gunvaldsen, Hakon Pedersen e Sondre Haga).<\/p>\n\n\n\n<p>Na competi\u00e7\u00e3o feminina, Espanha foi acompanhada no p\u00f3dio de Gouveia pelas forma\u00e7\u00f5es da Gr\u00e3-Bretanha (Emma Bristow, Alicia Robinson e Alice Minta) e da Noruega (Seline Meling, Huldeborg Barkved e Ingveig Hakonsen). A sele\u00e7\u00e3o feminina de Portugal, formada por Rita Vieira, Mariana Afonso e Leonor Moreira, terminou no 8\u00ba lugar final.<\/p>\n\n\n\n<p>Depois de j\u00e1 ter recebido o Campeonato do Mundo de TrialGP em 2018 e 2019, Gouveia voltou a destacar-se entre a elite mundial do Trial, novamente sob a organiza\u00e7\u00e3o do clube Talentos Objetivos e do Munic\u00edpio local.<\/p>\n\n\n\n<p><\/p>\n\n\n\n<p><\/p>\n","protected":false},"excerpt":{"rendered":"<p>Pela segunda vez na sua hist\u00f3ria, o Trial das Na\u00e7\u00f5es realizou-se em Portugal, tendo como palco Gouveia. Foi no passado fim-de-semana. Um fim-de-semana em cheio na Serra da Estrela. Durante dois dias, Gouveia recebeu as principais competi\u00e7\u00f5es mundiais de Trial, primeiro a decis\u00e3o do Campeonato do Mundo de TrialGP, no&hellip; <\/p>\n","protected":false},"author":2,"featured_media":560,"comment_status":"closed","ping_status":"open","sticky":false,"template":"","format":"standard","meta":{"footnotes":""},"categories":[11,4],"tags":[],"class_list":["post-559","post","type-post","status-publish","format-standard","has-post-thumbnail","hentry","category-noticias","category-pt"],"yoast_head":"<!-- This site is optimized with the Yoast SEO plugin v27.5 - https:\/\/yoast.com\/product\/yoast-seo-wordpress\/ -->\n<title>Trial das Na\u00e7\u00f5es esteve em Gouveia, Portugal - TRIALGP Portugal<\/title>\n<meta name=\"robots\" content=\"index, follow, max-snippet:-1, max-image-preview:large, max-video-preview:-1\" \/>\n<link rel=\"canonical\" href=\"https:\/\/talentos-objetivos.pt\/trialgp\/pt\/trial-das-nacoes-esteve-em-gouveia\/559\/\" \/>\n<meta property=\"og:locale\" content=\"pt_PT\" \/>\n<meta property=\"og:type\" content=\"article\" \/>\n<meta property=\"og:title\" content=\"Trial das Na\u00e7\u00f5es esteve em Gouveia, Portugal - TRIALGP Portugal\" \/>\n<meta property=\"og:description\" content=\"Pela segunda vez na sua hist\u00f3ria, o Trial das Na\u00e7\u00f5es realizou-se em Portugal, tendo como palco Gouveia. Foi no passado fim-de-semana. Um fim-de-semana em cheio na Serra da Estrela. Durante dois dias, Gouveia recebeu as principais competi\u00e7\u00f5es mundiais de Trial, primeiro a decis\u00e3o do Campeonato do Mundo de TrialGP, no&hellip;\" \/>\n<meta property=\"og:url\" content=\"https:\/\/talentos-objetivos.pt\/trialgp\/pt\/trial-das-nacoes-esteve-em-gouveia\/559\/\" \/>\n<meta property=\"og:site_name\" content=\"TRIALGP Portugal\" \/>\n<meta property=\"article:published_time\" content=\"2021-09-21T12:34:09+00:00\" \/>\n<meta property=\"article:modified_time\" content=\"2022-02-27T16:13:52+00:00\" \/>\n<meta property=\"og:image\" content=\"https:\/\/talentos-objetivos.pt\/trialgp\/wp-content\/uploads\/sites\/5\/2022\/02\/FIM21_TrialdesNations_AMBIANCE_9973_ps.jpg\" \/>\n\t<meta property=\"og:image:width\" content=\"1600\" \/>\n\t<meta property=\"og:image:height\" content=\"1067\" \/>\n\t<meta property=\"og:image:type\" content=\"image\/jpeg\" \/>\n<meta name=\"author\" content=\"Jorge Sim\u00f5es\" \/>\n<meta name=\"twitter:card\" content=\"summary_large_image\" \/>\n<meta name=\"twitter:label1\" content=\"Escrito por\" \/>\n\t<meta name=\"twitter:data1\" content=\"Jorge Sim\u00f5es\" \/>\n\t<meta name=\"twitter:label2\" content=\"Tempo estimado de leitura\" \/>\n\t<meta name=\"twitter:data2\" content=\"1 minuto\" \/>\n<script type=\"application\/ld+json\" class=\"yoast-schema-graph\">{\"@context\":\"https:\\\/\\\/schema.org\",\"@graph\":[{\"@type\":\"Article\",\"@id\":\"https:\\\/\\\/talentos-objetivos.pt\\\/trialgp\\\/pt\\\/trial-das-nacoes-esteve-em-gouveia\\\/559\\\/#article\",\"isPartOf\":{\"@id\":\"https:\\\/\\\/talentos-objetivos.pt\\\/trialgp\\\/pt\\\/trial-das-nacoes-esteve-em-gouveia\\\/559\\\/\"},\"author\":{\"name\":\"Jorge Sim\u00f5es\",\"@id\":\"https:\\\/\\\/talentos-objetivos.pt\\\/trialgp\\\/#\\\/schema\\\/person\\\/063aae70b5a0bc9f670381b600e1a601\"},\"headline\":\"Trial das Na\u00e7\u00f5es esteve em Gouveia, Portugal\",\"datePublished\":\"2021-09-21T12:34:09+00:00\",\"dateModified\":\"2022-02-27T16:13:52+00:00\",\"mainEntityOfPage\":{\"@id\":\"https:\\\/\\\/talentos-objetivos.pt\\\/trialgp\\\/pt\\\/trial-das-nacoes-esteve-em-gouveia\\\/559\\\/\"},\"wordCount\":292,\"image\":{\"@id\":\"https:\\\/\\\/talentos-objetivos.pt\\\/trialgp\\\/pt\\\/trial-das-nacoes-esteve-em-gouveia\\\/559\\\/#primaryimage\"},\"thumbnailUrl\":\"https:\\\/\\\/talentos-objetivos.pt\\\/trialgp\\\/wp-content\\\/uploads\\\/sites\\\/5\\\/2022\\\/02\\\/FIM21_TrialdesNations_AMBIANCE_9973_ps.jpg\",\"articleSection\":[\"Not\u00edcias\",\"PT\"],\"inLanguage\":\"pt-PT\"},{\"@type\":\"WebPage\",\"@id\":\"https:\\\/\\\/talentos-objetivos.pt\\\/trialgp\\\/pt\\\/trial-das-nacoes-esteve-em-gouveia\\\/559\\\/\",\"url\":\"https:\\\/\\\/talentos-objetivos.pt\\\/trialgp\\\/pt\\\/trial-das-nacoes-esteve-em-gouveia\\\/559\\\/\",\"name\":\"Trial das Na\u00e7\u00f5es esteve em Gouveia, Portugal - TRIALGP Portugal\",\"isPartOf\":{\"@id\":\"https:\\\/\\\/talentos-objetivos.pt\\\/trialgp\\\/#website\"},\"primaryImageOfPage\":{\"@id\":\"https:\\\/\\\/talentos-objetivos.pt\\\/trialgp\\\/pt\\\/trial-das-nacoes-esteve-em-gouveia\\\/559\\\/#primaryimage\"},\"image\":{\"@id\":\"https:\\\/\\\/talentos-objetivos.pt\\\/trialgp\\\/pt\\\/trial-das-nacoes-esteve-em-gouveia\\\/559\\\/#primaryimage\"},\"thumbnailUrl\":\"https:\\\/\\\/talentos-objetivos.pt\\\/trialgp\\\/wp-content\\\/uploads\\\/sites\\\/5\\\/2022\\\/02\\\/FIM21_TrialdesNations_AMBIANCE_9973_ps.jpg\",\"datePublished\":\"2021-09-21T12:34:09+00:00\",\"dateModified\":\"2022-02-27T16:13:52+00:00\",\"author\":{\"@id\":\"https:\\\/\\\/talentos-objetivos.pt\\\/trialgp\\\/#\\\/schema\\\/person\\\/063aae70b5a0bc9f670381b600e1a601\"},\"breadcrumb\":{\"@id\":\"https:\\\/\\\/talentos-objetivos.pt\\\/trialgp\\\/pt\\\/trial-das-nacoes-esteve-em-gouveia\\\/559\\\/#breadcrumb\"},\"inLanguage\":\"pt-PT\",\"potentialAction\":[{\"@type\":\"ReadAction\",\"target\":[\"https:\\\/\\\/talentos-objetivos.pt\\\/trialgp\\\/pt\\\/trial-das-nacoes-esteve-em-gouveia\\\/559\\\/\"]}]},{\"@type\":\"ImageObject\",\"inLanguage\":\"pt-PT\",\"@id\":\"https:\\\/\\\/talentos-objetivos.pt\\\/trialgp\\\/pt\\\/trial-das-nacoes-esteve-em-gouveia\\\/559\\\/#primaryimage\",\"url\":\"https:\\\/\\\/talentos-objetivos.pt\\\/trialgp\\\/wp-content\\\/uploads\\\/sites\\\/5\\\/2022\\\/02\\\/FIM21_TrialdesNations_AMBIANCE_9973_ps.jpg\",\"contentUrl\":\"https:\\\/\\\/talentos-objetivos.pt\\\/trialgp\\\/wp-content\\\/uploads\\\/sites\\\/5\\\/2022\\\/02\\\/FIM21_TrialdesNations_AMBIANCE_9973_ps.jpg\",\"width\":1600,\"height\":1067},{\"@type\":\"BreadcrumbList\",\"@id\":\"https:\\\/\\\/talentos-objetivos.pt\\\/trialgp\\\/pt\\\/trial-das-nacoes-esteve-em-gouveia\\\/559\\\/#breadcrumb\",\"itemListElement\":[{\"@type\":\"ListItem\",\"position\":1,\"name\":\"In\u00edcio\",\"item\":\"https:\\\/\\\/talentos-objetivos.pt\\\/trialgp\\\/\"},{\"@type\":\"ListItem\",\"position\":2,\"name\":\"Trial das Na\u00e7\u00f5es esteve em Gouveia, Portugal\"}]},{\"@type\":\"WebSite\",\"@id\":\"https:\\\/\\\/talentos-objetivos.pt\\\/trialgp\\\/#website\",\"url\":\"https:\\\/\\\/talentos-objetivos.pt\\\/trialgp\\\/\",\"name\":\"TRIALGP Portugal\",\"description\":\"TrialGp - Gouveia 2023\",\"potentialAction\":[{\"@type\":\"SearchAction\",\"target\":{\"@type\":\"EntryPoint\",\"urlTemplate\":\"https:\\\/\\\/talentos-objetivos.pt\\\/trialgp\\\/?s={search_term_string}\"},\"query-input\":{\"@type\":\"PropertyValueSpecification\",\"valueRequired\":true,\"valueName\":\"search_term_string\"}}],\"inLanguage\":\"pt-PT\"},{\"@type\":\"Person\",\"@id\":\"https:\\\/\\\/talentos-objetivos.pt\\\/trialgp\\\/#\\\/schema\\\/person\\\/063aae70b5a0bc9f670381b600e1a601\",\"name\":\"Jorge Sim\u00f5es\",\"image\":{\"@type\":\"ImageObject\",\"inLanguage\":\"pt-PT\",\"@id\":\"https:\\\/\\\/secure.gravatar.com\\\/avatar\\\/1b618a4dfef3cb5350c16e6129cedea84a3078e82dd755e8847366ad7960584d?s=96&d=mm&r=g\",\"url\":\"https:\\\/\\\/secure.gravatar.com\\\/avatar\\\/1b618a4dfef3cb5350c16e6129cedea84a3078e82dd755e8847366ad7960584d?s=96&d=mm&r=g\",\"contentUrl\":\"https:\\\/\\\/secure.gravatar.com\\\/avatar\\\/1b618a4dfef3cb5350c16e6129cedea84a3078e82dd755e8847366ad7960584d?s=96&d=mm&r=g\",\"caption\":\"Jorge Sim\u00f5es\"},\"sameAs\":[\"http:\\\/\\\/www.talentos-objetivos.pt\"],\"url\":\"https:\\\/\\\/talentos-objetivos.pt\\\/trialgp\\\/author\\\/jorge-simoes\\\/\"}]}<\/script>\n<!-- \/ Yoast SEO plugin. -->","yoast_head_json":{"title":"Trial das Na\u00e7\u00f5es esteve em Gouveia, Portugal - TRIALGP Portugal","robots":{"index":"index","follow":"follow","max-snippet":"max-snippet:-1","max-image-preview":"max-image-preview:large","max-video-preview":"max-video-preview:-1"},"canonical":"https:\/\/talentos-objetivos.pt\/trialgp\/pt\/trial-das-nacoes-esteve-em-gouveia\/559\/","og_locale":"pt_PT","og_type":"article","og_title":"Trial das Na\u00e7\u00f5es esteve em Gouveia, Portugal - TRIALGP Portugal","og_description":"Pela segunda vez na sua hist\u00f3ria, o Trial das Na\u00e7\u00f5es realizou-se em Portugal, tendo como palco Gouveia. Foi no passado fim-de-semana. Um fim-de-semana em cheio na Serra da Estrela. Durante dois dias, Gouveia recebeu as principais competi\u00e7\u00f5es mundiais de Trial, primeiro a decis\u00e3o do Campeonato do Mundo de TrialGP, no&hellip;","og_url":"https:\/\/talentos-objetivos.pt\/trialgp\/pt\/trial-das-nacoes-esteve-em-gouveia\/559\/","og_site_name":"TRIALGP Portugal","article_published_time":"2021-09-21T12:34:09+00:00","article_modified_time":"2022-02-27T16:13:52+00:00","og_image":[{"width":1600,"height":1067,"url":"https:\/\/talentos-objetivos.pt\/trialgp\/wp-content\/uploads\/sites\/5\/2022\/02\/FIM21_TrialdesNations_AMBIANCE_9973_ps.jpg","type":"image\/jpeg"}],"author":"Jorge Sim\u00f5es","twitter_card":"summary_large_image","twitter_misc":{"Escrito por":"Jorge Sim\u00f5es","Tempo estimado de leitura":"1 minuto"},"schema":{"@context":"https:\/\/schema.org","@graph":[{"@type":"Article","@id":"https:\/\/talentos-objetivos.pt\/trialgp\/pt\/trial-das-nacoes-esteve-em-gouveia\/559\/#article","isPartOf":{"@id":"https:\/\/talentos-objetivos.pt\/trialgp\/pt\/trial-das-nacoes-esteve-em-gouveia\/559\/"},"author":{"name":"Jorge Sim\u00f5es","@id":"https:\/\/talentos-objetivos.pt\/trialgp\/#\/schema\/person\/063aae70b5a0bc9f670381b600e1a601"},"headline":"Trial das Na\u00e7\u00f5es esteve em Gouveia, Portugal","datePublished":"2021-09-21T12:34:09+00:00","dateModified":"2022-02-27T16:13:52+00:00","mainEntityOfPage":{"@id":"https:\/\/talentos-objetivos.pt\/trialgp\/pt\/trial-das-nacoes-esteve-em-gouveia\/559\/"},"wordCount":292,"image":{"@id":"https:\/\/talentos-objetivos.pt\/trialgp\/pt\/trial-das-nacoes-esteve-em-gouveia\/559\/#primaryimage"},"thumbnailUrl":"https:\/\/talentos-objetivos.pt\/trialgp\/wp-content\/uploads\/sites\/5\/2022\/02\/FIM21_TrialdesNations_AMBIANCE_9973_ps.jpg","articleSection":["Not\u00edcias","PT"],"inLanguage":"pt-PT"},{"@type":"WebPage","@id":"https:\/\/talentos-objetivos.pt\/trialgp\/pt\/trial-das-nacoes-esteve-em-gouveia\/559\/","url":"https:\/\/talentos-objetivos.pt\/trialgp\/pt\/trial-das-nacoes-esteve-em-gouveia\/559\/","name":"Trial das Na\u00e7\u00f5es esteve em Gouveia, Portugal - TRIALGP Portugal","isPartOf":{"@id":"https:\/\/talentos-objetivos.pt\/trialgp\/#website"},"primaryImageOfPage":{"@id":"https:\/\/talentos-objetivos.pt\/trialgp\/pt\/trial-das-nacoes-esteve-em-gouveia\/559\/#primaryimage"},"image":{"@id":"https:\/\/talentos-objetivos.pt\/trialgp\/pt\/trial-das-nacoes-esteve-em-gouveia\/559\/#primaryimage"},"thumbnailUrl":"https:\/\/talentos-objetivos.pt\/trialgp\/wp-content\/uploads\/sites\/5\/2022\/02\/FIM21_TrialdesNations_AMBIANCE_9973_ps.jpg","datePublished":"2021-09-21T12:34:09+00:00","dateModified":"2022-02-27T16:13:52+00:00","author":{"@id":"https:\/\/talentos-objetivos.pt\/trialgp\/#\/schema\/person\/063aae70b5a0bc9f670381b600e1a601"},"breadcrumb":{"@id":"https:\/\/talentos-objetivos.pt\/trialgp\/pt\/trial-das-nacoes-esteve-em-gouveia\/559\/#breadcrumb"},"inLanguage":"pt-PT","potentialAction":[{"@type":"ReadAction","target":["https:\/\/talentos-objetivos.pt\/trialgp\/pt\/trial-das-nacoes-esteve-em-gouveia\/559\/"]}]},{"@type":"ImageObject","inLanguage":"pt-PT","@id":"https:\/\/talentos-objetivos.pt\/trialgp\/pt\/trial-das-nacoes-esteve-em-gouveia\/559\/#primaryimage","url":"https:\/\/talentos-objetivos.pt\/trialgp\/wp-content\/uploads\/sites\/5\/2022\/02\/FIM21_TrialdesNations_AMBIANCE_9973_ps.jpg","contentUrl":"https:\/\/talentos-objetivos.pt\/trialgp\/wp-content\/uploads\/sites\/5\/2022\/02\/FIM21_TrialdesNations_AMBIANCE_9973_ps.jpg","width":1600,"height":1067},{"@type":"BreadcrumbList","@id":"https:\/\/talentos-objetivos.pt\/trialgp\/pt\/trial-das-nacoes-esteve-em-gouveia\/559\/#breadcrumb","itemListElement":[{"@type":"ListItem","position":1,"name":"In\u00edcio","item":"https:\/\/talentos-objetivos.pt\/trialgp\/"},{"@type":"ListItem","position":2,"name":"Trial das Na\u00e7\u00f5es esteve em Gouveia, Portugal"}]},{"@type":"WebSite","@id":"https:\/\/talentos-objetivos.pt\/trialgp\/#website","url":"https:\/\/talentos-objetivos.pt\/trialgp\/","name":"TRIALGP Portugal","description":"TrialGp - Gouveia 2023","potentialAction":[{"@type":"SearchAction","target":{"@type":"EntryPoint","urlTemplate":"https:\/\/talentos-objetivos.pt\/trialgp\/?s={search_term_string}"},"query-input":{"@type":"PropertyValueSpecification","valueRequired":true,"valueName":"search_term_string"}}],"inLanguage":"pt-PT"},{"@type":"Person","@id":"https:\/\/talentos-objetivos.pt\/trialgp\/#\/schema\/person\/063aae70b5a0bc9f670381b600e1a601","name":"Jorge Sim\u00f5es","image":{"@type":"ImageObject","inLanguage":"pt-PT","@id":"https:\/\/secure.gravatar.com\/avatar\/1b618a4dfef3cb5350c16e6129cedea84a3078e82dd755e8847366ad7960584d?s=96&d=mm&r=g","url":"https:\/\/secure.gravatar.com\/avatar\/1b618a4dfef3cb5350c16e6129cedea84a3078e82dd755e8847366ad7960584d?s=96&d=mm&r=g","contentUrl":"https:\/\/secure.gravatar.com\/avatar\/1b618a4dfef3cb5350c16e6129cedea84a3078e82dd755e8847366ad7960584d?s=96&d=mm&r=g","caption":"Jorge Sim\u00f5es"},"sameAs":["http:\/\/www.talentos-objetivos.pt"],"url":"https:\/\/talentos-objetivos.pt\/trialgp\/author\/jorge-simoes\/"}]}},"_links":{"self":[{"href":"https:\/\/talentos-objetivos.pt\/trialgp\/wp-json\/wp\/v2\/posts\/559","targetHints":{"allow":["GET"]}}],"collection":[{"href":"https:\/\/talentos-objetivos.pt\/trialgp\/wp-json\/wp\/v2\/posts"}],"about":[{"href":"https:\/\/talentos-objetivos.pt\/trialgp\/wp-json\/wp\/v2\/types\/post"}],"author":[{"embeddable":true,"href":"https:\/\/talentos-objetivos.pt\/trialgp\/wp-json\/wp\/v2\/users\/2"}],"replies":[{"embeddable":true,"href":"https:\/\/talentos-objetivos.pt\/trialgp\/wp-json\/wp\/v2\/comments?post=559"}],"version-history":[{"count":0,"href":"https:\/\/talentos-objetivos.pt\/trialgp\/wp-json\/wp\/v2\/posts\/559\/revisions"}],"wp:featuredmedia":[{"embeddable":true,"href":"https:\/\/talentos-objetivos.pt\/trialgp\/wp-json\/wp\/v2\/media\/560"}],"wp:attachment":[{"href":"https:\/\/talentos-objetivos.pt\/trialgp\/wp-json\/wp\/v2\/media?parent=559"}],"wp:term":[{"taxonomy":"category","embeddable":true,"href":"https:\/\/talentos-objetivos.pt\/trialgp\/wp-json\/wp\/v2\/categories?post=559"},{"taxonomy":"post_tag","embeddable":true,"href":"https:\/\/talentos-objetivos.pt\/trialgp\/wp-json\/wp\/v2\/tags?post=559"}],"curies":[{"name":"wp","href":"https:\/\/api.w.org\/{rel}","templated":true}]}}