{"id":60,"date":"2017-11-21T20:13:05","date_gmt":"2017-11-21T20:13:05","guid":{"rendered":"http:\/\/talentos-objetivos.pt\/trialgp\/?p=60"},"modified":"2018-01-17T16:27:32","modified_gmt":"2018-01-17T16:27:32","slug":"mundial-trial-2018-gouveia-marca-regresso-a-portugal","status":"publish","type":"post","link":"https:\/\/talentos-objetivos.pt\/trialgp\/pt\/mundial-trial-2018-gouveia-marca-regresso-a-portugal\/60\/","title":{"rendered":"Mundial Trial 2018: Gouveia marca regresso a Portugal"},"content":{"rendered":"<p>Depois do Enduro a cidade de Gouveia acolhe novamente no pr\u00f3ximo ano uma prova eleg\u00edvel para o campeonato do mundo de Trial. A \u00faltima vez que o campeonato da especialidade esteve em Portugal foi em Setembro de 2015 e para Gouveia este ser\u00e1 igualmente um regresso pois o campeonato esteve junto \u00e0 Serra da Estrela em 2004 numa ronda onde Adam Raga venceu ambas as corridas.<\/p>\n<p>Agora, 14 anos depois e com organiza\u00e7\u00e3o conjunto do clube Talentos &amp; Objectivos e a C\u00e2mara Municipal de Gouveia, a prova ser\u00e1 realizada nos dias 23 e 24 de Junho e ser\u00e1 a quarta ronda de um campeonato composto por oito etapas. A prova de Gouveia contar\u00e1 com a presen\u00e7a dos pilotos do Trial GP, Trial 2 e Trial 125, sendo as duas primeiras as principais categorias da modalidade e as 125 destinadas aos jovens pilotos.<\/p>\n<p>A prova do campeonato do mundo de Trial est\u00e1 a ser preparada ao pormenor pela organiza\u00e7\u00e3o, que pretende manter o bom n\u00edvel organizativo revelado nas provas do mundial e europeu de Enduro dos \u00faltimos anos<\/p>\n","protected":false},"excerpt":{"rendered":"<p>Depois do Enduro a cidade de Gouveia acolhe novamente no pr\u00f3ximo ano uma prova eleg\u00edvel para o campeonato do mundo de Trial. A \u00faltima vez que o campeonato da especialidade esteve em Portugal foi em Setembro de 2015 e para Gouveia este ser\u00e1 igualmente um regresso pois o campeonato esteve&hellip; <\/p>\n","protected":false},"author":2,"featured_media":229,"comment_status":"closed","ping_status":"open","sticky":false,"template":"","format":"standard","meta":{"footnotes":""},"categories":[11,4],"tags":[16],"class_list":["post-60","post","type-post","status-publish","format-standard","has-post-thumbnail","hentry","category-noticias","category-pt","tag-trial-gp"],"yoast_head":"<!-- This site is optimized with the Yoast SEO plugin v27.5 - https:\/\/yoast.com\/product\/yoast-seo-wordpress\/ -->\n<title>Mundial Trial 2018: Gouveia marca regresso a Portugal - TRIALGP Portugal<\/title>\n<meta name=\"robots\" content=\"index, follow, max-snippet:-1, max-image-preview:large, max-video-preview:-1\" \/>\n<link rel=\"canonical\" href=\"https:\/\/talentos-objetivos.pt\/trialgp\/pt\/mundial-trial-2018-gouveia-marca-regresso-a-portugal\/60\/\" \/>\n<meta property=\"og:locale\" content=\"pt_PT\" \/>\n<meta property=\"og:type\" content=\"article\" \/>\n<meta property=\"og:title\" content=\"Mundial Trial 2018: Gouveia marca regresso a Portugal - TRIALGP Portugal\" \/>\n<meta property=\"og:description\" content=\"Depois do Enduro a cidade de Gouveia acolhe novamente no pr\u00f3ximo ano uma prova eleg\u00edvel para o campeonato do mundo de Trial. A \u00faltima vez que o campeonato da especialidade esteve em Portugal foi em Setembro de 2015 e para Gouveia este ser\u00e1 igualmente um regresso pois o campeonato esteve&hellip;\" \/>\n<meta property=\"og:url\" content=\"https:\/\/talentos-objetivos.pt\/trialgp\/pt\/mundial-trial-2018-gouveia-marca-regresso-a-portugal\/60\/\" \/>\n<meta property=\"og:site_name\" content=\"TRIALGP Portugal\" \/>\n<meta property=\"article:published_time\" content=\"2017-11-21T20:13:05+00:00\" \/>\n<meta property=\"article:modified_time\" content=\"2018-01-17T16:27:32+00:00\" \/>\n<meta property=\"og:image\" content=\"https:\/\/talentos-objetivos.pt\/trialgp\/wp-content\/uploads\/sites\/5\/2018\/01\/trialGP_2018_050118-big-2.jpg\" \/>\n\t<meta property=\"og:image:width\" content=\"1000\" \/>\n\t<meta property=\"og:image:height\" content=\"522\" \/>\n\t<meta property=\"og:image:type\" content=\"image\/jpeg\" \/>\n<meta name=\"author\" content=\"Jorge Sim\u00f5es\" \/>\n<meta name=\"twitter:card\" content=\"summary_large_image\" \/>\n<meta name=\"twitter:label1\" content=\"Escrito por\" \/>\n\t<meta name=\"twitter:data1\" content=\"Jorge Sim\u00f5es\" \/>\n\t<meta name=\"twitter:label2\" content=\"Tempo estimado de leitura\" \/>\n\t<meta name=\"twitter:data2\" content=\"1 minuto\" \/>\n<script type=\"application\/ld+json\" class=\"yoast-schema-graph\">{\"@context\":\"https:\\\/\\\/schema.org\",\"@graph\":[{\"@type\":\"Article\",\"@id\":\"https:\\\/\\\/talentos-objetivos.pt\\\/trialgp\\\/pt\\\/mundial-trial-2018-gouveia-marca-regresso-a-portugal\\\/60\\\/#article\",\"isPartOf\":{\"@id\":\"https:\\\/\\\/talentos-objetivos.pt\\\/trialgp\\\/pt\\\/mundial-trial-2018-gouveia-marca-regresso-a-portugal\\\/60\\\/\"},\"author\":{\"name\":\"Jorge Sim\u00f5es\",\"@id\":\"https:\\\/\\\/talentos-objetivos.pt\\\/trialgp\\\/#\\\/schema\\\/person\\\/063aae70b5a0bc9f670381b600e1a601\"},\"headline\":\"Mundial Trial 2018: Gouveia marca regresso a Portugal\",\"datePublished\":\"2017-11-21T20:13:05+00:00\",\"dateModified\":\"2018-01-17T16:27:32+00:00\",\"mainEntityOfPage\":{\"@id\":\"https:\\\/\\\/talentos-objetivos.pt\\\/trialgp\\\/pt\\\/mundial-trial-2018-gouveia-marca-regresso-a-portugal\\\/60\\\/\"},\"wordCount\":182,\"image\":{\"@id\":\"https:\\\/\\\/talentos-objetivos.pt\\\/trialgp\\\/pt\\\/mundial-trial-2018-gouveia-marca-regresso-a-portugal\\\/60\\\/#primaryimage\"},\"thumbnailUrl\":\"https:\\\/\\\/talentos-objetivos.pt\\\/trialgp\\\/wp-content\\\/uploads\\\/sites\\\/5\\\/2018\\\/01\\\/trialGP_2018_050118-big-2.jpg\",\"keywords\":[\"Trial GP\"],\"articleSection\":[\"Not\u00edcias\",\"PT\"],\"inLanguage\":\"pt-PT\"},{\"@type\":\"WebPage\",\"@id\":\"https:\\\/\\\/talentos-objetivos.pt\\\/trialgp\\\/pt\\\/mundial-trial-2018-gouveia-marca-regresso-a-portugal\\\/60\\\/\",\"url\":\"https:\\\/\\\/talentos-objetivos.pt\\\/trialgp\\\/pt\\\/mundial-trial-2018-gouveia-marca-regresso-a-portugal\\\/60\\\/\",\"name\":\"Mundial Trial 2018: Gouveia marca regresso a Portugal - TRIALGP Portugal\",\"isPartOf\":{\"@id\":\"https:\\\/\\\/talentos-objetivos.pt\\\/trialgp\\\/#website\"},\"primaryImageOfPage\":{\"@id\":\"https:\\\/\\\/talentos-objetivos.pt\\\/trialgp\\\/pt\\\/mundial-trial-2018-gouveia-marca-regresso-a-portugal\\\/60\\\/#primaryimage\"},\"image\":{\"@id\":\"https:\\\/\\\/talentos-objetivos.pt\\\/trialgp\\\/pt\\\/mundial-trial-2018-gouveia-marca-regresso-a-portugal\\\/60\\\/#primaryimage\"},\"thumbnailUrl\":\"https:\\\/\\\/talentos-objetivos.pt\\\/trialgp\\\/wp-content\\\/uploads\\\/sites\\\/5\\\/2018\\\/01\\\/trialGP_2018_050118-big-2.jpg\",\"datePublished\":\"2017-11-21T20:13:05+00:00\",\"dateModified\":\"2018-01-17T16:27:32+00:00\",\"author\":{\"@id\":\"https:\\\/\\\/talentos-objetivos.pt\\\/trialgp\\\/#\\\/schema\\\/person\\\/063aae70b5a0bc9f670381b600e1a601\"},\"breadcrumb\":{\"@id\":\"https:\\\/\\\/talentos-objetivos.pt\\\/trialgp\\\/pt\\\/mundial-trial-2018-gouveia-marca-regresso-a-portugal\\\/60\\\/#breadcrumb\"},\"inLanguage\":\"pt-PT\",\"potentialAction\":[{\"@type\":\"ReadAction\",\"target\":[\"https:\\\/\\\/talentos-objetivos.pt\\\/trialgp\\\/pt\\\/mundial-trial-2018-gouveia-marca-regresso-a-portugal\\\/60\\\/\"]}]},{\"@type\":\"ImageObject\",\"inLanguage\":\"pt-PT\",\"@id\":\"https:\\\/\\\/talentos-objetivos.pt\\\/trialgp\\\/pt\\\/mundial-trial-2018-gouveia-marca-regresso-a-portugal\\\/60\\\/#primaryimage\",\"url\":\"https:\\\/\\\/talentos-objetivos.pt\\\/trialgp\\\/wp-content\\\/uploads\\\/sites\\\/5\\\/2018\\\/01\\\/trialGP_2018_050118-big-2.jpg\",\"contentUrl\":\"https:\\\/\\\/talentos-objetivos.pt\\\/trialgp\\\/wp-content\\\/uploads\\\/sites\\\/5\\\/2018\\\/01\\\/trialGP_2018_050118-big-2.jpg\",\"width\":1000,\"height\":522},{\"@type\":\"BreadcrumbList\",\"@id\":\"https:\\\/\\\/talentos-objetivos.pt\\\/trialgp\\\/pt\\\/mundial-trial-2018-gouveia-marca-regresso-a-portugal\\\/60\\\/#breadcrumb\",\"itemListElement\":[{\"@type\":\"ListItem\",\"position\":1,\"name\":\"In\u00edcio\",\"item\":\"https:\\\/\\\/talentos-objetivos.pt\\\/trialgp\\\/\"},{\"@type\":\"ListItem\",\"position\":2,\"name\":\"Mundial Trial 2018: Gouveia marca regresso a Portugal\"}]},{\"@type\":\"WebSite\",\"@id\":\"https:\\\/\\\/talentos-objetivos.pt\\\/trialgp\\\/#website\",\"url\":\"https:\\\/\\\/talentos-objetivos.pt\\\/trialgp\\\/\",\"name\":\"TRIALGP Portugal\",\"description\":\"TrialGp - Gouveia 2023\",\"potentialAction\":[{\"@type\":\"SearchAction\",\"target\":{\"@type\":\"EntryPoint\",\"urlTemplate\":\"https:\\\/\\\/talentos-objetivos.pt\\\/trialgp\\\/?s={search_term_string}\"},\"query-input\":{\"@type\":\"PropertyValueSpecification\",\"valueRequired\":true,\"valueName\":\"search_term_string\"}}],\"inLanguage\":\"pt-PT\"},{\"@type\":\"Person\",\"@id\":\"https:\\\/\\\/talentos-objetivos.pt\\\/trialgp\\\/#\\\/schema\\\/person\\\/063aae70b5a0bc9f670381b600e1a601\",\"name\":\"Jorge Sim\u00f5es\",\"image\":{\"@type\":\"ImageObject\",\"inLanguage\":\"pt-PT\",\"@id\":\"https:\\\/\\\/secure.gravatar.com\\\/avatar\\\/1b618a4dfef3cb5350c16e6129cedea84a3078e82dd755e8847366ad7960584d?s=96&d=mm&r=g\",\"url\":\"https:\\\/\\\/secure.gravatar.com\\\/avatar\\\/1b618a4dfef3cb5350c16e6129cedea84a3078e82dd755e8847366ad7960584d?s=96&d=mm&r=g\",\"contentUrl\":\"https:\\\/\\\/secure.gravatar.com\\\/avatar\\\/1b618a4dfef3cb5350c16e6129cedea84a3078e82dd755e8847366ad7960584d?s=96&d=mm&r=g\",\"caption\":\"Jorge Sim\u00f5es\"},\"sameAs\":[\"http:\\\/\\\/www.talentos-objetivos.pt\"],\"url\":\"https:\\\/\\\/talentos-objetivos.pt\\\/trialgp\\\/author\\\/jorge-simoes\\\/\"}]}<\/script>\n<!-- \/ Yoast SEO plugin. -->","yoast_head_json":{"title":"Mundial Trial 2018: Gouveia marca regresso a Portugal - TRIALGP Portugal","robots":{"index":"index","follow":"follow","max-snippet":"max-snippet:-1","max-image-preview":"max-image-preview:large","max-video-preview":"max-video-preview:-1"},"canonical":"https:\/\/talentos-objetivos.pt\/trialgp\/pt\/mundial-trial-2018-gouveia-marca-regresso-a-portugal\/60\/","og_locale":"pt_PT","og_type":"article","og_title":"Mundial Trial 2018: Gouveia marca regresso a Portugal - TRIALGP Portugal","og_description":"Depois do Enduro a cidade de Gouveia acolhe novamente no pr\u00f3ximo ano uma prova eleg\u00edvel para o campeonato do mundo de Trial. A \u00faltima vez que o campeonato da especialidade esteve em Portugal foi em Setembro de 2015 e para Gouveia este ser\u00e1 igualmente um regresso pois o campeonato esteve&hellip;","og_url":"https:\/\/talentos-objetivos.pt\/trialgp\/pt\/mundial-trial-2018-gouveia-marca-regresso-a-portugal\/60\/","og_site_name":"TRIALGP Portugal","article_published_time":"2017-11-21T20:13:05+00:00","article_modified_time":"2018-01-17T16:27:32+00:00","og_image":[{"width":1000,"height":522,"url":"https:\/\/talentos-objetivos.pt\/trialgp\/wp-content\/uploads\/sites\/5\/2018\/01\/trialGP_2018_050118-big-2.jpg","type":"image\/jpeg"}],"author":"Jorge Sim\u00f5es","twitter_card":"summary_large_image","twitter_misc":{"Escrito por":"Jorge Sim\u00f5es","Tempo estimado de leitura":"1 minuto"},"schema":{"@context":"https:\/\/schema.org","@graph":[{"@type":"Article","@id":"https:\/\/talentos-objetivos.pt\/trialgp\/pt\/mundial-trial-2018-gouveia-marca-regresso-a-portugal\/60\/#article","isPartOf":{"@id":"https:\/\/talentos-objetivos.pt\/trialgp\/pt\/mundial-trial-2018-gouveia-marca-regresso-a-portugal\/60\/"},"author":{"name":"Jorge Sim\u00f5es","@id":"https:\/\/talentos-objetivos.pt\/trialgp\/#\/schema\/person\/063aae70b5a0bc9f670381b600e1a601"},"headline":"Mundial Trial 2018: Gouveia marca regresso a Portugal","datePublished":"2017-11-21T20:13:05+00:00","dateModified":"2018-01-17T16:27:32+00:00","mainEntityOfPage":{"@id":"https:\/\/talentos-objetivos.pt\/trialgp\/pt\/mundial-trial-2018-gouveia-marca-regresso-a-portugal\/60\/"},"wordCount":182,"image":{"@id":"https:\/\/talentos-objetivos.pt\/trialgp\/pt\/mundial-trial-2018-gouveia-marca-regresso-a-portugal\/60\/#primaryimage"},"thumbnailUrl":"https:\/\/talentos-objetivos.pt\/trialgp\/wp-content\/uploads\/sites\/5\/2018\/01\/trialGP_2018_050118-big-2.jpg","keywords":["Trial GP"],"articleSection":["Not\u00edcias","PT"],"inLanguage":"pt-PT"},{"@type":"WebPage","@id":"https:\/\/talentos-objetivos.pt\/trialgp\/pt\/mundial-trial-2018-gouveia-marca-regresso-a-portugal\/60\/","url":"https:\/\/talentos-objetivos.pt\/trialgp\/pt\/mundial-trial-2018-gouveia-marca-regresso-a-portugal\/60\/","name":"Mundial Trial 2018: Gouveia marca regresso a Portugal - TRIALGP Portugal","isPartOf":{"@id":"https:\/\/talentos-objetivos.pt\/trialgp\/#website"},"primaryImageOfPage":{"@id":"https:\/\/talentos-objetivos.pt\/trialgp\/pt\/mundial-trial-2018-gouveia-marca-regresso-a-portugal\/60\/#primaryimage"},"image":{"@id":"https:\/\/talentos-objetivos.pt\/trialgp\/pt\/mundial-trial-2018-gouveia-marca-regresso-a-portugal\/60\/#primaryimage"},"thumbnailUrl":"https:\/\/talentos-objetivos.pt\/trialgp\/wp-content\/uploads\/sites\/5\/2018\/01\/trialGP_2018_050118-big-2.jpg","datePublished":"2017-11-21T20:13:05+00:00","dateModified":"2018-01-17T16:27:32+00:00","author":{"@id":"https:\/\/talentos-objetivos.pt\/trialgp\/#\/schema\/person\/063aae70b5a0bc9f670381b600e1a601"},"breadcrumb":{"@id":"https:\/\/talentos-objetivos.pt\/trialgp\/pt\/mundial-trial-2018-gouveia-marca-regresso-a-portugal\/60\/#breadcrumb"},"inLanguage":"pt-PT","potentialAction":[{"@type":"ReadAction","target":["https:\/\/talentos-objetivos.pt\/trialgp\/pt\/mundial-trial-2018-gouveia-marca-regresso-a-portugal\/60\/"]}]},{"@type":"ImageObject","inLanguage":"pt-PT","@id":"https:\/\/talentos-objetivos.pt\/trialgp\/pt\/mundial-trial-2018-gouveia-marca-regresso-a-portugal\/60\/#primaryimage","url":"https:\/\/talentos-objetivos.pt\/trialgp\/wp-content\/uploads\/sites\/5\/2018\/01\/trialGP_2018_050118-big-2.jpg","contentUrl":"https:\/\/talentos-objetivos.pt\/trialgp\/wp-content\/uploads\/sites\/5\/2018\/01\/trialGP_2018_050118-big-2.jpg","width":1000,"height":522},{"@type":"BreadcrumbList","@id":"https:\/\/talentos-objetivos.pt\/trialgp\/pt\/mundial-trial-2018-gouveia-marca-regresso-a-portugal\/60\/#breadcrumb","itemListElement":[{"@type":"ListItem","position":1,"name":"In\u00edcio","item":"https:\/\/talentos-objetivos.pt\/trialgp\/"},{"@type":"ListItem","position":2,"name":"Mundial Trial 2018: Gouveia marca regresso a Portugal"}]},{"@type":"WebSite","@id":"https:\/\/talentos-objetivos.pt\/trialgp\/#website","url":"https:\/\/talentos-objetivos.pt\/trialgp\/","name":"TRIALGP Portugal","description":"TrialGp - Gouveia 2023","potentialAction":[{"@type":"SearchAction","target":{"@type":"EntryPoint","urlTemplate":"https:\/\/talentos-objetivos.pt\/trialgp\/?s={search_term_string}"},"query-input":{"@type":"PropertyValueSpecification","valueRequired":true,"valueName":"search_term_string"}}],"inLanguage":"pt-PT"},{"@type":"Person","@id":"https:\/\/talentos-objetivos.pt\/trialgp\/#\/schema\/person\/063aae70b5a0bc9f670381b600e1a601","name":"Jorge Sim\u00f5es","image":{"@type":"ImageObject","inLanguage":"pt-PT","@id":"https:\/\/secure.gravatar.com\/avatar\/1b618a4dfef3cb5350c16e6129cedea84a3078e82dd755e8847366ad7960584d?s=96&d=mm&r=g","url":"https:\/\/secure.gravatar.com\/avatar\/1b618a4dfef3cb5350c16e6129cedea84a3078e82dd755e8847366ad7960584d?s=96&d=mm&r=g","contentUrl":"https:\/\/secure.gravatar.com\/avatar\/1b618a4dfef3cb5350c16e6129cedea84a3078e82dd755e8847366ad7960584d?s=96&d=mm&r=g","caption":"Jorge Sim\u00f5es"},"sameAs":["http:\/\/www.talentos-objetivos.pt"],"url":"https:\/\/talentos-objetivos.pt\/trialgp\/author\/jorge-simoes\/"}]}},"_links":{"self":[{"href":"https:\/\/talentos-objetivos.pt\/trialgp\/wp-json\/wp\/v2\/posts\/60","targetHints":{"allow":["GET"]}}],"collection":[{"href":"https:\/\/talentos-objetivos.pt\/trialgp\/wp-json\/wp\/v2\/posts"}],"about":[{"href":"https:\/\/talentos-objetivos.pt\/trialgp\/wp-json\/wp\/v2\/types\/post"}],"author":[{"embeddable":true,"href":"https:\/\/talentos-objetivos.pt\/trialgp\/wp-json\/wp\/v2\/users\/2"}],"replies":[{"embeddable":true,"href":"https:\/\/talentos-objetivos.pt\/trialgp\/wp-json\/wp\/v2\/comments?post=60"}],"version-history":[{"count":0,"href":"https:\/\/talentos-objetivos.pt\/trialgp\/wp-json\/wp\/v2\/posts\/60\/revisions"}],"wp:featuredmedia":[{"embeddable":true,"href":"https:\/\/talentos-objetivos.pt\/trialgp\/wp-json\/wp\/v2\/media\/229"}],"wp:attachment":[{"href":"https:\/\/talentos-objetivos.pt\/trialgp\/wp-json\/wp\/v2\/media?parent=60"}],"wp:term":[{"taxonomy":"category","embeddable":true,"href":"https:\/\/talentos-objetivos.pt\/trialgp\/wp-json\/wp\/v2\/categories?post=60"},{"taxonomy":"post_tag","embeddable":true,"href":"https:\/\/talentos-objetivos.pt\/trialgp\/wp-json\/wp\/v2\/tags?post=60"}],"curies":[{"name":"wp","href":"https:\/\/api.w.org\/{rel}","templated":true}]}}