{"id":616,"date":"2023-03-10T21:16:00","date_gmt":"2023-03-10T21:16:00","guid":{"rendered":"https:\/\/talentos-objetivos.pt\/trialgp\/?p=616"},"modified":"2023-03-20T21:24:07","modified_gmt":"2023-03-20T21:24:07","slug":"trialgp-regressa-a-portugal-em-abril","status":"publish","type":"post","link":"https:\/\/talentos-objetivos.pt\/trialgp\/pt\/comunicados\/trialgp-regressa-a-portugal-em-abril\/616\/","title":{"rendered":"TrialGP regressa a Portugal em abril"},"content":{"rendered":"\n<p><strong>Gouveia recebe a segunda jornada do Campeonato Mundial de Trial<\/strong><\/p>\n\n\n\n<p><\/p>\n\n\n\n<p>O Trial est\u00e1 de regresso \u00e0 bela cidade de Gouveia que vai acolher nos dias 21 a 23 de abril o TrialGP Portugal que ser\u00e1 a segunda jornada do Mundial de Trial da temporada de 2023.<\/p>\n\n\n\n<p>Ap\u00f3s um ano de interregno, a Talentos Objetivos-Clube de Enduro e Recreio vai organizar uma vez mais um fant\u00e1stico evento desportivo que vai atrair \u00e0 regi\u00e3o da Serra da Estrela e \u00e0 cidade de Gouveia muitos aficionados da modalidade. Desta forma, a elite mundial do Trial vai voltar a competir numa etapa emblem\u00e1tica do Campeonato do Mundo de Trial que ser\u00e1 disputada no centro da cidade de Gouveia, que possui condi\u00e7\u00f5es \u00fanicas para a pr\u00e1tica da modalidade.<\/p>\n\n\n\n<p>Jorge Sim\u00f5es, presidente do clube organizador da prova, revelou algumas novidades da prova: \u201cesta etapa do campeonato do mundo de trial ser\u00e1 sem d\u00favida uma mais-valia para Portugal e para Gouveia porque durante uma semana teremos uma enorme movimenta\u00e7\u00e3o de pilotos e equipas na regi\u00e3o. Este ano a prova ser\u00e1 realizada no centro de Gouveia onde haver\u00e1 12 zonas que os pilotos t\u00eam que ultrapassar num percurso composto por 5 a 6 kms. Ser\u00e3o &nbsp;120 pilotos envolvidos em quatro categorias: Trial3, Trial2, TrialGP e o TrialGP Women. Estar\u00e1, portanto, montado um evento muito especial que ser\u00e1 muito bem disputado pelo que apelamos \u00e0 participa\u00e7\u00e3o de pilotos portugueses como \u00e0 visita dos f\u00e3s da modalidade\u201d, acrescentou o presidente do Talentos Objetivos-Clube de Enduro e Recreio.<\/p>\n\n\n\n<p>J\u00e1 Nuno Santos, Vereador da C\u00e2mara Municipal de Gouveia, acredita que ser\u00e1 mais um evento de sucesso: \u201cdesde 2004 que recebemos o Campeonato do Mundo de Trial e estamos mais uma vez &nbsp;de bra\u00e7os abertos para dar as boas-vindas a este evento em Gouveia. Depois de assistirmos a uma competi\u00e7\u00e3o de trial pela primeira vez compreendemos como esta modalidade consegue ser surpreendente e apaixonante o que faz com que as pessoas fiquem f\u00e3s das provas. Gouveia tem apostas diferenciadas que ser\u00e3o uma mais-valia para quem nos visita. Temos argumentos muito fortes para trazer as pessoas \u00e0 regi\u00e3o, desde a gastronomia, os vinhos, as paisagens naturais e ainda a nossa cultura. A prova gera em Gouveia um clima muito interessante que traz um outro encanto \u00e0 cidade e ao concelho \u00e9 um bom per\u00edodo para se visitar Gouveia\u201d, referiu. De destacar que o Padock da prova estar\u00e1 instalado no Parque da Feira\/ Centra de Camionagem de Gouveia e arranca na sexta-feira dia 21 de abril com as verifica\u00e7\u00f5es que ter\u00e3o lugar pelas 11:00 e os treinos a partir das 12:00. No s\u00e1bado a competi\u00e7\u00e3o come\u00e7a pelas 8:30 e prolonga-se at\u00e9 \u00e0s 15:45 altura em que se realiza a cerim\u00f3nia de entrega de pr\u00e9mios. No domingo ser\u00e1 feito o encerramento do evento com mais um dia de competi\u00e7\u00e3o que decorre entre as 8:30 e as 15:45 terminando com mais uma entrega de pr\u00e9mios.<\/p>\n","protected":false},"excerpt":{"rendered":"<p>Gouveia recebe a segunda jornada do Campeonato Mundial de Trial O Trial est\u00e1 de regresso \u00e0 bela cidade de Gouveia que vai acolher nos dias 21 a 23 de abril o TrialGP Portugal que ser\u00e1 a segunda jornada do Mundial de Trial da temporada de 2023. Ap\u00f3s um ano de&hellip; <\/p>\n","protected":false},"author":2,"featured_media":617,"comment_status":"closed","ping_status":"open","sticky":false,"template":"","format":"standard","meta":{"footnotes":""},"categories":[9,14,11,15],"tags":[],"class_list":["post-616","post","type-post","status-publish","format-standard","has-post-thumbnail","hentry","category-comunicados","category-news","category-noticias","category-press-release"],"yoast_head":"<!-- This site is optimized with the Yoast SEO plugin v27.5 - https:\/\/yoast.com\/product\/yoast-seo-wordpress\/ -->\n<title>TrialGP regressa a Portugal em abril - TRIALGP Portugal<\/title>\n<meta name=\"robots\" content=\"index, follow, max-snippet:-1, max-image-preview:large, max-video-preview:-1\" \/>\n<link rel=\"canonical\" href=\"https:\/\/talentos-objetivos.pt\/trialgp\/pt\/comunicados\/trialgp-regressa-a-portugal-em-abril\/616\/\" \/>\n<meta property=\"og:locale\" content=\"pt_PT\" \/>\n<meta property=\"og:type\" content=\"article\" \/>\n<meta property=\"og:title\" content=\"TrialGP regressa a Portugal em abril - TRIALGP Portugal\" \/>\n<meta property=\"og:description\" content=\"Gouveia recebe a segunda jornada do Campeonato Mundial de Trial O Trial est\u00e1 de regresso \u00e0 bela cidade de Gouveia que vai acolher nos dias 21 a 23 de abril o TrialGP Portugal que ser\u00e1 a segunda jornada do Mundial de Trial da temporada de 2023. Ap\u00f3s um ano de&hellip;\" \/>\n<meta property=\"og:url\" content=\"https:\/\/talentos-objetivos.pt\/trialgp\/pt\/comunicados\/trialgp-regressa-a-portugal-em-abril\/616\/\" \/>\n<meta property=\"og:site_name\" content=\"TRIALGP Portugal\" \/>\n<meta property=\"article:published_time\" content=\"2023-03-10T21:16:00+00:00\" \/>\n<meta property=\"article:modified_time\" content=\"2023-03-20T21:24:07+00:00\" \/>\n<meta property=\"og:image\" content=\"https:\/\/talentos-objetivos.pt\/trialgp\/wp-content\/uploads\/sites\/5\/2023\/03\/MUPI-120X175-TrialGP_2023-Portugal-logo-VM-r.jpg\" \/>\n\t<meta property=\"og:image:width\" content=\"1200\" \/>\n\t<meta property=\"og:image:height\" content=\"1750\" \/>\n\t<meta property=\"og:image:type\" content=\"image\/jpeg\" \/>\n<meta name=\"author\" content=\"Jorge Sim\u00f5es\" \/>\n<meta name=\"twitter:card\" content=\"summary_large_image\" \/>\n<meta name=\"twitter:label1\" content=\"Escrito por\" \/>\n\t<meta name=\"twitter:data1\" content=\"Jorge Sim\u00f5es\" \/>\n\t<meta name=\"twitter:label2\" content=\"Tempo estimado de leitura\" \/>\n\t<meta name=\"twitter:data2\" content=\"2 minutos\" \/>\n<script type=\"application\/ld+json\" class=\"yoast-schema-graph\">{\"@context\":\"https:\\\/\\\/schema.org\",\"@graph\":[{\"@type\":\"Article\",\"@id\":\"https:\\\/\\\/talentos-objetivos.pt\\\/trialgp\\\/pt\\\/comunicados\\\/trialgp-regressa-a-portugal-em-abril\\\/616\\\/#article\",\"isPartOf\":{\"@id\":\"https:\\\/\\\/talentos-objetivos.pt\\\/trialgp\\\/pt\\\/comunicados\\\/trialgp-regressa-a-portugal-em-abril\\\/616\\\/\"},\"author\":{\"name\":\"Jorge Sim\u00f5es\",\"@id\":\"https:\\\/\\\/talentos-objetivos.pt\\\/trialgp\\\/#\\\/schema\\\/person\\\/063aae70b5a0bc9f670381b600e1a601\"},\"headline\":\"TrialGP regressa a Portugal em abril\",\"datePublished\":\"2023-03-10T21:16:00+00:00\",\"dateModified\":\"2023-03-20T21:24:07+00:00\",\"mainEntityOfPage\":{\"@id\":\"https:\\\/\\\/talentos-objetivos.pt\\\/trialgp\\\/pt\\\/comunicados\\\/trialgp-regressa-a-portugal-em-abril\\\/616\\\/\"},\"wordCount\":493,\"image\":{\"@id\":\"https:\\\/\\\/talentos-objetivos.pt\\\/trialgp\\\/pt\\\/comunicados\\\/trialgp-regressa-a-portugal-em-abril\\\/616\\\/#primaryimage\"},\"thumbnailUrl\":\"https:\\\/\\\/talentos-objetivos.pt\\\/trialgp\\\/wp-content\\\/uploads\\\/sites\\\/5\\\/2023\\\/03\\\/MUPI-120X175-TrialGP_2023-Portugal-logo-VM-r.jpg\",\"articleSection\":[\"Comunicados\",\"News\",\"Not\u00edcias\",\"Press Release\"],\"inLanguage\":\"pt-PT\"},{\"@type\":\"WebPage\",\"@id\":\"https:\\\/\\\/talentos-objetivos.pt\\\/trialgp\\\/pt\\\/comunicados\\\/trialgp-regressa-a-portugal-em-abril\\\/616\\\/\",\"url\":\"https:\\\/\\\/talentos-objetivos.pt\\\/trialgp\\\/pt\\\/comunicados\\\/trialgp-regressa-a-portugal-em-abril\\\/616\\\/\",\"name\":\"TrialGP regressa a Portugal em abril - TRIALGP Portugal\",\"isPartOf\":{\"@id\":\"https:\\\/\\\/talentos-objetivos.pt\\\/trialgp\\\/#website\"},\"primaryImageOfPage\":{\"@id\":\"https:\\\/\\\/talentos-objetivos.pt\\\/trialgp\\\/pt\\\/comunicados\\\/trialgp-regressa-a-portugal-em-abril\\\/616\\\/#primaryimage\"},\"image\":{\"@id\":\"https:\\\/\\\/talentos-objetivos.pt\\\/trialgp\\\/pt\\\/comunicados\\\/trialgp-regressa-a-portugal-em-abril\\\/616\\\/#primaryimage\"},\"thumbnailUrl\":\"https:\\\/\\\/talentos-objetivos.pt\\\/trialgp\\\/wp-content\\\/uploads\\\/sites\\\/5\\\/2023\\\/03\\\/MUPI-120X175-TrialGP_2023-Portugal-logo-VM-r.jpg\",\"datePublished\":\"2023-03-10T21:16:00+00:00\",\"dateModified\":\"2023-03-20T21:24:07+00:00\",\"author\":{\"@id\":\"https:\\\/\\\/talentos-objetivos.pt\\\/trialgp\\\/#\\\/schema\\\/person\\\/063aae70b5a0bc9f670381b600e1a601\"},\"breadcrumb\":{\"@id\":\"https:\\\/\\\/talentos-objetivos.pt\\\/trialgp\\\/pt\\\/comunicados\\\/trialgp-regressa-a-portugal-em-abril\\\/616\\\/#breadcrumb\"},\"inLanguage\":\"pt-PT\",\"potentialAction\":[{\"@type\":\"ReadAction\",\"target\":[\"https:\\\/\\\/talentos-objetivos.pt\\\/trialgp\\\/pt\\\/comunicados\\\/trialgp-regressa-a-portugal-em-abril\\\/616\\\/\"]}]},{\"@type\":\"ImageObject\",\"inLanguage\":\"pt-PT\",\"@id\":\"https:\\\/\\\/talentos-objetivos.pt\\\/trialgp\\\/pt\\\/comunicados\\\/trialgp-regressa-a-portugal-em-abril\\\/616\\\/#primaryimage\",\"url\":\"https:\\\/\\\/talentos-objetivos.pt\\\/trialgp\\\/wp-content\\\/uploads\\\/sites\\\/5\\\/2023\\\/03\\\/MUPI-120X175-TrialGP_2023-Portugal-logo-VM-r.jpg\",\"contentUrl\":\"https:\\\/\\\/talentos-objetivos.pt\\\/trialgp\\\/wp-content\\\/uploads\\\/sites\\\/5\\\/2023\\\/03\\\/MUPI-120X175-TrialGP_2023-Portugal-logo-VM-r.jpg\",\"width\":1200,\"height\":1750},{\"@type\":\"BreadcrumbList\",\"@id\":\"https:\\\/\\\/talentos-objetivos.pt\\\/trialgp\\\/pt\\\/comunicados\\\/trialgp-regressa-a-portugal-em-abril\\\/616\\\/#breadcrumb\",\"itemListElement\":[{\"@type\":\"ListItem\",\"position\":1,\"name\":\"In\u00edcio\",\"item\":\"https:\\\/\\\/talentos-objetivos.pt\\\/trialgp\\\/\"},{\"@type\":\"ListItem\",\"position\":2,\"name\":\"TrialGP regressa a Portugal em abril\"}]},{\"@type\":\"WebSite\",\"@id\":\"https:\\\/\\\/talentos-objetivos.pt\\\/trialgp\\\/#website\",\"url\":\"https:\\\/\\\/talentos-objetivos.pt\\\/trialgp\\\/\",\"name\":\"TRIALGP Portugal\",\"description\":\"TrialGp - Gouveia 2023\",\"potentialAction\":[{\"@type\":\"SearchAction\",\"target\":{\"@type\":\"EntryPoint\",\"urlTemplate\":\"https:\\\/\\\/talentos-objetivos.pt\\\/trialgp\\\/?s={search_term_string}\"},\"query-input\":{\"@type\":\"PropertyValueSpecification\",\"valueRequired\":true,\"valueName\":\"search_term_string\"}}],\"inLanguage\":\"pt-PT\"},{\"@type\":\"Person\",\"@id\":\"https:\\\/\\\/talentos-objetivos.pt\\\/trialgp\\\/#\\\/schema\\\/person\\\/063aae70b5a0bc9f670381b600e1a601\",\"name\":\"Jorge Sim\u00f5es\",\"image\":{\"@type\":\"ImageObject\",\"inLanguage\":\"pt-PT\",\"@id\":\"https:\\\/\\\/secure.gravatar.com\\\/avatar\\\/1b618a4dfef3cb5350c16e6129cedea84a3078e82dd755e8847366ad7960584d?s=96&d=mm&r=g\",\"url\":\"https:\\\/\\\/secure.gravatar.com\\\/avatar\\\/1b618a4dfef3cb5350c16e6129cedea84a3078e82dd755e8847366ad7960584d?s=96&d=mm&r=g\",\"contentUrl\":\"https:\\\/\\\/secure.gravatar.com\\\/avatar\\\/1b618a4dfef3cb5350c16e6129cedea84a3078e82dd755e8847366ad7960584d?s=96&d=mm&r=g\",\"caption\":\"Jorge Sim\u00f5es\"},\"sameAs\":[\"http:\\\/\\\/www.talentos-objetivos.pt\"],\"url\":\"https:\\\/\\\/talentos-objetivos.pt\\\/trialgp\\\/author\\\/jorge-simoes\\\/\"}]}<\/script>\n<!-- \/ Yoast SEO plugin. -->","yoast_head_json":{"title":"TrialGP regressa a Portugal em abril - TRIALGP Portugal","robots":{"index":"index","follow":"follow","max-snippet":"max-snippet:-1","max-image-preview":"max-image-preview:large","max-video-preview":"max-video-preview:-1"},"canonical":"https:\/\/talentos-objetivos.pt\/trialgp\/pt\/comunicados\/trialgp-regressa-a-portugal-em-abril\/616\/","og_locale":"pt_PT","og_type":"article","og_title":"TrialGP regressa a Portugal em abril - TRIALGP Portugal","og_description":"Gouveia recebe a segunda jornada do Campeonato Mundial de Trial O Trial est\u00e1 de regresso \u00e0 bela cidade de Gouveia que vai acolher nos dias 21 a 23 de abril o TrialGP Portugal que ser\u00e1 a segunda jornada do Mundial de Trial da temporada de 2023. Ap\u00f3s um ano de&hellip;","og_url":"https:\/\/talentos-objetivos.pt\/trialgp\/pt\/comunicados\/trialgp-regressa-a-portugal-em-abril\/616\/","og_site_name":"TRIALGP Portugal","article_published_time":"2023-03-10T21:16:00+00:00","article_modified_time":"2023-03-20T21:24:07+00:00","og_image":[{"width":1200,"height":1750,"url":"https:\/\/talentos-objetivos.pt\/trialgp\/wp-content\/uploads\/sites\/5\/2023\/03\/MUPI-120X175-TrialGP_2023-Portugal-logo-VM-r.jpg","type":"image\/jpeg"}],"author":"Jorge Sim\u00f5es","twitter_card":"summary_large_image","twitter_misc":{"Escrito por":"Jorge Sim\u00f5es","Tempo estimado de leitura":"2 minutos"},"schema":{"@context":"https:\/\/schema.org","@graph":[{"@type":"Article","@id":"https:\/\/talentos-objetivos.pt\/trialgp\/pt\/comunicados\/trialgp-regressa-a-portugal-em-abril\/616\/#article","isPartOf":{"@id":"https:\/\/talentos-objetivos.pt\/trialgp\/pt\/comunicados\/trialgp-regressa-a-portugal-em-abril\/616\/"},"author":{"name":"Jorge Sim\u00f5es","@id":"https:\/\/talentos-objetivos.pt\/trialgp\/#\/schema\/person\/063aae70b5a0bc9f670381b600e1a601"},"headline":"TrialGP regressa a Portugal em abril","datePublished":"2023-03-10T21:16:00+00:00","dateModified":"2023-03-20T21:24:07+00:00","mainEntityOfPage":{"@id":"https:\/\/talentos-objetivos.pt\/trialgp\/pt\/comunicados\/trialgp-regressa-a-portugal-em-abril\/616\/"},"wordCount":493,"image":{"@id":"https:\/\/talentos-objetivos.pt\/trialgp\/pt\/comunicados\/trialgp-regressa-a-portugal-em-abril\/616\/#primaryimage"},"thumbnailUrl":"https:\/\/talentos-objetivos.pt\/trialgp\/wp-content\/uploads\/sites\/5\/2023\/03\/MUPI-120X175-TrialGP_2023-Portugal-logo-VM-r.jpg","articleSection":["Comunicados","News","Not\u00edcias","Press Release"],"inLanguage":"pt-PT"},{"@type":"WebPage","@id":"https:\/\/talentos-objetivos.pt\/trialgp\/pt\/comunicados\/trialgp-regressa-a-portugal-em-abril\/616\/","url":"https:\/\/talentos-objetivos.pt\/trialgp\/pt\/comunicados\/trialgp-regressa-a-portugal-em-abril\/616\/","name":"TrialGP regressa a Portugal em abril - TRIALGP Portugal","isPartOf":{"@id":"https:\/\/talentos-objetivos.pt\/trialgp\/#website"},"primaryImageOfPage":{"@id":"https:\/\/talentos-objetivos.pt\/trialgp\/pt\/comunicados\/trialgp-regressa-a-portugal-em-abril\/616\/#primaryimage"},"image":{"@id":"https:\/\/talentos-objetivos.pt\/trialgp\/pt\/comunicados\/trialgp-regressa-a-portugal-em-abril\/616\/#primaryimage"},"thumbnailUrl":"https:\/\/talentos-objetivos.pt\/trialgp\/wp-content\/uploads\/sites\/5\/2023\/03\/MUPI-120X175-TrialGP_2023-Portugal-logo-VM-r.jpg","datePublished":"2023-03-10T21:16:00+00:00","dateModified":"2023-03-20T21:24:07+00:00","author":{"@id":"https:\/\/talentos-objetivos.pt\/trialgp\/#\/schema\/person\/063aae70b5a0bc9f670381b600e1a601"},"breadcrumb":{"@id":"https:\/\/talentos-objetivos.pt\/trialgp\/pt\/comunicados\/trialgp-regressa-a-portugal-em-abril\/616\/#breadcrumb"},"inLanguage":"pt-PT","potentialAction":[{"@type":"ReadAction","target":["https:\/\/talentos-objetivos.pt\/trialgp\/pt\/comunicados\/trialgp-regressa-a-portugal-em-abril\/616\/"]}]},{"@type":"ImageObject","inLanguage":"pt-PT","@id":"https:\/\/talentos-objetivos.pt\/trialgp\/pt\/comunicados\/trialgp-regressa-a-portugal-em-abril\/616\/#primaryimage","url":"https:\/\/talentos-objetivos.pt\/trialgp\/wp-content\/uploads\/sites\/5\/2023\/03\/MUPI-120X175-TrialGP_2023-Portugal-logo-VM-r.jpg","contentUrl":"https:\/\/talentos-objetivos.pt\/trialgp\/wp-content\/uploads\/sites\/5\/2023\/03\/MUPI-120X175-TrialGP_2023-Portugal-logo-VM-r.jpg","width":1200,"height":1750},{"@type":"BreadcrumbList","@id":"https:\/\/talentos-objetivos.pt\/trialgp\/pt\/comunicados\/trialgp-regressa-a-portugal-em-abril\/616\/#breadcrumb","itemListElement":[{"@type":"ListItem","position":1,"name":"In\u00edcio","item":"https:\/\/talentos-objetivos.pt\/trialgp\/"},{"@type":"ListItem","position":2,"name":"TrialGP regressa a Portugal em abril"}]},{"@type":"WebSite","@id":"https:\/\/talentos-objetivos.pt\/trialgp\/#website","url":"https:\/\/talentos-objetivos.pt\/trialgp\/","name":"TRIALGP Portugal","description":"TrialGp - Gouveia 2023","potentialAction":[{"@type":"SearchAction","target":{"@type":"EntryPoint","urlTemplate":"https:\/\/talentos-objetivos.pt\/trialgp\/?s={search_term_string}"},"query-input":{"@type":"PropertyValueSpecification","valueRequired":true,"valueName":"search_term_string"}}],"inLanguage":"pt-PT"},{"@type":"Person","@id":"https:\/\/talentos-objetivos.pt\/trialgp\/#\/schema\/person\/063aae70b5a0bc9f670381b600e1a601","name":"Jorge Sim\u00f5es","image":{"@type":"ImageObject","inLanguage":"pt-PT","@id":"https:\/\/secure.gravatar.com\/avatar\/1b618a4dfef3cb5350c16e6129cedea84a3078e82dd755e8847366ad7960584d?s=96&d=mm&r=g","url":"https:\/\/secure.gravatar.com\/avatar\/1b618a4dfef3cb5350c16e6129cedea84a3078e82dd755e8847366ad7960584d?s=96&d=mm&r=g","contentUrl":"https:\/\/secure.gravatar.com\/avatar\/1b618a4dfef3cb5350c16e6129cedea84a3078e82dd755e8847366ad7960584d?s=96&d=mm&r=g","caption":"Jorge Sim\u00f5es"},"sameAs":["http:\/\/www.talentos-objetivos.pt"],"url":"https:\/\/talentos-objetivos.pt\/trialgp\/author\/jorge-simoes\/"}]}},"_links":{"self":[{"href":"https:\/\/talentos-objetivos.pt\/trialgp\/wp-json\/wp\/v2\/posts\/616","targetHints":{"allow":["GET"]}}],"collection":[{"href":"https:\/\/talentos-objetivos.pt\/trialgp\/wp-json\/wp\/v2\/posts"}],"about":[{"href":"https:\/\/talentos-objetivos.pt\/trialgp\/wp-json\/wp\/v2\/types\/post"}],"author":[{"embeddable":true,"href":"https:\/\/talentos-objetivos.pt\/trialgp\/wp-json\/wp\/v2\/users\/2"}],"replies":[{"embeddable":true,"href":"https:\/\/talentos-objetivos.pt\/trialgp\/wp-json\/wp\/v2\/comments?post=616"}],"version-history":[{"count":0,"href":"https:\/\/talentos-objetivos.pt\/trialgp\/wp-json\/wp\/v2\/posts\/616\/revisions"}],"wp:featuredmedia":[{"embeddable":true,"href":"https:\/\/talentos-objetivos.pt\/trialgp\/wp-json\/wp\/v2\/media\/617"}],"wp:attachment":[{"href":"https:\/\/talentos-objetivos.pt\/trialgp\/wp-json\/wp\/v2\/media?parent=616"}],"wp:term":[{"taxonomy":"category","embeddable":true,"href":"https:\/\/talentos-objetivos.pt\/trialgp\/wp-json\/wp\/v2\/categories?post=616"},{"taxonomy":"post_tag","embeddable":true,"href":"https:\/\/talentos-objetivos.pt\/trialgp\/wp-json\/wp\/v2\/tags?post=616"}],"curies":[{"name":"wp","href":"https:\/\/api.w.org\/{rel}","templated":true}]}}