{"id":620,"date":"2023-04-12T12:26:00","date_gmt":"2023-04-12T12:26:00","guid":{"rendered":"https:\/\/talentos-objetivos.pt\/trialgp\/?p=620"},"modified":"2023-05-15T12:28:46","modified_gmt":"2023-05-15T12:28:46","slug":"trialgp-portugal-com-uma-centena-de-inscritos","status":"publish","type":"post","link":"https:\/\/talentos-objetivos.pt\/trialgp\/pt\/noticias\/trialgp-portugal-com-uma-centena-de-inscritos\/620\/","title":{"rendered":"TrialGP Portugal com uma centena de inscritos"},"content":{"rendered":"\n<p><strong>Campeonato Mundial de Trial regressa a Gouveia<\/strong><\/p>\n\n\n\n<p>J\u00e1 come\u00e7ou a contagem de crescente para o in\u00edcio do TrialGP Portugal, a segunda jornada do Mundial de Trial de 2023 que se realiza na bela cidade de Gouveia entre os dias 21 a 23 de abril.&nbsp;<\/p>\n\n\n\n<p>A prova organizada pela Talentos Objetivos-Clube de Enduro e Recreio conta j\u00e1 com pelo menos uma centena de pilotos inscritos e ser\u00e1 realizada no centro da cidade de Gouveia, que possui condi\u00e7\u00f5es \u00fanicas para a pr\u00e1tica da modalidade. O percurso ser\u00e1 composto por 5 a 6 kms onde haver\u00e1 12 zonas para ultrapassar. Os pilotos estar\u00e3o distribu\u00eddos em quatro categorias: Trial3, Trial2, TrialGP e o TrialGP Women.<\/p>\n\n\n\n<p>Desde 2004 que Gouveia acolhe o Campeonato do Mundo de Trial que regressa novamente \u00e0 regi\u00e3o do Centro de Portugal com a expetativa de ser um grande evento desportivo. Uma vez que o percurso ser\u00e1 montado no centro da cidade, as condi\u00e7\u00f5es para assistir \u00e0 competi\u00e7\u00e3o ser\u00e3o excecionais o que vai aproximar ainda mais a prova e os pilotos do p\u00fablico que estiver presente nos dias 22 e 23 de abril em Gouveia para seguir esta jornada do Mundial de Trial.<\/p>\n\n\n\n<p>Jorge Sim\u00f5es, presidente do clube organizador da prova, acredita que esta prova ser\u00e1 mais uma vez um enorme sucesso: \u201cesta etapa do campeonato do mundo de trial ser\u00e1 sem d\u00favida uma mais-valia para Portugal e para Gouveia. O impacto econ\u00f3mico \u00e9 muito relevante, tanto mais que as equipas estar\u00e3o em Gouveia 5 dias (entre o dia 20 e 23)\u201d, acrescentou o presidente do Talentos Objetivos-Clube de Enduro e Recreio.<\/p>\n\n\n\n<p>O Padock da prova estar\u00e1 instalado no Parque da antiga fabrica de lanif\u00edcios Bellino &amp; Bellino de Gouveia e arranca na sexta-feira dia 21 de abril com as verifica\u00e7\u00f5es que ter\u00e3o lugar pelas 11:00 e os treinos a partir das 12:00. No s\u00e1bado a competi\u00e7\u00e3o come\u00e7a pelas 8:30 e prolonga-se at\u00e9 \u00e0s 15:45 altura em que se realiza a cerim\u00f3nia de entrega de pr\u00e9mios. No domingo ser\u00e1 feito o encerramento do evento com mais um dia de competi\u00e7\u00e3o que decorre entre as 8:30 e as 15:45 terminando com mais uma entrega de pr\u00e9mios.<\/p>\n","protected":false},"excerpt":{"rendered":"<p>Campeonato Mundial de Trial regressa a Gouveia J\u00e1 come\u00e7ou a contagem de crescente para o in\u00edcio do TrialGP Portugal, a segunda jornada do Mundial de Trial de 2023 que se realiza na bela cidade de Gouveia entre os dias 21 a 23 de abril.&nbsp; A prova organizada pela Talentos Objetivos-Clube&hellip; <\/p>\n","protected":false},"author":2,"featured_media":621,"comment_status":"closed","ping_status":"open","sticky":false,"template":"","format":"standard","meta":{"footnotes":""},"categories":[14,11,12],"tags":[],"class_list":["post-620","post","type-post","status-publish","format-standard","has-post-thumbnail","hentry","category-news","category-noticias","category-uk"],"yoast_head":"<!-- This site is optimized with the Yoast SEO plugin v27.5 - https:\/\/yoast.com\/product\/yoast-seo-wordpress\/ -->\n<title>TrialGP Portugal com uma centena de inscritos - TRIALGP Portugal<\/title>\n<meta name=\"robots\" content=\"index, follow, max-snippet:-1, max-image-preview:large, max-video-preview:-1\" \/>\n<link rel=\"canonical\" href=\"https:\/\/talentos-objetivos.pt\/trialgp\/pt\/noticias\/trialgp-portugal-com-uma-centena-de-inscritos\/620\/\" \/>\n<meta property=\"og:locale\" content=\"pt_PT\" \/>\n<meta property=\"og:type\" content=\"article\" \/>\n<meta property=\"og:title\" content=\"TrialGP Portugal com uma centena de inscritos - TRIALGP Portugal\" \/>\n<meta property=\"og:description\" content=\"Campeonato Mundial de Trial regressa a Gouveia J\u00e1 come\u00e7ou a contagem de crescente para o in\u00edcio do TrialGP Portugal, a segunda jornada do Mundial de Trial de 2023 que se realiza na bela cidade de Gouveia entre os dias 21 a 23 de abril.&nbsp; A prova organizada pela Talentos Objetivos-Clube&hellip;\" \/>\n<meta property=\"og:url\" content=\"https:\/\/talentos-objetivos.pt\/trialgp\/pt\/noticias\/trialgp-portugal-com-uma-centena-de-inscritos\/620\/\" \/>\n<meta property=\"og:site_name\" content=\"TRIALGP Portugal\" \/>\n<meta property=\"article:published_time\" content=\"2023-04-12T12:26:00+00:00\" \/>\n<meta property=\"article:modified_time\" content=\"2023-05-15T12:28:46+00:00\" \/>\n<meta property=\"og:image\" content=\"https:\/\/talentos-objetivos.pt\/trialgp\/wp-content\/uploads\/sites\/5\/2023\/05\/Gouveia-recebe-em-abril-Trial-GP-Portugal-1.jpg\" \/>\n\t<meta property=\"og:image:width\" content=\"1280\" \/>\n\t<meta property=\"og:image:height\" content=\"853\" \/>\n\t<meta property=\"og:image:type\" content=\"image\/jpeg\" \/>\n<meta name=\"author\" content=\"Jorge Sim\u00f5es\" \/>\n<meta name=\"twitter:card\" content=\"summary_large_image\" \/>\n<meta name=\"twitter:label1\" content=\"Escrito por\" \/>\n\t<meta name=\"twitter:data1\" content=\"Jorge Sim\u00f5es\" \/>\n\t<meta name=\"twitter:label2\" content=\"Tempo estimado de leitura\" \/>\n\t<meta name=\"twitter:data2\" content=\"2 minutos\" \/>\n<script type=\"application\/ld+json\" class=\"yoast-schema-graph\">{\"@context\":\"https:\\\/\\\/schema.org\",\"@graph\":[{\"@type\":\"Article\",\"@id\":\"https:\\\/\\\/talentos-objetivos.pt\\\/trialgp\\\/pt\\\/noticias\\\/trialgp-portugal-com-uma-centena-de-inscritos\\\/620\\\/#article\",\"isPartOf\":{\"@id\":\"https:\\\/\\\/talentos-objetivos.pt\\\/trialgp\\\/pt\\\/noticias\\\/trialgp-portugal-com-uma-centena-de-inscritos\\\/620\\\/\"},\"author\":{\"name\":\"Jorge Sim\u00f5es\",\"@id\":\"https:\\\/\\\/talentos-objetivos.pt\\\/trialgp\\\/#\\\/schema\\\/person\\\/063aae70b5a0bc9f670381b600e1a601\"},\"headline\":\"TrialGP Portugal com uma centena de inscritos\",\"datePublished\":\"2023-04-12T12:26:00+00:00\",\"dateModified\":\"2023-05-15T12:28:46+00:00\",\"mainEntityOfPage\":{\"@id\":\"https:\\\/\\\/talentos-objetivos.pt\\\/trialgp\\\/pt\\\/noticias\\\/trialgp-portugal-com-uma-centena-de-inscritos\\\/620\\\/\"},\"wordCount\":365,\"image\":{\"@id\":\"https:\\\/\\\/talentos-objetivos.pt\\\/trialgp\\\/pt\\\/noticias\\\/trialgp-portugal-com-uma-centena-de-inscritos\\\/620\\\/#primaryimage\"},\"thumbnailUrl\":\"https:\\\/\\\/talentos-objetivos.pt\\\/trialgp\\\/wp-content\\\/uploads\\\/sites\\\/5\\\/2023\\\/05\\\/Gouveia-recebe-em-abril-Trial-GP-Portugal-1.jpg\",\"articleSection\":[\"News\",\"Not\u00edcias\",\"UK\"],\"inLanguage\":\"pt-PT\"},{\"@type\":\"WebPage\",\"@id\":\"https:\\\/\\\/talentos-objetivos.pt\\\/trialgp\\\/pt\\\/noticias\\\/trialgp-portugal-com-uma-centena-de-inscritos\\\/620\\\/\",\"url\":\"https:\\\/\\\/talentos-objetivos.pt\\\/trialgp\\\/pt\\\/noticias\\\/trialgp-portugal-com-uma-centena-de-inscritos\\\/620\\\/\",\"name\":\"TrialGP Portugal com uma centena de inscritos - TRIALGP Portugal\",\"isPartOf\":{\"@id\":\"https:\\\/\\\/talentos-objetivos.pt\\\/trialgp\\\/#website\"},\"primaryImageOfPage\":{\"@id\":\"https:\\\/\\\/talentos-objetivos.pt\\\/trialgp\\\/pt\\\/noticias\\\/trialgp-portugal-com-uma-centena-de-inscritos\\\/620\\\/#primaryimage\"},\"image\":{\"@id\":\"https:\\\/\\\/talentos-objetivos.pt\\\/trialgp\\\/pt\\\/noticias\\\/trialgp-portugal-com-uma-centena-de-inscritos\\\/620\\\/#primaryimage\"},\"thumbnailUrl\":\"https:\\\/\\\/talentos-objetivos.pt\\\/trialgp\\\/wp-content\\\/uploads\\\/sites\\\/5\\\/2023\\\/05\\\/Gouveia-recebe-em-abril-Trial-GP-Portugal-1.jpg\",\"datePublished\":\"2023-04-12T12:26:00+00:00\",\"dateModified\":\"2023-05-15T12:28:46+00:00\",\"author\":{\"@id\":\"https:\\\/\\\/talentos-objetivos.pt\\\/trialgp\\\/#\\\/schema\\\/person\\\/063aae70b5a0bc9f670381b600e1a601\"},\"breadcrumb\":{\"@id\":\"https:\\\/\\\/talentos-objetivos.pt\\\/trialgp\\\/pt\\\/noticias\\\/trialgp-portugal-com-uma-centena-de-inscritos\\\/620\\\/#breadcrumb\"},\"inLanguage\":\"pt-PT\",\"potentialAction\":[{\"@type\":\"ReadAction\",\"target\":[\"https:\\\/\\\/talentos-objetivos.pt\\\/trialgp\\\/pt\\\/noticias\\\/trialgp-portugal-com-uma-centena-de-inscritos\\\/620\\\/\"]}]},{\"@type\":\"ImageObject\",\"inLanguage\":\"pt-PT\",\"@id\":\"https:\\\/\\\/talentos-objetivos.pt\\\/trialgp\\\/pt\\\/noticias\\\/trialgp-portugal-com-uma-centena-de-inscritos\\\/620\\\/#primaryimage\",\"url\":\"https:\\\/\\\/talentos-objetivos.pt\\\/trialgp\\\/wp-content\\\/uploads\\\/sites\\\/5\\\/2023\\\/05\\\/Gouveia-recebe-em-abril-Trial-GP-Portugal-1.jpg\",\"contentUrl\":\"https:\\\/\\\/talentos-objetivos.pt\\\/trialgp\\\/wp-content\\\/uploads\\\/sites\\\/5\\\/2023\\\/05\\\/Gouveia-recebe-em-abril-Trial-GP-Portugal-1.jpg\",\"width\":1280,\"height\":853},{\"@type\":\"BreadcrumbList\",\"@id\":\"https:\\\/\\\/talentos-objetivos.pt\\\/trialgp\\\/pt\\\/noticias\\\/trialgp-portugal-com-uma-centena-de-inscritos\\\/620\\\/#breadcrumb\",\"itemListElement\":[{\"@type\":\"ListItem\",\"position\":1,\"name\":\"In\u00edcio\",\"item\":\"https:\\\/\\\/talentos-objetivos.pt\\\/trialgp\\\/\"},{\"@type\":\"ListItem\",\"position\":2,\"name\":\"TrialGP Portugal com uma centena de inscritos\"}]},{\"@type\":\"WebSite\",\"@id\":\"https:\\\/\\\/talentos-objetivos.pt\\\/trialgp\\\/#website\",\"url\":\"https:\\\/\\\/talentos-objetivos.pt\\\/trialgp\\\/\",\"name\":\"TRIALGP Portugal\",\"description\":\"TrialGp - Gouveia 2023\",\"potentialAction\":[{\"@type\":\"SearchAction\",\"target\":{\"@type\":\"EntryPoint\",\"urlTemplate\":\"https:\\\/\\\/talentos-objetivos.pt\\\/trialgp\\\/?s={search_term_string}\"},\"query-input\":{\"@type\":\"PropertyValueSpecification\",\"valueRequired\":true,\"valueName\":\"search_term_string\"}}],\"inLanguage\":\"pt-PT\"},{\"@type\":\"Person\",\"@id\":\"https:\\\/\\\/talentos-objetivos.pt\\\/trialgp\\\/#\\\/schema\\\/person\\\/063aae70b5a0bc9f670381b600e1a601\",\"name\":\"Jorge Sim\u00f5es\",\"image\":{\"@type\":\"ImageObject\",\"inLanguage\":\"pt-PT\",\"@id\":\"https:\\\/\\\/secure.gravatar.com\\\/avatar\\\/1b618a4dfef3cb5350c16e6129cedea84a3078e82dd755e8847366ad7960584d?s=96&d=mm&r=g\",\"url\":\"https:\\\/\\\/secure.gravatar.com\\\/avatar\\\/1b618a4dfef3cb5350c16e6129cedea84a3078e82dd755e8847366ad7960584d?s=96&d=mm&r=g\",\"contentUrl\":\"https:\\\/\\\/secure.gravatar.com\\\/avatar\\\/1b618a4dfef3cb5350c16e6129cedea84a3078e82dd755e8847366ad7960584d?s=96&d=mm&r=g\",\"caption\":\"Jorge Sim\u00f5es\"},\"sameAs\":[\"http:\\\/\\\/www.talentos-objetivos.pt\"],\"url\":\"https:\\\/\\\/talentos-objetivos.pt\\\/trialgp\\\/author\\\/jorge-simoes\\\/\"}]}<\/script>\n<!-- \/ Yoast SEO plugin. -->","yoast_head_json":{"title":"TrialGP Portugal com uma centena de inscritos - TRIALGP Portugal","robots":{"index":"index","follow":"follow","max-snippet":"max-snippet:-1","max-image-preview":"max-image-preview:large","max-video-preview":"max-video-preview:-1"},"canonical":"https:\/\/talentos-objetivos.pt\/trialgp\/pt\/noticias\/trialgp-portugal-com-uma-centena-de-inscritos\/620\/","og_locale":"pt_PT","og_type":"article","og_title":"TrialGP Portugal com uma centena de inscritos - TRIALGP Portugal","og_description":"Campeonato Mundial de Trial regressa a Gouveia J\u00e1 come\u00e7ou a contagem de crescente para o in\u00edcio do TrialGP Portugal, a segunda jornada do Mundial de Trial de 2023 que se realiza na bela cidade de Gouveia entre os dias 21 a 23 de abril.&nbsp; A prova organizada pela Talentos Objetivos-Clube&hellip;","og_url":"https:\/\/talentos-objetivos.pt\/trialgp\/pt\/noticias\/trialgp-portugal-com-uma-centena-de-inscritos\/620\/","og_site_name":"TRIALGP Portugal","article_published_time":"2023-04-12T12:26:00+00:00","article_modified_time":"2023-05-15T12:28:46+00:00","og_image":[{"width":1280,"height":853,"url":"https:\/\/talentos-objetivos.pt\/trialgp\/wp-content\/uploads\/sites\/5\/2023\/05\/Gouveia-recebe-em-abril-Trial-GP-Portugal-1.jpg","type":"image\/jpeg"}],"author":"Jorge Sim\u00f5es","twitter_card":"summary_large_image","twitter_misc":{"Escrito por":"Jorge Sim\u00f5es","Tempo estimado de leitura":"2 minutos"},"schema":{"@context":"https:\/\/schema.org","@graph":[{"@type":"Article","@id":"https:\/\/talentos-objetivos.pt\/trialgp\/pt\/noticias\/trialgp-portugal-com-uma-centena-de-inscritos\/620\/#article","isPartOf":{"@id":"https:\/\/talentos-objetivos.pt\/trialgp\/pt\/noticias\/trialgp-portugal-com-uma-centena-de-inscritos\/620\/"},"author":{"name":"Jorge Sim\u00f5es","@id":"https:\/\/talentos-objetivos.pt\/trialgp\/#\/schema\/person\/063aae70b5a0bc9f670381b600e1a601"},"headline":"TrialGP Portugal com uma centena de inscritos","datePublished":"2023-04-12T12:26:00+00:00","dateModified":"2023-05-15T12:28:46+00:00","mainEntityOfPage":{"@id":"https:\/\/talentos-objetivos.pt\/trialgp\/pt\/noticias\/trialgp-portugal-com-uma-centena-de-inscritos\/620\/"},"wordCount":365,"image":{"@id":"https:\/\/talentos-objetivos.pt\/trialgp\/pt\/noticias\/trialgp-portugal-com-uma-centena-de-inscritos\/620\/#primaryimage"},"thumbnailUrl":"https:\/\/talentos-objetivos.pt\/trialgp\/wp-content\/uploads\/sites\/5\/2023\/05\/Gouveia-recebe-em-abril-Trial-GP-Portugal-1.jpg","articleSection":["News","Not\u00edcias","UK"],"inLanguage":"pt-PT"},{"@type":"WebPage","@id":"https:\/\/talentos-objetivos.pt\/trialgp\/pt\/noticias\/trialgp-portugal-com-uma-centena-de-inscritos\/620\/","url":"https:\/\/talentos-objetivos.pt\/trialgp\/pt\/noticias\/trialgp-portugal-com-uma-centena-de-inscritos\/620\/","name":"TrialGP Portugal com uma centena de inscritos - TRIALGP Portugal","isPartOf":{"@id":"https:\/\/talentos-objetivos.pt\/trialgp\/#website"},"primaryImageOfPage":{"@id":"https:\/\/talentos-objetivos.pt\/trialgp\/pt\/noticias\/trialgp-portugal-com-uma-centena-de-inscritos\/620\/#primaryimage"},"image":{"@id":"https:\/\/talentos-objetivos.pt\/trialgp\/pt\/noticias\/trialgp-portugal-com-uma-centena-de-inscritos\/620\/#primaryimage"},"thumbnailUrl":"https:\/\/talentos-objetivos.pt\/trialgp\/wp-content\/uploads\/sites\/5\/2023\/05\/Gouveia-recebe-em-abril-Trial-GP-Portugal-1.jpg","datePublished":"2023-04-12T12:26:00+00:00","dateModified":"2023-05-15T12:28:46+00:00","author":{"@id":"https:\/\/talentos-objetivos.pt\/trialgp\/#\/schema\/person\/063aae70b5a0bc9f670381b600e1a601"},"breadcrumb":{"@id":"https:\/\/talentos-objetivos.pt\/trialgp\/pt\/noticias\/trialgp-portugal-com-uma-centena-de-inscritos\/620\/#breadcrumb"},"inLanguage":"pt-PT","potentialAction":[{"@type":"ReadAction","target":["https:\/\/talentos-objetivos.pt\/trialgp\/pt\/noticias\/trialgp-portugal-com-uma-centena-de-inscritos\/620\/"]}]},{"@type":"ImageObject","inLanguage":"pt-PT","@id":"https:\/\/talentos-objetivos.pt\/trialgp\/pt\/noticias\/trialgp-portugal-com-uma-centena-de-inscritos\/620\/#primaryimage","url":"https:\/\/talentos-objetivos.pt\/trialgp\/wp-content\/uploads\/sites\/5\/2023\/05\/Gouveia-recebe-em-abril-Trial-GP-Portugal-1.jpg","contentUrl":"https:\/\/talentos-objetivos.pt\/trialgp\/wp-content\/uploads\/sites\/5\/2023\/05\/Gouveia-recebe-em-abril-Trial-GP-Portugal-1.jpg","width":1280,"height":853},{"@type":"BreadcrumbList","@id":"https:\/\/talentos-objetivos.pt\/trialgp\/pt\/noticias\/trialgp-portugal-com-uma-centena-de-inscritos\/620\/#breadcrumb","itemListElement":[{"@type":"ListItem","position":1,"name":"In\u00edcio","item":"https:\/\/talentos-objetivos.pt\/trialgp\/"},{"@type":"ListItem","position":2,"name":"TrialGP Portugal com uma centena de inscritos"}]},{"@type":"WebSite","@id":"https:\/\/talentos-objetivos.pt\/trialgp\/#website","url":"https:\/\/talentos-objetivos.pt\/trialgp\/","name":"TRIALGP Portugal","description":"TrialGp - Gouveia 2023","potentialAction":[{"@type":"SearchAction","target":{"@type":"EntryPoint","urlTemplate":"https:\/\/talentos-objetivos.pt\/trialgp\/?s={search_term_string}"},"query-input":{"@type":"PropertyValueSpecification","valueRequired":true,"valueName":"search_term_string"}}],"inLanguage":"pt-PT"},{"@type":"Person","@id":"https:\/\/talentos-objetivos.pt\/trialgp\/#\/schema\/person\/063aae70b5a0bc9f670381b600e1a601","name":"Jorge Sim\u00f5es","image":{"@type":"ImageObject","inLanguage":"pt-PT","@id":"https:\/\/secure.gravatar.com\/avatar\/1b618a4dfef3cb5350c16e6129cedea84a3078e82dd755e8847366ad7960584d?s=96&d=mm&r=g","url":"https:\/\/secure.gravatar.com\/avatar\/1b618a4dfef3cb5350c16e6129cedea84a3078e82dd755e8847366ad7960584d?s=96&d=mm&r=g","contentUrl":"https:\/\/secure.gravatar.com\/avatar\/1b618a4dfef3cb5350c16e6129cedea84a3078e82dd755e8847366ad7960584d?s=96&d=mm&r=g","caption":"Jorge Sim\u00f5es"},"sameAs":["http:\/\/www.talentos-objetivos.pt"],"url":"https:\/\/talentos-objetivos.pt\/trialgp\/author\/jorge-simoes\/"}]}},"_links":{"self":[{"href":"https:\/\/talentos-objetivos.pt\/trialgp\/wp-json\/wp\/v2\/posts\/620","targetHints":{"allow":["GET"]}}],"collection":[{"href":"https:\/\/talentos-objetivos.pt\/trialgp\/wp-json\/wp\/v2\/posts"}],"about":[{"href":"https:\/\/talentos-objetivos.pt\/trialgp\/wp-json\/wp\/v2\/types\/post"}],"author":[{"embeddable":true,"href":"https:\/\/talentos-objetivos.pt\/trialgp\/wp-json\/wp\/v2\/users\/2"}],"replies":[{"embeddable":true,"href":"https:\/\/talentos-objetivos.pt\/trialgp\/wp-json\/wp\/v2\/comments?post=620"}],"version-history":[{"count":0,"href":"https:\/\/talentos-objetivos.pt\/trialgp\/wp-json\/wp\/v2\/posts\/620\/revisions"}],"wp:featuredmedia":[{"embeddable":true,"href":"https:\/\/talentos-objetivos.pt\/trialgp\/wp-json\/wp\/v2\/media\/621"}],"wp:attachment":[{"href":"https:\/\/talentos-objetivos.pt\/trialgp\/wp-json\/wp\/v2\/media?parent=620"}],"wp:term":[{"taxonomy":"category","embeddable":true,"href":"https:\/\/talentos-objetivos.pt\/trialgp\/wp-json\/wp\/v2\/categories?post=620"},{"taxonomy":"post_tag","embeddable":true,"href":"https:\/\/talentos-objetivos.pt\/trialgp\/wp-json\/wp\/v2\/tags?post=620"}],"curies":[{"name":"wp","href":"https:\/\/api.w.org\/{rel}","templated":true}]}}