{"id":622,"date":"2023-04-21T12:28:00","date_gmt":"2023-04-21T12:28:00","guid":{"rendered":"https:\/\/talentos-objetivos.pt\/trialgp\/?p=622"},"modified":"2023-05-15T12:31:03","modified_gmt":"2023-05-15T12:31:03","slug":"trialgp-ja-mexe-e-remexe-na-cidade-de-gouveia","status":"publish","type":"post","link":"https:\/\/talentos-objetivos.pt\/trialgp\/pt\/trialgp-ja-mexe-e-remexe-na-cidade-de-gouveia\/622\/","title":{"rendered":"TrialGP j\u00e1 mexe e remexe na cidade de Gouveia"},"content":{"rendered":"\n<p><strong>A segunda etapa do Mundial de Trial, vers\u00e3o 2023, est\u00e1 a gerar uma fonte de energia em Gouveia, cidade que alberga, de hoje a domingo, os melhores pilotos de \u00edndole mundial<\/strong><\/p>\n\n\n\n<p>A cidade de Gouveia j\u00e1 fervilha de entusiasmo com a presen\u00e7a dos melhores pilotos do mundo de trial, com os espanh\u00f3is Toni Bou (Montesa) e Jaime Busto (GasGas), a chegar \u00e0 encosta noroeste do maior sistema montanhoso portugu\u00eas continental, a Serra da Estrela, empatados com 37 pontos.<\/p>\n\n\n\n<p>Um pouco mais atr\u00e1s, com 28 pontos, surgem os tamb\u00e9m espanh\u00f3is Adam Raga (TRRS) e Gabriel Marcelli (Montesa), com Jorge Casales (Scorpa) a completar os cinco primeiros, com 19 pontos, os mesmos de Aniol Gelabert (Beta).<\/p>\n\n\n\n<p>Foi preciso chegar \u00e0 s\u00e9tima posi\u00e7\u00e3o para surgir um franc\u00eas em vez de um espanhol, na circunst\u00e2ncia Benoit Bincaz (Sherco), com 15 pontos, exatamente os mesmos do espanhol Jeroni Vila Fajardo (Sherco) e o italiano Matteo Grattarola (Vertigo).<\/p>\n\n\n\n<p>O TrialGP de Portugal \u2013 segunda ronda pontu\u00e1vel para o Campeonato Mundial de Trial Hertz FIM de 2023 \u2013, \u00e9 mais um desafio para os cerca de uma centena de pilotos que abra\u00e7aram a prova organizada pelo Munic\u00edpio de Gouveia e Talentos Objetivos-Clube de Enduro e Recreio com vontade de evidenciar as suas performances.<\/p>\n\n\n\n<p>Com o centro nevr\u00e1lgico no cora\u00e7\u00e3o de Gouveia, cidade que orgulha-se de desfrutar das condi\u00e7\u00f5es \u00fanicas para a pr\u00e1tica desta modalidade de duas rodas, pilotos e motos preparam-se para esgrimir argumentos para o in\u00edcio da tarde, em que j\u00e1 est\u00e3o criadas enormes expetativas em redor do percurso composto por 5 a 6 quil\u00f3metros, onde haver\u00e1 12 zonas para superar.<\/p>\n\n\n\n<p>Refira-se que os pilotos, ainda em fase de verifica\u00e7\u00f5es documentais e t\u00e9cnicas, v\u00e3o estar distribu\u00eddos em quatro categorias: Trial3, Trial2, TrialGP e o TrialGP Women.<\/p>\n\n\n\n<p>Desde 2004 que Gouveia acolhe o Campeonato do Mundo de Trial, competi\u00e7\u00e3o que regressa novamente \u00e0 regi\u00e3o do Centro de Portugal com a expetativa de ser um grande evento desportivo. Dado que o percurso ser\u00e1 montado no centro da cidade, as condi\u00e7\u00f5es para assistir \u00e0 competi\u00e7\u00e3o ser\u00e3o excecionais e promete aproximar ainda mais a prova e os pilotos do p\u00fablico. At\u00e9 domingo, Gouveia \u00e9 a capital mundial do Trial, recebendo de bra\u00e7os abertos os amantes desta disciplina.<\/p>\n","protected":false},"excerpt":{"rendered":"<p>A segunda etapa do Mundial de Trial, vers\u00e3o 2023, est\u00e1 a gerar uma fonte de energia em Gouveia, cidade que alberga, de hoje a domingo, os melhores pilotos de \u00edndole mundial A cidade de Gouveia j\u00e1 fervilha de entusiasmo com a presen\u00e7a dos melhores pilotos do mundo de trial, com&hellip; <\/p>\n","protected":false},"author":2,"featured_media":623,"comment_status":"closed","ping_status":"open","sticky":false,"template":"","format":"standard","meta":{"footnotes":""},"categories":[14,11,4,12],"tags":[],"class_list":["post-622","post","type-post","status-publish","format-standard","has-post-thumbnail","hentry","category-news","category-noticias","category-pt","category-uk"],"yoast_head":"<!-- This site is optimized with the Yoast SEO plugin v27.5 - https:\/\/yoast.com\/product\/yoast-seo-wordpress\/ -->\n<title>TrialGP j\u00e1 mexe e remexe na cidade de Gouveia - TRIALGP Portugal<\/title>\n<meta name=\"robots\" content=\"index, follow, max-snippet:-1, max-image-preview:large, max-video-preview:-1\" \/>\n<link rel=\"canonical\" href=\"https:\/\/talentos-objetivos.pt\/trialgp\/pt\/trialgp-ja-mexe-e-remexe-na-cidade-de-gouveia\/622\/\" \/>\n<meta property=\"og:locale\" content=\"pt_PT\" \/>\n<meta property=\"og:type\" content=\"article\" \/>\n<meta property=\"og:title\" content=\"TrialGP j\u00e1 mexe e remexe na cidade de Gouveia - TRIALGP Portugal\" \/>\n<meta property=\"og:description\" content=\"A segunda etapa do Mundial de Trial, vers\u00e3o 2023, est\u00e1 a gerar uma fonte de energia em Gouveia, cidade que alberga, de hoje a domingo, os melhores pilotos de \u00edndole mundial A cidade de Gouveia j\u00e1 fervilha de entusiasmo com a presen\u00e7a dos melhores pilotos do mundo de trial, com&hellip;\" \/>\n<meta property=\"og:url\" content=\"https:\/\/talentos-objetivos.pt\/trialgp\/pt\/trialgp-ja-mexe-e-remexe-na-cidade-de-gouveia\/622\/\" \/>\n<meta property=\"og:site_name\" content=\"TRIALGP Portugal\" \/>\n<meta property=\"article:published_time\" content=\"2023-04-21T12:28:00+00:00\" \/>\n<meta property=\"article:modified_time\" content=\"2023-05-15T12:31:03+00:00\" \/>\n<meta property=\"og:image\" content=\"https:\/\/talentos-objetivos.pt\/trialgp\/wp-content\/uploads\/sites\/5\/2023\/05\/WhatsApp-Image-2023-05-15-at-13.16.05.jpeg\" \/>\n\t<meta property=\"og:image:width\" content=\"1024\" \/>\n\t<meta property=\"og:image:height\" content=\"576\" \/>\n\t<meta property=\"og:image:type\" content=\"image\/jpeg\" \/>\n<meta name=\"author\" content=\"Jorge Sim\u00f5es\" \/>\n<meta name=\"twitter:card\" content=\"summary_large_image\" \/>\n<meta name=\"twitter:label1\" content=\"Escrito por\" \/>\n\t<meta name=\"twitter:data1\" content=\"Jorge Sim\u00f5es\" \/>\n\t<meta name=\"twitter:label2\" content=\"Tempo estimado de leitura\" \/>\n\t<meta name=\"twitter:data2\" content=\"2 minutos\" \/>\n<script type=\"application\/ld+json\" class=\"yoast-schema-graph\">{\"@context\":\"https:\\\/\\\/schema.org\",\"@graph\":[{\"@type\":\"Article\",\"@id\":\"https:\\\/\\\/talentos-objetivos.pt\\\/trialgp\\\/pt\\\/trialgp-ja-mexe-e-remexe-na-cidade-de-gouveia\\\/622\\\/#article\",\"isPartOf\":{\"@id\":\"https:\\\/\\\/talentos-objetivos.pt\\\/trialgp\\\/pt\\\/trialgp-ja-mexe-e-remexe-na-cidade-de-gouveia\\\/622\\\/\"},\"author\":{\"name\":\"Jorge Sim\u00f5es\",\"@id\":\"https:\\\/\\\/talentos-objetivos.pt\\\/trialgp\\\/#\\\/schema\\\/person\\\/063aae70b5a0bc9f670381b600e1a601\"},\"headline\":\"TrialGP j\u00e1 mexe e remexe na cidade de Gouveia\",\"datePublished\":\"2023-04-21T12:28:00+00:00\",\"dateModified\":\"2023-05-15T12:31:03+00:00\",\"mainEntityOfPage\":{\"@id\":\"https:\\\/\\\/talentos-objetivos.pt\\\/trialgp\\\/pt\\\/trialgp-ja-mexe-e-remexe-na-cidade-de-gouveia\\\/622\\\/\"},\"wordCount\":390,\"image\":{\"@id\":\"https:\\\/\\\/talentos-objetivos.pt\\\/trialgp\\\/pt\\\/trialgp-ja-mexe-e-remexe-na-cidade-de-gouveia\\\/622\\\/#primaryimage\"},\"thumbnailUrl\":\"https:\\\/\\\/talentos-objetivos.pt\\\/trialgp\\\/wp-content\\\/uploads\\\/sites\\\/5\\\/2023\\\/05\\\/WhatsApp-Image-2023-05-15-at-13.16.05.jpeg\",\"articleSection\":[\"News\",\"Not\u00edcias\",\"PT\",\"UK\"],\"inLanguage\":\"pt-PT\"},{\"@type\":\"WebPage\",\"@id\":\"https:\\\/\\\/talentos-objetivos.pt\\\/trialgp\\\/pt\\\/trialgp-ja-mexe-e-remexe-na-cidade-de-gouveia\\\/622\\\/\",\"url\":\"https:\\\/\\\/talentos-objetivos.pt\\\/trialgp\\\/pt\\\/trialgp-ja-mexe-e-remexe-na-cidade-de-gouveia\\\/622\\\/\",\"name\":\"TrialGP j\u00e1 mexe e remexe na cidade de Gouveia - TRIALGP Portugal\",\"isPartOf\":{\"@id\":\"https:\\\/\\\/talentos-objetivos.pt\\\/trialgp\\\/#website\"},\"primaryImageOfPage\":{\"@id\":\"https:\\\/\\\/talentos-objetivos.pt\\\/trialgp\\\/pt\\\/trialgp-ja-mexe-e-remexe-na-cidade-de-gouveia\\\/622\\\/#primaryimage\"},\"image\":{\"@id\":\"https:\\\/\\\/talentos-objetivos.pt\\\/trialgp\\\/pt\\\/trialgp-ja-mexe-e-remexe-na-cidade-de-gouveia\\\/622\\\/#primaryimage\"},\"thumbnailUrl\":\"https:\\\/\\\/talentos-objetivos.pt\\\/trialgp\\\/wp-content\\\/uploads\\\/sites\\\/5\\\/2023\\\/05\\\/WhatsApp-Image-2023-05-15-at-13.16.05.jpeg\",\"datePublished\":\"2023-04-21T12:28:00+00:00\",\"dateModified\":\"2023-05-15T12:31:03+00:00\",\"author\":{\"@id\":\"https:\\\/\\\/talentos-objetivos.pt\\\/trialgp\\\/#\\\/schema\\\/person\\\/063aae70b5a0bc9f670381b600e1a601\"},\"breadcrumb\":{\"@id\":\"https:\\\/\\\/talentos-objetivos.pt\\\/trialgp\\\/pt\\\/trialgp-ja-mexe-e-remexe-na-cidade-de-gouveia\\\/622\\\/#breadcrumb\"},\"inLanguage\":\"pt-PT\",\"potentialAction\":[{\"@type\":\"ReadAction\",\"target\":[\"https:\\\/\\\/talentos-objetivos.pt\\\/trialgp\\\/pt\\\/trialgp-ja-mexe-e-remexe-na-cidade-de-gouveia\\\/622\\\/\"]}]},{\"@type\":\"ImageObject\",\"inLanguage\":\"pt-PT\",\"@id\":\"https:\\\/\\\/talentos-objetivos.pt\\\/trialgp\\\/pt\\\/trialgp-ja-mexe-e-remexe-na-cidade-de-gouveia\\\/622\\\/#primaryimage\",\"url\":\"https:\\\/\\\/talentos-objetivos.pt\\\/trialgp\\\/wp-content\\\/uploads\\\/sites\\\/5\\\/2023\\\/05\\\/WhatsApp-Image-2023-05-15-at-13.16.05.jpeg\",\"contentUrl\":\"https:\\\/\\\/talentos-objetivos.pt\\\/trialgp\\\/wp-content\\\/uploads\\\/sites\\\/5\\\/2023\\\/05\\\/WhatsApp-Image-2023-05-15-at-13.16.05.jpeg\",\"width\":1024,\"height\":576},{\"@type\":\"BreadcrumbList\",\"@id\":\"https:\\\/\\\/talentos-objetivos.pt\\\/trialgp\\\/pt\\\/trialgp-ja-mexe-e-remexe-na-cidade-de-gouveia\\\/622\\\/#breadcrumb\",\"itemListElement\":[{\"@type\":\"ListItem\",\"position\":1,\"name\":\"In\u00edcio\",\"item\":\"https:\\\/\\\/talentos-objetivos.pt\\\/trialgp\\\/\"},{\"@type\":\"ListItem\",\"position\":2,\"name\":\"TrialGP j\u00e1 mexe e remexe na cidade de Gouveia\"}]},{\"@type\":\"WebSite\",\"@id\":\"https:\\\/\\\/talentos-objetivos.pt\\\/trialgp\\\/#website\",\"url\":\"https:\\\/\\\/talentos-objetivos.pt\\\/trialgp\\\/\",\"name\":\"TRIALGP Portugal\",\"description\":\"TrialGp - Gouveia 2023\",\"potentialAction\":[{\"@type\":\"SearchAction\",\"target\":{\"@type\":\"EntryPoint\",\"urlTemplate\":\"https:\\\/\\\/talentos-objetivos.pt\\\/trialgp\\\/?s={search_term_string}\"},\"query-input\":{\"@type\":\"PropertyValueSpecification\",\"valueRequired\":true,\"valueName\":\"search_term_string\"}}],\"inLanguage\":\"pt-PT\"},{\"@type\":\"Person\",\"@id\":\"https:\\\/\\\/talentos-objetivos.pt\\\/trialgp\\\/#\\\/schema\\\/person\\\/063aae70b5a0bc9f670381b600e1a601\",\"name\":\"Jorge Sim\u00f5es\",\"image\":{\"@type\":\"ImageObject\",\"inLanguage\":\"pt-PT\",\"@id\":\"https:\\\/\\\/secure.gravatar.com\\\/avatar\\\/1b618a4dfef3cb5350c16e6129cedea84a3078e82dd755e8847366ad7960584d?s=96&d=mm&r=g\",\"url\":\"https:\\\/\\\/secure.gravatar.com\\\/avatar\\\/1b618a4dfef3cb5350c16e6129cedea84a3078e82dd755e8847366ad7960584d?s=96&d=mm&r=g\",\"contentUrl\":\"https:\\\/\\\/secure.gravatar.com\\\/avatar\\\/1b618a4dfef3cb5350c16e6129cedea84a3078e82dd755e8847366ad7960584d?s=96&d=mm&r=g\",\"caption\":\"Jorge Sim\u00f5es\"},\"sameAs\":[\"http:\\\/\\\/www.talentos-objetivos.pt\"],\"url\":\"https:\\\/\\\/talentos-objetivos.pt\\\/trialgp\\\/author\\\/jorge-simoes\\\/\"}]}<\/script>\n<!-- \/ Yoast SEO plugin. -->","yoast_head_json":{"title":"TrialGP j\u00e1 mexe e remexe na cidade de Gouveia - TRIALGP Portugal","robots":{"index":"index","follow":"follow","max-snippet":"max-snippet:-1","max-image-preview":"max-image-preview:large","max-video-preview":"max-video-preview:-1"},"canonical":"https:\/\/talentos-objetivos.pt\/trialgp\/pt\/trialgp-ja-mexe-e-remexe-na-cidade-de-gouveia\/622\/","og_locale":"pt_PT","og_type":"article","og_title":"TrialGP j\u00e1 mexe e remexe na cidade de Gouveia - TRIALGP Portugal","og_description":"A segunda etapa do Mundial de Trial, vers\u00e3o 2023, est\u00e1 a gerar uma fonte de energia em Gouveia, cidade que alberga, de hoje a domingo, os melhores pilotos de \u00edndole mundial A cidade de Gouveia j\u00e1 fervilha de entusiasmo com a presen\u00e7a dos melhores pilotos do mundo de trial, com&hellip;","og_url":"https:\/\/talentos-objetivos.pt\/trialgp\/pt\/trialgp-ja-mexe-e-remexe-na-cidade-de-gouveia\/622\/","og_site_name":"TRIALGP Portugal","article_published_time":"2023-04-21T12:28:00+00:00","article_modified_time":"2023-05-15T12:31:03+00:00","og_image":[{"width":1024,"height":576,"url":"https:\/\/talentos-objetivos.pt\/trialgp\/wp-content\/uploads\/sites\/5\/2023\/05\/WhatsApp-Image-2023-05-15-at-13.16.05.jpeg","type":"image\/jpeg"}],"author":"Jorge Sim\u00f5es","twitter_card":"summary_large_image","twitter_misc":{"Escrito por":"Jorge Sim\u00f5es","Tempo estimado de leitura":"2 minutos"},"schema":{"@context":"https:\/\/schema.org","@graph":[{"@type":"Article","@id":"https:\/\/talentos-objetivos.pt\/trialgp\/pt\/trialgp-ja-mexe-e-remexe-na-cidade-de-gouveia\/622\/#article","isPartOf":{"@id":"https:\/\/talentos-objetivos.pt\/trialgp\/pt\/trialgp-ja-mexe-e-remexe-na-cidade-de-gouveia\/622\/"},"author":{"name":"Jorge Sim\u00f5es","@id":"https:\/\/talentos-objetivos.pt\/trialgp\/#\/schema\/person\/063aae70b5a0bc9f670381b600e1a601"},"headline":"TrialGP j\u00e1 mexe e remexe na cidade de Gouveia","datePublished":"2023-04-21T12:28:00+00:00","dateModified":"2023-05-15T12:31:03+00:00","mainEntityOfPage":{"@id":"https:\/\/talentos-objetivos.pt\/trialgp\/pt\/trialgp-ja-mexe-e-remexe-na-cidade-de-gouveia\/622\/"},"wordCount":390,"image":{"@id":"https:\/\/talentos-objetivos.pt\/trialgp\/pt\/trialgp-ja-mexe-e-remexe-na-cidade-de-gouveia\/622\/#primaryimage"},"thumbnailUrl":"https:\/\/talentos-objetivos.pt\/trialgp\/wp-content\/uploads\/sites\/5\/2023\/05\/WhatsApp-Image-2023-05-15-at-13.16.05.jpeg","articleSection":["News","Not\u00edcias","PT","UK"],"inLanguage":"pt-PT"},{"@type":"WebPage","@id":"https:\/\/talentos-objetivos.pt\/trialgp\/pt\/trialgp-ja-mexe-e-remexe-na-cidade-de-gouveia\/622\/","url":"https:\/\/talentos-objetivos.pt\/trialgp\/pt\/trialgp-ja-mexe-e-remexe-na-cidade-de-gouveia\/622\/","name":"TrialGP j\u00e1 mexe e remexe na cidade de Gouveia - TRIALGP Portugal","isPartOf":{"@id":"https:\/\/talentos-objetivos.pt\/trialgp\/#website"},"primaryImageOfPage":{"@id":"https:\/\/talentos-objetivos.pt\/trialgp\/pt\/trialgp-ja-mexe-e-remexe-na-cidade-de-gouveia\/622\/#primaryimage"},"image":{"@id":"https:\/\/talentos-objetivos.pt\/trialgp\/pt\/trialgp-ja-mexe-e-remexe-na-cidade-de-gouveia\/622\/#primaryimage"},"thumbnailUrl":"https:\/\/talentos-objetivos.pt\/trialgp\/wp-content\/uploads\/sites\/5\/2023\/05\/WhatsApp-Image-2023-05-15-at-13.16.05.jpeg","datePublished":"2023-04-21T12:28:00+00:00","dateModified":"2023-05-15T12:31:03+00:00","author":{"@id":"https:\/\/talentos-objetivos.pt\/trialgp\/#\/schema\/person\/063aae70b5a0bc9f670381b600e1a601"},"breadcrumb":{"@id":"https:\/\/talentos-objetivos.pt\/trialgp\/pt\/trialgp-ja-mexe-e-remexe-na-cidade-de-gouveia\/622\/#breadcrumb"},"inLanguage":"pt-PT","potentialAction":[{"@type":"ReadAction","target":["https:\/\/talentos-objetivos.pt\/trialgp\/pt\/trialgp-ja-mexe-e-remexe-na-cidade-de-gouveia\/622\/"]}]},{"@type":"ImageObject","inLanguage":"pt-PT","@id":"https:\/\/talentos-objetivos.pt\/trialgp\/pt\/trialgp-ja-mexe-e-remexe-na-cidade-de-gouveia\/622\/#primaryimage","url":"https:\/\/talentos-objetivos.pt\/trialgp\/wp-content\/uploads\/sites\/5\/2023\/05\/WhatsApp-Image-2023-05-15-at-13.16.05.jpeg","contentUrl":"https:\/\/talentos-objetivos.pt\/trialgp\/wp-content\/uploads\/sites\/5\/2023\/05\/WhatsApp-Image-2023-05-15-at-13.16.05.jpeg","width":1024,"height":576},{"@type":"BreadcrumbList","@id":"https:\/\/talentos-objetivos.pt\/trialgp\/pt\/trialgp-ja-mexe-e-remexe-na-cidade-de-gouveia\/622\/#breadcrumb","itemListElement":[{"@type":"ListItem","position":1,"name":"In\u00edcio","item":"https:\/\/talentos-objetivos.pt\/trialgp\/"},{"@type":"ListItem","position":2,"name":"TrialGP j\u00e1 mexe e remexe na cidade de Gouveia"}]},{"@type":"WebSite","@id":"https:\/\/talentos-objetivos.pt\/trialgp\/#website","url":"https:\/\/talentos-objetivos.pt\/trialgp\/","name":"TRIALGP Portugal","description":"TrialGp - Gouveia 2023","potentialAction":[{"@type":"SearchAction","target":{"@type":"EntryPoint","urlTemplate":"https:\/\/talentos-objetivos.pt\/trialgp\/?s={search_term_string}"},"query-input":{"@type":"PropertyValueSpecification","valueRequired":true,"valueName":"search_term_string"}}],"inLanguage":"pt-PT"},{"@type":"Person","@id":"https:\/\/talentos-objetivos.pt\/trialgp\/#\/schema\/person\/063aae70b5a0bc9f670381b600e1a601","name":"Jorge Sim\u00f5es","image":{"@type":"ImageObject","inLanguage":"pt-PT","@id":"https:\/\/secure.gravatar.com\/avatar\/1b618a4dfef3cb5350c16e6129cedea84a3078e82dd755e8847366ad7960584d?s=96&d=mm&r=g","url":"https:\/\/secure.gravatar.com\/avatar\/1b618a4dfef3cb5350c16e6129cedea84a3078e82dd755e8847366ad7960584d?s=96&d=mm&r=g","contentUrl":"https:\/\/secure.gravatar.com\/avatar\/1b618a4dfef3cb5350c16e6129cedea84a3078e82dd755e8847366ad7960584d?s=96&d=mm&r=g","caption":"Jorge Sim\u00f5es"},"sameAs":["http:\/\/www.talentos-objetivos.pt"],"url":"https:\/\/talentos-objetivos.pt\/trialgp\/author\/jorge-simoes\/"}]}},"_links":{"self":[{"href":"https:\/\/talentos-objetivos.pt\/trialgp\/wp-json\/wp\/v2\/posts\/622","targetHints":{"allow":["GET"]}}],"collection":[{"href":"https:\/\/talentos-objetivos.pt\/trialgp\/wp-json\/wp\/v2\/posts"}],"about":[{"href":"https:\/\/talentos-objetivos.pt\/trialgp\/wp-json\/wp\/v2\/types\/post"}],"author":[{"embeddable":true,"href":"https:\/\/talentos-objetivos.pt\/trialgp\/wp-json\/wp\/v2\/users\/2"}],"replies":[{"embeddable":true,"href":"https:\/\/talentos-objetivos.pt\/trialgp\/wp-json\/wp\/v2\/comments?post=622"}],"version-history":[{"count":0,"href":"https:\/\/talentos-objetivos.pt\/trialgp\/wp-json\/wp\/v2\/posts\/622\/revisions"}],"wp:featuredmedia":[{"embeddable":true,"href":"https:\/\/talentos-objetivos.pt\/trialgp\/wp-json\/wp\/v2\/media\/623"}],"wp:attachment":[{"href":"https:\/\/talentos-objetivos.pt\/trialgp\/wp-json\/wp\/v2\/media?parent=622"}],"wp:term":[{"taxonomy":"category","embeddable":true,"href":"https:\/\/talentos-objetivos.pt\/trialgp\/wp-json\/wp\/v2\/categories?post=622"},{"taxonomy":"post_tag","embeddable":true,"href":"https:\/\/talentos-objetivos.pt\/trialgp\/wp-json\/wp\/v2\/tags?post=622"}],"curies":[{"name":"wp","href":"https:\/\/api.w.org\/{rel}","templated":true}]}}