{"id":624,"date":"2023-04-21T12:31:00","date_gmt":"2023-04-21T12:31:00","guid":{"rendered":"https:\/\/talentos-objetivos.pt\/trialgp\/?p=624"},"modified":"2023-05-15T12:33:19","modified_gmt":"2023-05-15T12:33:19","slug":"criancas-do-concelho-de-gouveia-visitaram-o-paddock-do-trial-mundial","status":"publish","type":"post","link":"https:\/\/talentos-objetivos.pt\/trialgp\/pt\/criancas-do-concelho-de-gouveia-visitaram-o-paddock-do-trial-mundial\/624\/","title":{"rendered":"Crian\u00e7as do concelho de Gouveia visitaram o paddock do Trial Mundial"},"content":{"rendered":"\n<p><strong>Famintas por saciar a curiosidade, cerca de duas dezenas de crian\u00e7as visitaram hoje o \u201cquartel-general\u201d do TrialGP de Portugal, segunda ronda do Campeonato Mundial de Trial Hertz FIM de 2023, e ficaram encantadas com motos e pilotos\u2026<\/strong><\/p>\n\n\n\n<p>A curiosidade matou o gato. Trata-se de um ditado popular usado para alertar uma pessoa de que um mal pode ocorrer se ela for muito curiosa. Este n\u00e3o foi o cen\u00e1rio vivido esta manh\u00e3, em Gouveia para cerca de duas dezenas de crian\u00e7a do concelho que, entusiasmadas, \u201cinvadiram\u201d literalmente o paddock do TrialGP de Portugal, segunda ronda pontu\u00e1vel para o Campeonato Mundial de Trial Hertz FIM de 2023.<\/p>\n\n\n\n<p>Os pilotos mundialistas receberam as crian\u00e7as com muita veem\u00eancia e saciaram a curiosidade de cada uma, numa demonstra\u00e7\u00e3o clara e inequ\u00edvoca de enorme apre\u00e7o pela visita inesperada. N\u00e3o se tratou de nenhuma \u201caula\u201d circunstancial, mas tamb\u00e9m ningu\u00e9m quis saber como poderiam enviar seus curr\u00edculos para tentar uma vaga numa das equipas que alinham na competi\u00e7\u00e3o.<\/p>\n\n\n\n<p>O resultado desta a\u00e7\u00e3o imprevista foi considerado um sucesso, at\u00e9 porque os pilotos souberam ser professores \u00e0 altura e administraram uma boa dose de inspira\u00e7\u00e3o \u00e0s crian\u00e7as, qui\u00e7\u00e1 um dia tamb\u00e9m elas possam mostrar os seus dotes no palco de Gouveia ou outro al\u00e9m-fronteiras.<\/p>\n\n\n\n<p>Acompanhadas a par e passo pelas funcion\u00e1rias das institui\u00e7\u00f5es, a curiosidade e o envolvimento das crian\u00e7as foram notadas pelas variadas perguntas. Aos pilotos coube a tarefa de responder cabalmente. Uma coisa \u00e9 certa: a esmagadora maioria das crian\u00e7as ficaram apaixonadas pelas motos de trial e dos pilotos em particular.<\/p>\n\n\n\n<p>Hoje foi a primeira vez que contactaram com a realidade do trial mundial, amanh\u00e3 e domingo as referidas crian\u00e7as devem seguir as incid\u00eancias da prova e acompanhar os seus \u00eddolos na companhia dos pais e familiares. Quem ficou a ganhar foi, naturalmente, o trial.<\/p>\n","protected":false},"excerpt":{"rendered":"<p>Famintas por saciar a curiosidade, cerca de duas dezenas de crian\u00e7as visitaram hoje o \u201cquartel-general\u201d do TrialGP de Portugal, segunda ronda do Campeonato Mundial de Trial Hertz FIM de 2023, e ficaram encantadas com motos e pilotos\u2026 A curiosidade matou o gato. Trata-se de um ditado popular usado para alertar&hellip; <\/p>\n","protected":false},"author":2,"featured_media":625,"comment_status":"closed","ping_status":"open","sticky":false,"template":"","format":"standard","meta":{"footnotes":""},"categories":[14,11,4,12],"tags":[],"class_list":["post-624","post","type-post","status-publish","format-standard","has-post-thumbnail","hentry","category-news","category-noticias","category-pt","category-uk"],"yoast_head":"<!-- This site is optimized with the Yoast SEO plugin v27.5 - https:\/\/yoast.com\/product\/yoast-seo-wordpress\/ -->\n<title>Crian\u00e7as do concelho de Gouveia visitaram o paddock do Trial Mundial - TRIALGP Portugal<\/title>\n<meta name=\"robots\" content=\"index, follow, max-snippet:-1, max-image-preview:large, max-video-preview:-1\" \/>\n<link rel=\"canonical\" href=\"https:\/\/talentos-objetivos.pt\/trialgp\/pt\/criancas-do-concelho-de-gouveia-visitaram-o-paddock-do-trial-mundial\/624\/\" \/>\n<meta property=\"og:locale\" content=\"pt_PT\" \/>\n<meta property=\"og:type\" content=\"article\" \/>\n<meta property=\"og:title\" content=\"Crian\u00e7as do concelho de Gouveia visitaram o paddock do Trial Mundial - TRIALGP Portugal\" \/>\n<meta property=\"og:description\" content=\"Famintas por saciar a curiosidade, cerca de duas dezenas de crian\u00e7as visitaram hoje o \u201cquartel-general\u201d do TrialGP de Portugal, segunda ronda do Campeonato Mundial de Trial Hertz FIM de 2023, e ficaram encantadas com motos e pilotos\u2026 A curiosidade matou o gato. Trata-se de um ditado popular usado para alertar&hellip;\" \/>\n<meta property=\"og:url\" content=\"https:\/\/talentos-objetivos.pt\/trialgp\/pt\/criancas-do-concelho-de-gouveia-visitaram-o-paddock-do-trial-mundial\/624\/\" \/>\n<meta property=\"og:site_name\" content=\"TRIALGP Portugal\" \/>\n<meta property=\"article:published_time\" content=\"2023-04-21T12:31:00+00:00\" \/>\n<meta property=\"article:modified_time\" content=\"2023-05-15T12:33:19+00:00\" \/>\n<meta property=\"og:image\" content=\"https:\/\/talentos-objetivos.pt\/trialgp\/wp-content\/uploads\/sites\/5\/2023\/05\/Trial-GP-realiza-se-este-fim-de-semana-em-Gouveia.jpg\" \/>\n\t<meta property=\"og:image:width\" content=\"1200\" \/>\n\t<meta property=\"og:image:height\" content=\"800\" \/>\n\t<meta property=\"og:image:type\" content=\"image\/jpeg\" \/>\n<meta name=\"author\" content=\"Jorge Sim\u00f5es\" \/>\n<meta name=\"twitter:card\" content=\"summary_large_image\" \/>\n<meta name=\"twitter:label1\" content=\"Escrito por\" \/>\n\t<meta name=\"twitter:data1\" content=\"Jorge Sim\u00f5es\" \/>\n\t<meta name=\"twitter:label2\" content=\"Tempo estimado de leitura\" \/>\n\t<meta name=\"twitter:data2\" content=\"2 minutos\" \/>\n<script type=\"application\/ld+json\" class=\"yoast-schema-graph\">{\"@context\":\"https:\\\/\\\/schema.org\",\"@graph\":[{\"@type\":\"Article\",\"@id\":\"https:\\\/\\\/talentos-objetivos.pt\\\/trialgp\\\/pt\\\/criancas-do-concelho-de-gouveia-visitaram-o-paddock-do-trial-mundial\\\/624\\\/#article\",\"isPartOf\":{\"@id\":\"https:\\\/\\\/talentos-objetivos.pt\\\/trialgp\\\/pt\\\/criancas-do-concelho-de-gouveia-visitaram-o-paddock-do-trial-mundial\\\/624\\\/\"},\"author\":{\"name\":\"Jorge Sim\u00f5es\",\"@id\":\"https:\\\/\\\/talentos-objetivos.pt\\\/trialgp\\\/#\\\/schema\\\/person\\\/063aae70b5a0bc9f670381b600e1a601\"},\"headline\":\"Crian\u00e7as do concelho de Gouveia visitaram o paddock do Trial Mundial\",\"datePublished\":\"2023-04-21T12:31:00+00:00\",\"dateModified\":\"2023-05-15T12:33:19+00:00\",\"mainEntityOfPage\":{\"@id\":\"https:\\\/\\\/talentos-objetivos.pt\\\/trialgp\\\/pt\\\/criancas-do-concelho-de-gouveia-visitaram-o-paddock-do-trial-mundial\\\/624\\\/\"},\"wordCount\":331,\"image\":{\"@id\":\"https:\\\/\\\/talentos-objetivos.pt\\\/trialgp\\\/pt\\\/criancas-do-concelho-de-gouveia-visitaram-o-paddock-do-trial-mundial\\\/624\\\/#primaryimage\"},\"thumbnailUrl\":\"https:\\\/\\\/talentos-objetivos.pt\\\/trialgp\\\/wp-content\\\/uploads\\\/sites\\\/5\\\/2023\\\/05\\\/Trial-GP-realiza-se-este-fim-de-semana-em-Gouveia.jpg\",\"articleSection\":[\"News\",\"Not\u00edcias\",\"PT\",\"UK\"],\"inLanguage\":\"pt-PT\"},{\"@type\":\"WebPage\",\"@id\":\"https:\\\/\\\/talentos-objetivos.pt\\\/trialgp\\\/pt\\\/criancas-do-concelho-de-gouveia-visitaram-o-paddock-do-trial-mundial\\\/624\\\/\",\"url\":\"https:\\\/\\\/talentos-objetivos.pt\\\/trialgp\\\/pt\\\/criancas-do-concelho-de-gouveia-visitaram-o-paddock-do-trial-mundial\\\/624\\\/\",\"name\":\"Crian\u00e7as do concelho de Gouveia visitaram o paddock do Trial Mundial - TRIALGP Portugal\",\"isPartOf\":{\"@id\":\"https:\\\/\\\/talentos-objetivos.pt\\\/trialgp\\\/#website\"},\"primaryImageOfPage\":{\"@id\":\"https:\\\/\\\/talentos-objetivos.pt\\\/trialgp\\\/pt\\\/criancas-do-concelho-de-gouveia-visitaram-o-paddock-do-trial-mundial\\\/624\\\/#primaryimage\"},\"image\":{\"@id\":\"https:\\\/\\\/talentos-objetivos.pt\\\/trialgp\\\/pt\\\/criancas-do-concelho-de-gouveia-visitaram-o-paddock-do-trial-mundial\\\/624\\\/#primaryimage\"},\"thumbnailUrl\":\"https:\\\/\\\/talentos-objetivos.pt\\\/trialgp\\\/wp-content\\\/uploads\\\/sites\\\/5\\\/2023\\\/05\\\/Trial-GP-realiza-se-este-fim-de-semana-em-Gouveia.jpg\",\"datePublished\":\"2023-04-21T12:31:00+00:00\",\"dateModified\":\"2023-05-15T12:33:19+00:00\",\"author\":{\"@id\":\"https:\\\/\\\/talentos-objetivos.pt\\\/trialgp\\\/#\\\/schema\\\/person\\\/063aae70b5a0bc9f670381b600e1a601\"},\"breadcrumb\":{\"@id\":\"https:\\\/\\\/talentos-objetivos.pt\\\/trialgp\\\/pt\\\/criancas-do-concelho-de-gouveia-visitaram-o-paddock-do-trial-mundial\\\/624\\\/#breadcrumb\"},\"inLanguage\":\"pt-PT\",\"potentialAction\":[{\"@type\":\"ReadAction\",\"target\":[\"https:\\\/\\\/talentos-objetivos.pt\\\/trialgp\\\/pt\\\/criancas-do-concelho-de-gouveia-visitaram-o-paddock-do-trial-mundial\\\/624\\\/\"]}]},{\"@type\":\"ImageObject\",\"inLanguage\":\"pt-PT\",\"@id\":\"https:\\\/\\\/talentos-objetivos.pt\\\/trialgp\\\/pt\\\/criancas-do-concelho-de-gouveia-visitaram-o-paddock-do-trial-mundial\\\/624\\\/#primaryimage\",\"url\":\"https:\\\/\\\/talentos-objetivos.pt\\\/trialgp\\\/wp-content\\\/uploads\\\/sites\\\/5\\\/2023\\\/05\\\/Trial-GP-realiza-se-este-fim-de-semana-em-Gouveia.jpg\",\"contentUrl\":\"https:\\\/\\\/talentos-objetivos.pt\\\/trialgp\\\/wp-content\\\/uploads\\\/sites\\\/5\\\/2023\\\/05\\\/Trial-GP-realiza-se-este-fim-de-semana-em-Gouveia.jpg\",\"width\":1200,\"height\":800},{\"@type\":\"BreadcrumbList\",\"@id\":\"https:\\\/\\\/talentos-objetivos.pt\\\/trialgp\\\/pt\\\/criancas-do-concelho-de-gouveia-visitaram-o-paddock-do-trial-mundial\\\/624\\\/#breadcrumb\",\"itemListElement\":[{\"@type\":\"ListItem\",\"position\":1,\"name\":\"In\u00edcio\",\"item\":\"https:\\\/\\\/talentos-objetivos.pt\\\/trialgp\\\/\"},{\"@type\":\"ListItem\",\"position\":2,\"name\":\"Crian\u00e7as do concelho de Gouveia visitaram o paddock do Trial Mundial\"}]},{\"@type\":\"WebSite\",\"@id\":\"https:\\\/\\\/talentos-objetivos.pt\\\/trialgp\\\/#website\",\"url\":\"https:\\\/\\\/talentos-objetivos.pt\\\/trialgp\\\/\",\"name\":\"TRIALGP Portugal\",\"description\":\"TrialGp - Gouveia 2023\",\"potentialAction\":[{\"@type\":\"SearchAction\",\"target\":{\"@type\":\"EntryPoint\",\"urlTemplate\":\"https:\\\/\\\/talentos-objetivos.pt\\\/trialgp\\\/?s={search_term_string}\"},\"query-input\":{\"@type\":\"PropertyValueSpecification\",\"valueRequired\":true,\"valueName\":\"search_term_string\"}}],\"inLanguage\":\"pt-PT\"},{\"@type\":\"Person\",\"@id\":\"https:\\\/\\\/talentos-objetivos.pt\\\/trialgp\\\/#\\\/schema\\\/person\\\/063aae70b5a0bc9f670381b600e1a601\",\"name\":\"Jorge Sim\u00f5es\",\"image\":{\"@type\":\"ImageObject\",\"inLanguage\":\"pt-PT\",\"@id\":\"https:\\\/\\\/secure.gravatar.com\\\/avatar\\\/1b618a4dfef3cb5350c16e6129cedea84a3078e82dd755e8847366ad7960584d?s=96&d=mm&r=g\",\"url\":\"https:\\\/\\\/secure.gravatar.com\\\/avatar\\\/1b618a4dfef3cb5350c16e6129cedea84a3078e82dd755e8847366ad7960584d?s=96&d=mm&r=g\",\"contentUrl\":\"https:\\\/\\\/secure.gravatar.com\\\/avatar\\\/1b618a4dfef3cb5350c16e6129cedea84a3078e82dd755e8847366ad7960584d?s=96&d=mm&r=g\",\"caption\":\"Jorge Sim\u00f5es\"},\"sameAs\":[\"http:\\\/\\\/www.talentos-objetivos.pt\"],\"url\":\"https:\\\/\\\/talentos-objetivos.pt\\\/trialgp\\\/author\\\/jorge-simoes\\\/\"}]}<\/script>\n<!-- \/ Yoast SEO plugin. -->","yoast_head_json":{"title":"Crian\u00e7as do concelho de Gouveia visitaram o paddock do Trial Mundial - TRIALGP Portugal","robots":{"index":"index","follow":"follow","max-snippet":"max-snippet:-1","max-image-preview":"max-image-preview:large","max-video-preview":"max-video-preview:-1"},"canonical":"https:\/\/talentos-objetivos.pt\/trialgp\/pt\/criancas-do-concelho-de-gouveia-visitaram-o-paddock-do-trial-mundial\/624\/","og_locale":"pt_PT","og_type":"article","og_title":"Crian\u00e7as do concelho de Gouveia visitaram o paddock do Trial Mundial - TRIALGP Portugal","og_description":"Famintas por saciar a curiosidade, cerca de duas dezenas de crian\u00e7as visitaram hoje o \u201cquartel-general\u201d do TrialGP de Portugal, segunda ronda do Campeonato Mundial de Trial Hertz FIM de 2023, e ficaram encantadas com motos e pilotos\u2026 A curiosidade matou o gato. Trata-se de um ditado popular usado para alertar&hellip;","og_url":"https:\/\/talentos-objetivos.pt\/trialgp\/pt\/criancas-do-concelho-de-gouveia-visitaram-o-paddock-do-trial-mundial\/624\/","og_site_name":"TRIALGP Portugal","article_published_time":"2023-04-21T12:31:00+00:00","article_modified_time":"2023-05-15T12:33:19+00:00","og_image":[{"width":1200,"height":800,"url":"https:\/\/talentos-objetivos.pt\/trialgp\/wp-content\/uploads\/sites\/5\/2023\/05\/Trial-GP-realiza-se-este-fim-de-semana-em-Gouveia.jpg","type":"image\/jpeg"}],"author":"Jorge Sim\u00f5es","twitter_card":"summary_large_image","twitter_misc":{"Escrito por":"Jorge Sim\u00f5es","Tempo estimado de leitura":"2 minutos"},"schema":{"@context":"https:\/\/schema.org","@graph":[{"@type":"Article","@id":"https:\/\/talentos-objetivos.pt\/trialgp\/pt\/criancas-do-concelho-de-gouveia-visitaram-o-paddock-do-trial-mundial\/624\/#article","isPartOf":{"@id":"https:\/\/talentos-objetivos.pt\/trialgp\/pt\/criancas-do-concelho-de-gouveia-visitaram-o-paddock-do-trial-mundial\/624\/"},"author":{"name":"Jorge Sim\u00f5es","@id":"https:\/\/talentos-objetivos.pt\/trialgp\/#\/schema\/person\/063aae70b5a0bc9f670381b600e1a601"},"headline":"Crian\u00e7as do concelho de Gouveia visitaram o paddock do Trial Mundial","datePublished":"2023-04-21T12:31:00+00:00","dateModified":"2023-05-15T12:33:19+00:00","mainEntityOfPage":{"@id":"https:\/\/talentos-objetivos.pt\/trialgp\/pt\/criancas-do-concelho-de-gouveia-visitaram-o-paddock-do-trial-mundial\/624\/"},"wordCount":331,"image":{"@id":"https:\/\/talentos-objetivos.pt\/trialgp\/pt\/criancas-do-concelho-de-gouveia-visitaram-o-paddock-do-trial-mundial\/624\/#primaryimage"},"thumbnailUrl":"https:\/\/talentos-objetivos.pt\/trialgp\/wp-content\/uploads\/sites\/5\/2023\/05\/Trial-GP-realiza-se-este-fim-de-semana-em-Gouveia.jpg","articleSection":["News","Not\u00edcias","PT","UK"],"inLanguage":"pt-PT"},{"@type":"WebPage","@id":"https:\/\/talentos-objetivos.pt\/trialgp\/pt\/criancas-do-concelho-de-gouveia-visitaram-o-paddock-do-trial-mundial\/624\/","url":"https:\/\/talentos-objetivos.pt\/trialgp\/pt\/criancas-do-concelho-de-gouveia-visitaram-o-paddock-do-trial-mundial\/624\/","name":"Crian\u00e7as do concelho de Gouveia visitaram o paddock do Trial Mundial - TRIALGP Portugal","isPartOf":{"@id":"https:\/\/talentos-objetivos.pt\/trialgp\/#website"},"primaryImageOfPage":{"@id":"https:\/\/talentos-objetivos.pt\/trialgp\/pt\/criancas-do-concelho-de-gouveia-visitaram-o-paddock-do-trial-mundial\/624\/#primaryimage"},"image":{"@id":"https:\/\/talentos-objetivos.pt\/trialgp\/pt\/criancas-do-concelho-de-gouveia-visitaram-o-paddock-do-trial-mundial\/624\/#primaryimage"},"thumbnailUrl":"https:\/\/talentos-objetivos.pt\/trialgp\/wp-content\/uploads\/sites\/5\/2023\/05\/Trial-GP-realiza-se-este-fim-de-semana-em-Gouveia.jpg","datePublished":"2023-04-21T12:31:00+00:00","dateModified":"2023-05-15T12:33:19+00:00","author":{"@id":"https:\/\/talentos-objetivos.pt\/trialgp\/#\/schema\/person\/063aae70b5a0bc9f670381b600e1a601"},"breadcrumb":{"@id":"https:\/\/talentos-objetivos.pt\/trialgp\/pt\/criancas-do-concelho-de-gouveia-visitaram-o-paddock-do-trial-mundial\/624\/#breadcrumb"},"inLanguage":"pt-PT","potentialAction":[{"@type":"ReadAction","target":["https:\/\/talentos-objetivos.pt\/trialgp\/pt\/criancas-do-concelho-de-gouveia-visitaram-o-paddock-do-trial-mundial\/624\/"]}]},{"@type":"ImageObject","inLanguage":"pt-PT","@id":"https:\/\/talentos-objetivos.pt\/trialgp\/pt\/criancas-do-concelho-de-gouveia-visitaram-o-paddock-do-trial-mundial\/624\/#primaryimage","url":"https:\/\/talentos-objetivos.pt\/trialgp\/wp-content\/uploads\/sites\/5\/2023\/05\/Trial-GP-realiza-se-este-fim-de-semana-em-Gouveia.jpg","contentUrl":"https:\/\/talentos-objetivos.pt\/trialgp\/wp-content\/uploads\/sites\/5\/2023\/05\/Trial-GP-realiza-se-este-fim-de-semana-em-Gouveia.jpg","width":1200,"height":800},{"@type":"BreadcrumbList","@id":"https:\/\/talentos-objetivos.pt\/trialgp\/pt\/criancas-do-concelho-de-gouveia-visitaram-o-paddock-do-trial-mundial\/624\/#breadcrumb","itemListElement":[{"@type":"ListItem","position":1,"name":"In\u00edcio","item":"https:\/\/talentos-objetivos.pt\/trialgp\/"},{"@type":"ListItem","position":2,"name":"Crian\u00e7as do concelho de Gouveia visitaram o paddock do Trial Mundial"}]},{"@type":"WebSite","@id":"https:\/\/talentos-objetivos.pt\/trialgp\/#website","url":"https:\/\/talentos-objetivos.pt\/trialgp\/","name":"TRIALGP Portugal","description":"TrialGp - Gouveia 2023","potentialAction":[{"@type":"SearchAction","target":{"@type":"EntryPoint","urlTemplate":"https:\/\/talentos-objetivos.pt\/trialgp\/?s={search_term_string}"},"query-input":{"@type":"PropertyValueSpecification","valueRequired":true,"valueName":"search_term_string"}}],"inLanguage":"pt-PT"},{"@type":"Person","@id":"https:\/\/talentos-objetivos.pt\/trialgp\/#\/schema\/person\/063aae70b5a0bc9f670381b600e1a601","name":"Jorge Sim\u00f5es","image":{"@type":"ImageObject","inLanguage":"pt-PT","@id":"https:\/\/secure.gravatar.com\/avatar\/1b618a4dfef3cb5350c16e6129cedea84a3078e82dd755e8847366ad7960584d?s=96&d=mm&r=g","url":"https:\/\/secure.gravatar.com\/avatar\/1b618a4dfef3cb5350c16e6129cedea84a3078e82dd755e8847366ad7960584d?s=96&d=mm&r=g","contentUrl":"https:\/\/secure.gravatar.com\/avatar\/1b618a4dfef3cb5350c16e6129cedea84a3078e82dd755e8847366ad7960584d?s=96&d=mm&r=g","caption":"Jorge Sim\u00f5es"},"sameAs":["http:\/\/www.talentos-objetivos.pt"],"url":"https:\/\/talentos-objetivos.pt\/trialgp\/author\/jorge-simoes\/"}]}},"_links":{"self":[{"href":"https:\/\/talentos-objetivos.pt\/trialgp\/wp-json\/wp\/v2\/posts\/624","targetHints":{"allow":["GET"]}}],"collection":[{"href":"https:\/\/talentos-objetivos.pt\/trialgp\/wp-json\/wp\/v2\/posts"}],"about":[{"href":"https:\/\/talentos-objetivos.pt\/trialgp\/wp-json\/wp\/v2\/types\/post"}],"author":[{"embeddable":true,"href":"https:\/\/talentos-objetivos.pt\/trialgp\/wp-json\/wp\/v2\/users\/2"}],"replies":[{"embeddable":true,"href":"https:\/\/talentos-objetivos.pt\/trialgp\/wp-json\/wp\/v2\/comments?post=624"}],"version-history":[{"count":0,"href":"https:\/\/talentos-objetivos.pt\/trialgp\/wp-json\/wp\/v2\/posts\/624\/revisions"}],"wp:featuredmedia":[{"embeddable":true,"href":"https:\/\/talentos-objetivos.pt\/trialgp\/wp-json\/wp\/v2\/media\/625"}],"wp:attachment":[{"href":"https:\/\/talentos-objetivos.pt\/trialgp\/wp-json\/wp\/v2\/media?parent=624"}],"wp:term":[{"taxonomy":"category","embeddable":true,"href":"https:\/\/talentos-objetivos.pt\/trialgp\/wp-json\/wp\/v2\/categories?post=624"},{"taxonomy":"post_tag","embeddable":true,"href":"https:\/\/talentos-objetivos.pt\/trialgp\/wp-json\/wp\/v2\/tags?post=624"}],"curies":[{"name":"wp","href":"https:\/\/api.w.org\/{rel}","templated":true}]}}