{"id":626,"date":"2023-04-22T12:39:00","date_gmt":"2023-04-22T12:39:00","guid":{"rendered":"https:\/\/talentos-objetivos.pt\/trialgp\/?p=626"},"modified":"2023-05-15T12:41:31","modified_gmt":"2023-05-15T12:41:31","slug":"gouveia-engalanou-se-para-receber-o-mundial-de-trial","status":"publish","type":"post","link":"https:\/\/talentos-objetivos.pt\/trialgp\/pt\/gouveia-engalanou-se-para-receber-o-mundial-de-trial\/626\/","title":{"rendered":"Gouveia engalanou-se para receber o Mundial de Trial"},"content":{"rendered":"\n<p><strong>A segunda ronda do Hertz FIM Trial World Championship 2023 reinicia-se este s\u00e1bado e domingo com o TrialGP de Portugal no cen\u00e1rio panor\u00e2mico de Gouveia, na orla do Parque Natural da Serra da Estrela.<\/strong><\/p>\n\n\n\n<p>A cidade de Gouveia \u00e9 palco este fim de semana do TrialGP de Portugal, segunda jornada do Campeonato Mundial da especialidade da temporada de 2023. Ap\u00f3s um ano de interregno, o munic\u00edpio de Gouveia e a Talentos Objetivos \u2013 Clube de Enduro e Recreio colocaram no terreno mais um fant\u00e1stico evento desportivo que atrai \u00e0 regi\u00e3o da Serra da Estrela e \u00e0 cidade de Gouveia muitos aficionados da modalidade.<\/p>\n\n\n\n<p>As enormes rochas de Gouveia n\u00e3o v\u00e3o, com toda a certeza, oferecer tr\u00e9gua aos pilotos e maquinas, ap\u00f3s a prova de abertura disputada na regi\u00e3o espanhola de Arteixo. Coragem e comprometimento ser\u00e3o, naturalmente, exigidos aos melhores pilotos de trial do mundo.<\/p>\n\n\n\n<p>Com dezasseis t\u00edtulos conquistados consecutivamente, o espanhol Toni Bou (Montesa) \u00e9 o piloto a bater na classe rainha do TrialGP. O experiente piloto logrou o triunfo nas tr\u00eas ocasi\u00f5es anteriores em que a competi\u00e7\u00e3o assentou arraiais em Gouveia, mas o seu compatriota Jaime Busto (GASGAS) infligiu uma rara derrota no primeiro dia em Espanha.<\/p>\n\n\n\n<p>Agora, os dois pilotos chegam \u00e0 encosta noroeste do maior sistema montanhoso portugu\u00eas continental empatados com 37 pontos. Este ano, a prova privilegia o cora\u00e7\u00e3o da cidade de Gouveia e envolve 120 pilotos, distribu\u00eddos por quatro categorias: Trial3, Trial2, TrialGP e TrialGP Women.<\/p>\n\n\n\n<p>&nbsp;O programa reservado para esta sexta-feira ficou incompleto devido \u00e0 chuva que caiu continuamente a partir do princ\u00edpio da tarde, n\u00e3o admitindo os treinos agendados para esse per\u00edodo, apenas teve lugar as habituais verifica\u00e7\u00f5es documentais e t\u00e9cnicas.<\/p>\n\n\n\n<p>O padock da prova est\u00e1 instalado no parque da antiga fabrica de lanif\u00edcios Bellino &amp; Bellino de Gouveia<\/p>\n\n\n\n<p>No s\u00e1bado, a competi\u00e7\u00e3o come\u00e7a pelas 8h30 e prolonga-se at\u00e9 \u00e0s 15h45, altura em que se realiza a cerim\u00f3nia de entrega de pr\u00e9mios. O encerramento ser\u00e1 feito no domingo, com mais um dia de competi\u00e7\u00e3o, a desenvolver entre as 8h30 e as 15h45, e mais uma entrega de pr\u00e9mios.<\/p>\n","protected":false},"excerpt":{"rendered":"<p>A segunda ronda do Hertz FIM Trial World Championship 2023 reinicia-se este s\u00e1bado e domingo com o TrialGP de Portugal no cen\u00e1rio panor\u00e2mico de Gouveia, na orla do Parque Natural da Serra da Estrela. A cidade de Gouveia \u00e9 palco este fim de semana do TrialGP de Portugal, segunda jornada&hellip; <\/p>\n","protected":false},"author":2,"featured_media":627,"comment_status":"closed","ping_status":"open","sticky":false,"template":"","format":"standard","meta":{"footnotes":""},"categories":[14,11,4,12],"tags":[],"class_list":["post-626","post","type-post","status-publish","format-standard","has-post-thumbnail","hentry","category-news","category-noticias","category-pt","category-uk"],"yoast_head":"<!-- This site is optimized with the Yoast SEO plugin v27.5 - https:\/\/yoast.com\/product\/yoast-seo-wordpress\/ -->\n<title>Gouveia engalanou-se para receber o Mundial de Trial - TRIALGP Portugal<\/title>\n<meta name=\"robots\" content=\"index, follow, max-snippet:-1, max-image-preview:large, max-video-preview:-1\" \/>\n<link rel=\"canonical\" href=\"https:\/\/talentos-objetivos.pt\/trialgp\/pt\/gouveia-engalanou-se-para-receber-o-mundial-de-trial\/626\/\" \/>\n<meta property=\"og:locale\" content=\"pt_PT\" \/>\n<meta property=\"og:type\" content=\"article\" \/>\n<meta property=\"og:title\" content=\"Gouveia engalanou-se para receber o Mundial de Trial - TRIALGP Portugal\" \/>\n<meta property=\"og:description\" content=\"A segunda ronda do Hertz FIM Trial World Championship 2023 reinicia-se este s\u00e1bado e domingo com o TrialGP de Portugal no cen\u00e1rio panor\u00e2mico de Gouveia, na orla do Parque Natural da Serra da Estrela. A cidade de Gouveia \u00e9 palco este fim de semana do TrialGP de Portugal, segunda jornada&hellip;\" \/>\n<meta property=\"og:url\" content=\"https:\/\/talentos-objetivos.pt\/trialgp\/pt\/gouveia-engalanou-se-para-receber-o-mundial-de-trial\/626\/\" \/>\n<meta property=\"og:site_name\" content=\"TRIALGP Portugal\" \/>\n<meta property=\"article:published_time\" content=\"2023-04-22T12:39:00+00:00\" \/>\n<meta property=\"article:modified_time\" content=\"2023-05-15T12:41:31+00:00\" \/>\n<meta property=\"og:image\" content=\"https:\/\/talentos-objetivos.pt\/trialgp\/wp-content\/uploads\/sites\/5\/2023\/05\/TrialGP23.jpg\" \/>\n\t<meta property=\"og:image:width\" content=\"1200\" \/>\n\t<meta property=\"og:image:height\" content=\"800\" \/>\n\t<meta property=\"og:image:type\" content=\"image\/jpeg\" \/>\n<meta name=\"author\" content=\"Jorge Sim\u00f5es\" \/>\n<meta name=\"twitter:card\" content=\"summary_large_image\" \/>\n<meta name=\"twitter:label1\" content=\"Escrito por\" \/>\n\t<meta name=\"twitter:data1\" content=\"Jorge Sim\u00f5es\" \/>\n\t<meta name=\"twitter:label2\" content=\"Tempo estimado de leitura\" \/>\n\t<meta name=\"twitter:data2\" content=\"2 minutos\" \/>\n<script type=\"application\/ld+json\" class=\"yoast-schema-graph\">{\"@context\":\"https:\\\/\\\/schema.org\",\"@graph\":[{\"@type\":\"Article\",\"@id\":\"https:\\\/\\\/talentos-objetivos.pt\\\/trialgp\\\/pt\\\/gouveia-engalanou-se-para-receber-o-mundial-de-trial\\\/626\\\/#article\",\"isPartOf\":{\"@id\":\"https:\\\/\\\/talentos-objetivos.pt\\\/trialgp\\\/pt\\\/gouveia-engalanou-se-para-receber-o-mundial-de-trial\\\/626\\\/\"},\"author\":{\"name\":\"Jorge Sim\u00f5es\",\"@id\":\"https:\\\/\\\/talentos-objetivos.pt\\\/trialgp\\\/#\\\/schema\\\/person\\\/063aae70b5a0bc9f670381b600e1a601\"},\"headline\":\"Gouveia engalanou-se para receber o Mundial de Trial\",\"datePublished\":\"2023-04-22T12:39:00+00:00\",\"dateModified\":\"2023-05-15T12:41:31+00:00\",\"mainEntityOfPage\":{\"@id\":\"https:\\\/\\\/talentos-objetivos.pt\\\/trialgp\\\/pt\\\/gouveia-engalanou-se-para-receber-o-mundial-de-trial\\\/626\\\/\"},\"wordCount\":376,\"image\":{\"@id\":\"https:\\\/\\\/talentos-objetivos.pt\\\/trialgp\\\/pt\\\/gouveia-engalanou-se-para-receber-o-mundial-de-trial\\\/626\\\/#primaryimage\"},\"thumbnailUrl\":\"https:\\\/\\\/talentos-objetivos.pt\\\/trialgp\\\/wp-content\\\/uploads\\\/sites\\\/5\\\/2023\\\/05\\\/TrialGP23.jpg\",\"articleSection\":[\"News\",\"Not\u00edcias\",\"PT\",\"UK\"],\"inLanguage\":\"pt-PT\"},{\"@type\":\"WebPage\",\"@id\":\"https:\\\/\\\/talentos-objetivos.pt\\\/trialgp\\\/pt\\\/gouveia-engalanou-se-para-receber-o-mundial-de-trial\\\/626\\\/\",\"url\":\"https:\\\/\\\/talentos-objetivos.pt\\\/trialgp\\\/pt\\\/gouveia-engalanou-se-para-receber-o-mundial-de-trial\\\/626\\\/\",\"name\":\"Gouveia engalanou-se para receber o Mundial de Trial - TRIALGP Portugal\",\"isPartOf\":{\"@id\":\"https:\\\/\\\/talentos-objetivos.pt\\\/trialgp\\\/#website\"},\"primaryImageOfPage\":{\"@id\":\"https:\\\/\\\/talentos-objetivos.pt\\\/trialgp\\\/pt\\\/gouveia-engalanou-se-para-receber-o-mundial-de-trial\\\/626\\\/#primaryimage\"},\"image\":{\"@id\":\"https:\\\/\\\/talentos-objetivos.pt\\\/trialgp\\\/pt\\\/gouveia-engalanou-se-para-receber-o-mundial-de-trial\\\/626\\\/#primaryimage\"},\"thumbnailUrl\":\"https:\\\/\\\/talentos-objetivos.pt\\\/trialgp\\\/wp-content\\\/uploads\\\/sites\\\/5\\\/2023\\\/05\\\/TrialGP23.jpg\",\"datePublished\":\"2023-04-22T12:39:00+00:00\",\"dateModified\":\"2023-05-15T12:41:31+00:00\",\"author\":{\"@id\":\"https:\\\/\\\/talentos-objetivos.pt\\\/trialgp\\\/#\\\/schema\\\/person\\\/063aae70b5a0bc9f670381b600e1a601\"},\"breadcrumb\":{\"@id\":\"https:\\\/\\\/talentos-objetivos.pt\\\/trialgp\\\/pt\\\/gouveia-engalanou-se-para-receber-o-mundial-de-trial\\\/626\\\/#breadcrumb\"},\"inLanguage\":\"pt-PT\",\"potentialAction\":[{\"@type\":\"ReadAction\",\"target\":[\"https:\\\/\\\/talentos-objetivos.pt\\\/trialgp\\\/pt\\\/gouveia-engalanou-se-para-receber-o-mundial-de-trial\\\/626\\\/\"]}]},{\"@type\":\"ImageObject\",\"inLanguage\":\"pt-PT\",\"@id\":\"https:\\\/\\\/talentos-objetivos.pt\\\/trialgp\\\/pt\\\/gouveia-engalanou-se-para-receber-o-mundial-de-trial\\\/626\\\/#primaryimage\",\"url\":\"https:\\\/\\\/talentos-objetivos.pt\\\/trialgp\\\/wp-content\\\/uploads\\\/sites\\\/5\\\/2023\\\/05\\\/TrialGP23.jpg\",\"contentUrl\":\"https:\\\/\\\/talentos-objetivos.pt\\\/trialgp\\\/wp-content\\\/uploads\\\/sites\\\/5\\\/2023\\\/05\\\/TrialGP23.jpg\",\"width\":1200,\"height\":800},{\"@type\":\"BreadcrumbList\",\"@id\":\"https:\\\/\\\/talentos-objetivos.pt\\\/trialgp\\\/pt\\\/gouveia-engalanou-se-para-receber-o-mundial-de-trial\\\/626\\\/#breadcrumb\",\"itemListElement\":[{\"@type\":\"ListItem\",\"position\":1,\"name\":\"In\u00edcio\",\"item\":\"https:\\\/\\\/talentos-objetivos.pt\\\/trialgp\\\/\"},{\"@type\":\"ListItem\",\"position\":2,\"name\":\"Gouveia engalanou-se para receber o Mundial de Trial\"}]},{\"@type\":\"WebSite\",\"@id\":\"https:\\\/\\\/talentos-objetivos.pt\\\/trialgp\\\/#website\",\"url\":\"https:\\\/\\\/talentos-objetivos.pt\\\/trialgp\\\/\",\"name\":\"TRIALGP Portugal\",\"description\":\"TrialGp - Gouveia 2023\",\"potentialAction\":[{\"@type\":\"SearchAction\",\"target\":{\"@type\":\"EntryPoint\",\"urlTemplate\":\"https:\\\/\\\/talentos-objetivos.pt\\\/trialgp\\\/?s={search_term_string}\"},\"query-input\":{\"@type\":\"PropertyValueSpecification\",\"valueRequired\":true,\"valueName\":\"search_term_string\"}}],\"inLanguage\":\"pt-PT\"},{\"@type\":\"Person\",\"@id\":\"https:\\\/\\\/talentos-objetivos.pt\\\/trialgp\\\/#\\\/schema\\\/person\\\/063aae70b5a0bc9f670381b600e1a601\",\"name\":\"Jorge Sim\u00f5es\",\"image\":{\"@type\":\"ImageObject\",\"inLanguage\":\"pt-PT\",\"@id\":\"https:\\\/\\\/secure.gravatar.com\\\/avatar\\\/1b618a4dfef3cb5350c16e6129cedea84a3078e82dd755e8847366ad7960584d?s=96&d=mm&r=g\",\"url\":\"https:\\\/\\\/secure.gravatar.com\\\/avatar\\\/1b618a4dfef3cb5350c16e6129cedea84a3078e82dd755e8847366ad7960584d?s=96&d=mm&r=g\",\"contentUrl\":\"https:\\\/\\\/secure.gravatar.com\\\/avatar\\\/1b618a4dfef3cb5350c16e6129cedea84a3078e82dd755e8847366ad7960584d?s=96&d=mm&r=g\",\"caption\":\"Jorge Sim\u00f5es\"},\"sameAs\":[\"http:\\\/\\\/www.talentos-objetivos.pt\"],\"url\":\"https:\\\/\\\/talentos-objetivos.pt\\\/trialgp\\\/author\\\/jorge-simoes\\\/\"}]}<\/script>\n<!-- \/ Yoast SEO plugin. -->","yoast_head_json":{"title":"Gouveia engalanou-se para receber o Mundial de Trial - TRIALGP Portugal","robots":{"index":"index","follow":"follow","max-snippet":"max-snippet:-1","max-image-preview":"max-image-preview:large","max-video-preview":"max-video-preview:-1"},"canonical":"https:\/\/talentos-objetivos.pt\/trialgp\/pt\/gouveia-engalanou-se-para-receber-o-mundial-de-trial\/626\/","og_locale":"pt_PT","og_type":"article","og_title":"Gouveia engalanou-se para receber o Mundial de Trial - TRIALGP Portugal","og_description":"A segunda ronda do Hertz FIM Trial World Championship 2023 reinicia-se este s\u00e1bado e domingo com o TrialGP de Portugal no cen\u00e1rio panor\u00e2mico de Gouveia, na orla do Parque Natural da Serra da Estrela. A cidade de Gouveia \u00e9 palco este fim de semana do TrialGP de Portugal, segunda jornada&hellip;","og_url":"https:\/\/talentos-objetivos.pt\/trialgp\/pt\/gouveia-engalanou-se-para-receber-o-mundial-de-trial\/626\/","og_site_name":"TRIALGP Portugal","article_published_time":"2023-04-22T12:39:00+00:00","article_modified_time":"2023-05-15T12:41:31+00:00","og_image":[{"width":1200,"height":800,"url":"https:\/\/talentos-objetivos.pt\/trialgp\/wp-content\/uploads\/sites\/5\/2023\/05\/TrialGP23.jpg","type":"image\/jpeg"}],"author":"Jorge Sim\u00f5es","twitter_card":"summary_large_image","twitter_misc":{"Escrito por":"Jorge Sim\u00f5es","Tempo estimado de leitura":"2 minutos"},"schema":{"@context":"https:\/\/schema.org","@graph":[{"@type":"Article","@id":"https:\/\/talentos-objetivos.pt\/trialgp\/pt\/gouveia-engalanou-se-para-receber-o-mundial-de-trial\/626\/#article","isPartOf":{"@id":"https:\/\/talentos-objetivos.pt\/trialgp\/pt\/gouveia-engalanou-se-para-receber-o-mundial-de-trial\/626\/"},"author":{"name":"Jorge Sim\u00f5es","@id":"https:\/\/talentos-objetivos.pt\/trialgp\/#\/schema\/person\/063aae70b5a0bc9f670381b600e1a601"},"headline":"Gouveia engalanou-se para receber o Mundial de Trial","datePublished":"2023-04-22T12:39:00+00:00","dateModified":"2023-05-15T12:41:31+00:00","mainEntityOfPage":{"@id":"https:\/\/talentos-objetivos.pt\/trialgp\/pt\/gouveia-engalanou-se-para-receber-o-mundial-de-trial\/626\/"},"wordCount":376,"image":{"@id":"https:\/\/talentos-objetivos.pt\/trialgp\/pt\/gouveia-engalanou-se-para-receber-o-mundial-de-trial\/626\/#primaryimage"},"thumbnailUrl":"https:\/\/talentos-objetivos.pt\/trialgp\/wp-content\/uploads\/sites\/5\/2023\/05\/TrialGP23.jpg","articleSection":["News","Not\u00edcias","PT","UK"],"inLanguage":"pt-PT"},{"@type":"WebPage","@id":"https:\/\/talentos-objetivos.pt\/trialgp\/pt\/gouveia-engalanou-se-para-receber-o-mundial-de-trial\/626\/","url":"https:\/\/talentos-objetivos.pt\/trialgp\/pt\/gouveia-engalanou-se-para-receber-o-mundial-de-trial\/626\/","name":"Gouveia engalanou-se para receber o Mundial de Trial - TRIALGP Portugal","isPartOf":{"@id":"https:\/\/talentos-objetivos.pt\/trialgp\/#website"},"primaryImageOfPage":{"@id":"https:\/\/talentos-objetivos.pt\/trialgp\/pt\/gouveia-engalanou-se-para-receber-o-mundial-de-trial\/626\/#primaryimage"},"image":{"@id":"https:\/\/talentos-objetivos.pt\/trialgp\/pt\/gouveia-engalanou-se-para-receber-o-mundial-de-trial\/626\/#primaryimage"},"thumbnailUrl":"https:\/\/talentos-objetivos.pt\/trialgp\/wp-content\/uploads\/sites\/5\/2023\/05\/TrialGP23.jpg","datePublished":"2023-04-22T12:39:00+00:00","dateModified":"2023-05-15T12:41:31+00:00","author":{"@id":"https:\/\/talentos-objetivos.pt\/trialgp\/#\/schema\/person\/063aae70b5a0bc9f670381b600e1a601"},"breadcrumb":{"@id":"https:\/\/talentos-objetivos.pt\/trialgp\/pt\/gouveia-engalanou-se-para-receber-o-mundial-de-trial\/626\/#breadcrumb"},"inLanguage":"pt-PT","potentialAction":[{"@type":"ReadAction","target":["https:\/\/talentos-objetivos.pt\/trialgp\/pt\/gouveia-engalanou-se-para-receber-o-mundial-de-trial\/626\/"]}]},{"@type":"ImageObject","inLanguage":"pt-PT","@id":"https:\/\/talentos-objetivos.pt\/trialgp\/pt\/gouveia-engalanou-se-para-receber-o-mundial-de-trial\/626\/#primaryimage","url":"https:\/\/talentos-objetivos.pt\/trialgp\/wp-content\/uploads\/sites\/5\/2023\/05\/TrialGP23.jpg","contentUrl":"https:\/\/talentos-objetivos.pt\/trialgp\/wp-content\/uploads\/sites\/5\/2023\/05\/TrialGP23.jpg","width":1200,"height":800},{"@type":"BreadcrumbList","@id":"https:\/\/talentos-objetivos.pt\/trialgp\/pt\/gouveia-engalanou-se-para-receber-o-mundial-de-trial\/626\/#breadcrumb","itemListElement":[{"@type":"ListItem","position":1,"name":"In\u00edcio","item":"https:\/\/talentos-objetivos.pt\/trialgp\/"},{"@type":"ListItem","position":2,"name":"Gouveia engalanou-se para receber o Mundial de Trial"}]},{"@type":"WebSite","@id":"https:\/\/talentos-objetivos.pt\/trialgp\/#website","url":"https:\/\/talentos-objetivos.pt\/trialgp\/","name":"TRIALGP Portugal","description":"TrialGp - Gouveia 2023","potentialAction":[{"@type":"SearchAction","target":{"@type":"EntryPoint","urlTemplate":"https:\/\/talentos-objetivos.pt\/trialgp\/?s={search_term_string}"},"query-input":{"@type":"PropertyValueSpecification","valueRequired":true,"valueName":"search_term_string"}}],"inLanguage":"pt-PT"},{"@type":"Person","@id":"https:\/\/talentos-objetivos.pt\/trialgp\/#\/schema\/person\/063aae70b5a0bc9f670381b600e1a601","name":"Jorge Sim\u00f5es","image":{"@type":"ImageObject","inLanguage":"pt-PT","@id":"https:\/\/secure.gravatar.com\/avatar\/1b618a4dfef3cb5350c16e6129cedea84a3078e82dd755e8847366ad7960584d?s=96&d=mm&r=g","url":"https:\/\/secure.gravatar.com\/avatar\/1b618a4dfef3cb5350c16e6129cedea84a3078e82dd755e8847366ad7960584d?s=96&d=mm&r=g","contentUrl":"https:\/\/secure.gravatar.com\/avatar\/1b618a4dfef3cb5350c16e6129cedea84a3078e82dd755e8847366ad7960584d?s=96&d=mm&r=g","caption":"Jorge Sim\u00f5es"},"sameAs":["http:\/\/www.talentos-objetivos.pt"],"url":"https:\/\/talentos-objetivos.pt\/trialgp\/author\/jorge-simoes\/"}]}},"_links":{"self":[{"href":"https:\/\/talentos-objetivos.pt\/trialgp\/wp-json\/wp\/v2\/posts\/626","targetHints":{"allow":["GET"]}}],"collection":[{"href":"https:\/\/talentos-objetivos.pt\/trialgp\/wp-json\/wp\/v2\/posts"}],"about":[{"href":"https:\/\/talentos-objetivos.pt\/trialgp\/wp-json\/wp\/v2\/types\/post"}],"author":[{"embeddable":true,"href":"https:\/\/talentos-objetivos.pt\/trialgp\/wp-json\/wp\/v2\/users\/2"}],"replies":[{"embeddable":true,"href":"https:\/\/talentos-objetivos.pt\/trialgp\/wp-json\/wp\/v2\/comments?post=626"}],"version-history":[{"count":0,"href":"https:\/\/talentos-objetivos.pt\/trialgp\/wp-json\/wp\/v2\/posts\/626\/revisions"}],"wp:featuredmedia":[{"embeddable":true,"href":"https:\/\/talentos-objetivos.pt\/trialgp\/wp-json\/wp\/v2\/media\/627"}],"wp:attachment":[{"href":"https:\/\/talentos-objetivos.pt\/trialgp\/wp-json\/wp\/v2\/media?parent=626"}],"wp:term":[{"taxonomy":"category","embeddable":true,"href":"https:\/\/talentos-objetivos.pt\/trialgp\/wp-json\/wp\/v2\/categories?post=626"},{"taxonomy":"post_tag","embeddable":true,"href":"https:\/\/talentos-objetivos.pt\/trialgp\/wp-json\/wp\/v2\/tags?post=626"}],"curies":[{"name":"wp","href":"https:\/\/api.w.org\/{rel}","templated":true}]}}