{"id":2064,"date":"2016-04-17T19:20:45","date_gmt":"2016-04-17T19:20:45","guid":{"rendered":"http:\/\/wecportugal.talentos-objetivos.pt\/?p=2064"},"modified":"2022-12-13T10:56:27","modified_gmt":"2022-12-13T10:56:27","slug":"a-estreia-de-steve-holcombe-no-endurogp","status":"publish","type":"post","link":"https:\/\/talentos-objetivos.pt\/wecportugal\/2016\/04\/17\/a-estreia-de-steve-holcombe-no-endurogp\/","title":{"rendered":"A ESTREIA DE STEVE HOLCOMBE NO ENDUROGP"},"content":{"rendered":"<p>Aos comandos da sua Beta Steve Holcombe foi hoje o \u00fanico l\u00edder no segundo e derradeiro dia do GP de Portugal de Enduro realizado em Gouveia. Fruto do esfor\u00e7o feito pela organiza\u00e7\u00e3o entre o final do dia de ontem e o arranque desta segunda jornada, os pilotos encontraram novamente um percurso digno de receber os melhores pilotos do mundo, com a chuva a dar igualmente tr\u00e9guas ao cair apenas de forma espor\u00e1dica ao longo das tr\u00eas voltas que hoje todos conseguiram cumprir.<br \/>\nHolcombe entrou decidido na corrida e ao vencer a primeira especial do dia assumiu de imediato a lideran\u00e7a da classifica\u00e7\u00e3o que n\u00e3o mais largou at\u00e9 ao final das nove especiais cronometradas que hoje os pilotos tiveram que cumprir. Especiais mais curtas para evitar as zonas mais degradadas depois do dia de ontem, mas nem por isso menos exigentes para pilotos e m\u00e1quinas. Nem mesmo o 14\u00ba tempo obtido na derradeira passagem pela Cross-Test desalojou o piloto da Beta do primeiro lugar, que fechou a jornada com 6.51 segundos de vantagem face ao finland\u00eas Eero Remes, o segundo na geral e vencedor na classe Enduro 1, tendo Holcombe ganho a Enduro 3, a categoria reservada \u00e1s motos de maior cilindrada.<br \/>\nO terceiro classificado no final deste segundo dia foi Nathan Watson, piloto que se estreou este ano no mundial de enduro depois de ter feito carreira nos campeonatos brit\u00e2nicos e mundial de motocross, batendo o igualmente estreante Taylor Robert, o \u00fanico representante dos Estados-Unidos neste mundial e que por muito pouco n\u00e3o assinou o seu primeiro p\u00f3dio em EnduroGP. A fechar o lote dos cinco primeiros ficou Phillip Mathews, o vencedor no dia de ontem que hoje n\u00e3o esteve feliz nas segundas passagens pelas especiais Cross e Extreme e perdeu muito tempo para a concorr\u00eancia que n\u00e3o mais conseguiu recuperar at\u00e9 ao fecho da corrida. Igualmente sem sorte Mathias Bellino falhou totalmente nas primeiras passagens pelas especiais Cross e Extreme, repetindo novamente o mau momento na segunda ronda pela Enduro Test. Bellino ficou em 14\u00ba ap\u00f3s a quarta especial do dia, recuperando at\u00e9 ao nono posto no encerramento desta segunda prova do campeonato 2016.<\/p>\n<p>Entre os portugueses Lu\u00eds Correia fechou na 15\u00aa posi\u00e7\u00e3o, quarto na categoria E3, sendo Lu\u00eds Oliveira o 32\u00ba para ocupar a 14\u00aa posi\u00e7\u00e3o na classe E1. Diogo Ventura esteve de novo em grande plano para conseguir de novo a segunda posi\u00e7\u00e3o entre os Juniores, tal como tinha feito ontem, naquele que foi o seu terceiro p\u00f3dio consecutivo no campeonato.<\/p>\n<p>Classifica\u00e7\u00e3o EnduroGP 1\u00ba Steve Holcombe com 43m58.12s; 2\u00ba Eero Remes \u2013 TM a 6.51s; 3\u00ba Nathan Watson \u2013 KTM a 15.17s; 4\u00ba Taylor Robert \u2013 KTM a 25.17s; 5\u00ba Matthew Phillips \u2013 Sherco a 33.44s<\/p>\n","protected":false},"excerpt":{"rendered":"<p>Aos comandos da sua Beta Steve Holcombe foi hoje o \u00fanico l\u00edder no segundo e derradeiro dia do GP de Portugal de Enduro realizado em Gouveia. Fruto do esfor\u00e7o feito pela organiza\u00e7\u00e3o entre o final do dia de ontem e o arranque desta segunda jornada, os pilotos encontraram novamente um&hellip; <\/p>\n","protected":false},"author":2,"featured_media":3042,"comment_status":"closed","ping_status":"closed","sticky":false,"template":"","format":"standard","meta":{"footnotes":""},"categories":[8,2],"tags":[],"class_list":["post-2064","post","type-post","status-publish","format-standard","has-post-thumbnail","hentry","category-noticias","category-pt"],"yoast_head":"<!-- This site is optimized with the Yoast SEO plugin v27.5 - https:\/\/yoast.com\/product\/yoast-seo-wordpress\/ -->\n<title>A ESTREIA DE STEVE HOLCOMBE NO ENDUROGP - GP de Portugal<\/title>\n<meta name=\"robots\" content=\"index, follow, max-snippet:-1, max-image-preview:large, max-video-preview:-1\" \/>\n<link rel=\"canonical\" href=\"https:\/\/talentos-objetivos.pt\/wecportugal\/2016\/04\/17\/a-estreia-de-steve-holcombe-no-endurogp\/\" \/>\n<meta property=\"og:locale\" content=\"pt_PT\" \/>\n<meta property=\"og:type\" content=\"article\" \/>\n<meta property=\"og:title\" content=\"A ESTREIA DE STEVE HOLCOMBE NO ENDUROGP - GP de Portugal\" \/>\n<meta property=\"og:description\" content=\"Aos comandos da sua Beta Steve Holcombe foi hoje o \u00fanico l\u00edder no segundo e derradeiro dia do GP de Portugal de Enduro realizado em Gouveia. Fruto do esfor\u00e7o feito pela organiza\u00e7\u00e3o entre o final do dia de ontem e o arranque desta segunda jornada, os pilotos encontraram novamente um&hellip;\" \/>\n<meta property=\"og:url\" content=\"https:\/\/talentos-objetivos.pt\/wecportugal\/2016\/04\/17\/a-estreia-de-steve-holcombe-no-endurogp\/\" \/>\n<meta property=\"og:site_name\" content=\"GP de Portugal\" \/>\n<meta property=\"article:published_time\" content=\"2016-04-17T19:20:45+00:00\" \/>\n<meta property=\"article:modified_time\" content=\"2022-12-13T10:56:27+00:00\" \/>\n<meta property=\"og:image\" content=\"https:\/\/talentos-objetivos.pt\/wecportugal\/wp-content\/uploads\/sites\/6\/2016\/04\/GP_Portugal_Gouveia_2016_Steve_Holcombe-670x300-1.jpg\" \/>\n\t<meta property=\"og:image:width\" content=\"670\" \/>\n\t<meta property=\"og:image:height\" content=\"300\" \/>\n\t<meta property=\"og:image:type\" content=\"image\/jpeg\" \/>\n<meta name=\"author\" content=\"Jorge Sim\u00f5es\" \/>\n<meta name=\"twitter:card\" content=\"summary_large_image\" \/>\n<meta name=\"twitter:label1\" content=\"Escrito por\" \/>\n\t<meta name=\"twitter:data1\" content=\"Jorge Sim\u00f5es\" \/>\n\t<meta name=\"twitter:label2\" content=\"Tempo estimado de leitura\" \/>\n\t<meta name=\"twitter:data2\" content=\"2 minutos\" \/>\n<script type=\"application\/ld+json\" class=\"yoast-schema-graph\">{\"@context\":\"https:\\\/\\\/schema.org\",\"@graph\":[{\"@type\":\"Article\",\"@id\":\"https:\\\/\\\/talentos-objetivos.pt\\\/wecportugal\\\/2016\\\/04\\\/17\\\/a-estreia-de-steve-holcombe-no-endurogp\\\/#article\",\"isPartOf\":{\"@id\":\"https:\\\/\\\/talentos-objetivos.pt\\\/wecportugal\\\/2016\\\/04\\\/17\\\/a-estreia-de-steve-holcombe-no-endurogp\\\/\"},\"author\":{\"name\":\"Jorge Sim\u00f5es\",\"@id\":\"https:\\\/\\\/talentos-objetivos.pt\\\/wecportugal\\\/#\\\/schema\\\/person\\\/063aae70b5a0bc9f670381b600e1a601\"},\"headline\":\"A ESTREIA DE STEVE HOLCOMBE NO ENDUROGP\",\"datePublished\":\"2016-04-17T19:20:45+00:00\",\"dateModified\":\"2022-12-13T10:56:27+00:00\",\"mainEntityOfPage\":{\"@id\":\"https:\\\/\\\/talentos-objetivos.pt\\\/wecportugal\\\/2016\\\/04\\\/17\\\/a-estreia-de-steve-holcombe-no-endurogp\\\/\"},\"wordCount\":464,\"image\":{\"@id\":\"https:\\\/\\\/talentos-objetivos.pt\\\/wecportugal\\\/2016\\\/04\\\/17\\\/a-estreia-de-steve-holcombe-no-endurogp\\\/#primaryimage\"},\"thumbnailUrl\":\"https:\\\/\\\/talentos-objetivos.pt\\\/wecportugal\\\/wp-content\\\/uploads\\\/sites\\\/6\\\/2016\\\/04\\\/GP_Portugal_Gouveia_2016_Steve_Holcombe-670x300-1.jpg\",\"articleSection\":[\"Not\u00edcias\",\"PT\"],\"inLanguage\":\"pt-PT\"},{\"@type\":\"WebPage\",\"@id\":\"https:\\\/\\\/talentos-objetivos.pt\\\/wecportugal\\\/2016\\\/04\\\/17\\\/a-estreia-de-steve-holcombe-no-endurogp\\\/\",\"url\":\"https:\\\/\\\/talentos-objetivos.pt\\\/wecportugal\\\/2016\\\/04\\\/17\\\/a-estreia-de-steve-holcombe-no-endurogp\\\/\",\"name\":\"A ESTREIA DE STEVE HOLCOMBE NO ENDUROGP - GP de Portugal\",\"isPartOf\":{\"@id\":\"https:\\\/\\\/talentos-objetivos.pt\\\/wecportugal\\\/#website\"},\"primaryImageOfPage\":{\"@id\":\"https:\\\/\\\/talentos-objetivos.pt\\\/wecportugal\\\/2016\\\/04\\\/17\\\/a-estreia-de-steve-holcombe-no-endurogp\\\/#primaryimage\"},\"image\":{\"@id\":\"https:\\\/\\\/talentos-objetivos.pt\\\/wecportugal\\\/2016\\\/04\\\/17\\\/a-estreia-de-steve-holcombe-no-endurogp\\\/#primaryimage\"},\"thumbnailUrl\":\"https:\\\/\\\/talentos-objetivos.pt\\\/wecportugal\\\/wp-content\\\/uploads\\\/sites\\\/6\\\/2016\\\/04\\\/GP_Portugal_Gouveia_2016_Steve_Holcombe-670x300-1.jpg\",\"datePublished\":\"2016-04-17T19:20:45+00:00\",\"dateModified\":\"2022-12-13T10:56:27+00:00\",\"author\":{\"@id\":\"https:\\\/\\\/talentos-objetivos.pt\\\/wecportugal\\\/#\\\/schema\\\/person\\\/063aae70b5a0bc9f670381b600e1a601\"},\"breadcrumb\":{\"@id\":\"https:\\\/\\\/talentos-objetivos.pt\\\/wecportugal\\\/2016\\\/04\\\/17\\\/a-estreia-de-steve-holcombe-no-endurogp\\\/#breadcrumb\"},\"inLanguage\":\"pt-PT\",\"potentialAction\":[{\"@type\":\"ReadAction\",\"target\":[\"https:\\\/\\\/talentos-objetivos.pt\\\/wecportugal\\\/2016\\\/04\\\/17\\\/a-estreia-de-steve-holcombe-no-endurogp\\\/\"]}]},{\"@type\":\"ImageObject\",\"inLanguage\":\"pt-PT\",\"@id\":\"https:\\\/\\\/talentos-objetivos.pt\\\/wecportugal\\\/2016\\\/04\\\/17\\\/a-estreia-de-steve-holcombe-no-endurogp\\\/#primaryimage\",\"url\":\"https:\\\/\\\/talentos-objetivos.pt\\\/wecportugal\\\/wp-content\\\/uploads\\\/sites\\\/6\\\/2016\\\/04\\\/GP_Portugal_Gouveia_2016_Steve_Holcombe-670x300-1.jpg\",\"contentUrl\":\"https:\\\/\\\/talentos-objetivos.pt\\\/wecportugal\\\/wp-content\\\/uploads\\\/sites\\\/6\\\/2016\\\/04\\\/GP_Portugal_Gouveia_2016_Steve_Holcombe-670x300-1.jpg\",\"width\":670,\"height\":300},{\"@type\":\"BreadcrumbList\",\"@id\":\"https:\\\/\\\/talentos-objetivos.pt\\\/wecportugal\\\/2016\\\/04\\\/17\\\/a-estreia-de-steve-holcombe-no-endurogp\\\/#breadcrumb\",\"itemListElement\":[{\"@type\":\"ListItem\",\"position\":1,\"name\":\"In\u00edcio\",\"item\":\"https:\\\/\\\/talentos-objetivos.pt\\\/wecportugal\\\/\"},{\"@type\":\"ListItem\",\"position\":2,\"name\":\"A ESTREIA DE STEVE HOLCOMBE NO ENDUROGP\"}]},{\"@type\":\"WebSite\",\"@id\":\"https:\\\/\\\/talentos-objetivos.pt\\\/wecportugal\\\/#website\",\"url\":\"https:\\\/\\\/talentos-objetivos.pt\\\/wecportugal\\\/\",\"name\":\"GP de Portugal\",\"description\":\"European Enduro Championship  - Gouveia\",\"potentialAction\":[{\"@type\":\"SearchAction\",\"target\":{\"@type\":\"EntryPoint\",\"urlTemplate\":\"https:\\\/\\\/talentos-objetivos.pt\\\/wecportugal\\\/?s={search_term_string}\"},\"query-input\":{\"@type\":\"PropertyValueSpecification\",\"valueRequired\":true,\"valueName\":\"search_term_string\"}}],\"inLanguage\":\"pt-PT\"},{\"@type\":\"Person\",\"@id\":\"https:\\\/\\\/talentos-objetivos.pt\\\/wecportugal\\\/#\\\/schema\\\/person\\\/063aae70b5a0bc9f670381b600e1a601\",\"name\":\"Jorge Sim\u00f5es\",\"image\":{\"@type\":\"ImageObject\",\"inLanguage\":\"pt-PT\",\"@id\":\"https:\\\/\\\/secure.gravatar.com\\\/avatar\\\/1b618a4dfef3cb5350c16e6129cedea84a3078e82dd755e8847366ad7960584d?s=96&d=mm&r=g\",\"url\":\"https:\\\/\\\/secure.gravatar.com\\\/avatar\\\/1b618a4dfef3cb5350c16e6129cedea84a3078e82dd755e8847366ad7960584d?s=96&d=mm&r=g\",\"contentUrl\":\"https:\\\/\\\/secure.gravatar.com\\\/avatar\\\/1b618a4dfef3cb5350c16e6129cedea84a3078e82dd755e8847366ad7960584d?s=96&d=mm&r=g\",\"caption\":\"Jorge Sim\u00f5es\"},\"sameAs\":[\"http:\\\/\\\/www.talentos-objetivos.pt\"],\"url\":\"https:\\\/\\\/talentos-objetivos.pt\\\/wecportugal\\\/author\\\/jorge-simoes\\\/\"}]}<\/script>\n<!-- \/ Yoast SEO plugin. -->","yoast_head_json":{"title":"A ESTREIA DE STEVE HOLCOMBE NO ENDUROGP - GP de Portugal","robots":{"index":"index","follow":"follow","max-snippet":"max-snippet:-1","max-image-preview":"max-image-preview:large","max-video-preview":"max-video-preview:-1"},"canonical":"https:\/\/talentos-objetivos.pt\/wecportugal\/2016\/04\/17\/a-estreia-de-steve-holcombe-no-endurogp\/","og_locale":"pt_PT","og_type":"article","og_title":"A ESTREIA DE STEVE HOLCOMBE NO ENDUROGP - GP de Portugal","og_description":"Aos comandos da sua Beta Steve Holcombe foi hoje o \u00fanico l\u00edder no segundo e derradeiro dia do GP de Portugal de Enduro realizado em Gouveia. Fruto do esfor\u00e7o feito pela organiza\u00e7\u00e3o entre o final do dia de ontem e o arranque desta segunda jornada, os pilotos encontraram novamente um&hellip;","og_url":"https:\/\/talentos-objetivos.pt\/wecportugal\/2016\/04\/17\/a-estreia-de-steve-holcombe-no-endurogp\/","og_site_name":"GP de Portugal","article_published_time":"2016-04-17T19:20:45+00:00","article_modified_time":"2022-12-13T10:56:27+00:00","og_image":[{"width":670,"height":300,"url":"https:\/\/talentos-objetivos.pt\/wecportugal\/wp-content\/uploads\/sites\/6\/2016\/04\/GP_Portugal_Gouveia_2016_Steve_Holcombe-670x300-1.jpg","type":"image\/jpeg"}],"author":"Jorge Sim\u00f5es","twitter_card":"summary_large_image","twitter_misc":{"Escrito por":"Jorge Sim\u00f5es","Tempo estimado de leitura":"2 minutos"},"schema":{"@context":"https:\/\/schema.org","@graph":[{"@type":"Article","@id":"https:\/\/talentos-objetivos.pt\/wecportugal\/2016\/04\/17\/a-estreia-de-steve-holcombe-no-endurogp\/#article","isPartOf":{"@id":"https:\/\/talentos-objetivos.pt\/wecportugal\/2016\/04\/17\/a-estreia-de-steve-holcombe-no-endurogp\/"},"author":{"name":"Jorge Sim\u00f5es","@id":"https:\/\/talentos-objetivos.pt\/wecportugal\/#\/schema\/person\/063aae70b5a0bc9f670381b600e1a601"},"headline":"A ESTREIA DE STEVE HOLCOMBE NO ENDUROGP","datePublished":"2016-04-17T19:20:45+00:00","dateModified":"2022-12-13T10:56:27+00:00","mainEntityOfPage":{"@id":"https:\/\/talentos-objetivos.pt\/wecportugal\/2016\/04\/17\/a-estreia-de-steve-holcombe-no-endurogp\/"},"wordCount":464,"image":{"@id":"https:\/\/talentos-objetivos.pt\/wecportugal\/2016\/04\/17\/a-estreia-de-steve-holcombe-no-endurogp\/#primaryimage"},"thumbnailUrl":"https:\/\/talentos-objetivos.pt\/wecportugal\/wp-content\/uploads\/sites\/6\/2016\/04\/GP_Portugal_Gouveia_2016_Steve_Holcombe-670x300-1.jpg","articleSection":["Not\u00edcias","PT"],"inLanguage":"pt-PT"},{"@type":"WebPage","@id":"https:\/\/talentos-objetivos.pt\/wecportugal\/2016\/04\/17\/a-estreia-de-steve-holcombe-no-endurogp\/","url":"https:\/\/talentos-objetivos.pt\/wecportugal\/2016\/04\/17\/a-estreia-de-steve-holcombe-no-endurogp\/","name":"A ESTREIA DE STEVE HOLCOMBE NO ENDUROGP - GP de Portugal","isPartOf":{"@id":"https:\/\/talentos-objetivos.pt\/wecportugal\/#website"},"primaryImageOfPage":{"@id":"https:\/\/talentos-objetivos.pt\/wecportugal\/2016\/04\/17\/a-estreia-de-steve-holcombe-no-endurogp\/#primaryimage"},"image":{"@id":"https:\/\/talentos-objetivos.pt\/wecportugal\/2016\/04\/17\/a-estreia-de-steve-holcombe-no-endurogp\/#primaryimage"},"thumbnailUrl":"https:\/\/talentos-objetivos.pt\/wecportugal\/wp-content\/uploads\/sites\/6\/2016\/04\/GP_Portugal_Gouveia_2016_Steve_Holcombe-670x300-1.jpg","datePublished":"2016-04-17T19:20:45+00:00","dateModified":"2022-12-13T10:56:27+00:00","author":{"@id":"https:\/\/talentos-objetivos.pt\/wecportugal\/#\/schema\/person\/063aae70b5a0bc9f670381b600e1a601"},"breadcrumb":{"@id":"https:\/\/talentos-objetivos.pt\/wecportugal\/2016\/04\/17\/a-estreia-de-steve-holcombe-no-endurogp\/#breadcrumb"},"inLanguage":"pt-PT","potentialAction":[{"@type":"ReadAction","target":["https:\/\/talentos-objetivos.pt\/wecportugal\/2016\/04\/17\/a-estreia-de-steve-holcombe-no-endurogp\/"]}]},{"@type":"ImageObject","inLanguage":"pt-PT","@id":"https:\/\/talentos-objetivos.pt\/wecportugal\/2016\/04\/17\/a-estreia-de-steve-holcombe-no-endurogp\/#primaryimage","url":"https:\/\/talentos-objetivos.pt\/wecportugal\/wp-content\/uploads\/sites\/6\/2016\/04\/GP_Portugal_Gouveia_2016_Steve_Holcombe-670x300-1.jpg","contentUrl":"https:\/\/talentos-objetivos.pt\/wecportugal\/wp-content\/uploads\/sites\/6\/2016\/04\/GP_Portugal_Gouveia_2016_Steve_Holcombe-670x300-1.jpg","width":670,"height":300},{"@type":"BreadcrumbList","@id":"https:\/\/talentos-objetivos.pt\/wecportugal\/2016\/04\/17\/a-estreia-de-steve-holcombe-no-endurogp\/#breadcrumb","itemListElement":[{"@type":"ListItem","position":1,"name":"In\u00edcio","item":"https:\/\/talentos-objetivos.pt\/wecportugal\/"},{"@type":"ListItem","position":2,"name":"A ESTREIA DE STEVE HOLCOMBE NO ENDUROGP"}]},{"@type":"WebSite","@id":"https:\/\/talentos-objetivos.pt\/wecportugal\/#website","url":"https:\/\/talentos-objetivos.pt\/wecportugal\/","name":"GP de Portugal","description":"European Enduro Championship  - Gouveia","potentialAction":[{"@type":"SearchAction","target":{"@type":"EntryPoint","urlTemplate":"https:\/\/talentos-objetivos.pt\/wecportugal\/?s={search_term_string}"},"query-input":{"@type":"PropertyValueSpecification","valueRequired":true,"valueName":"search_term_string"}}],"inLanguage":"pt-PT"},{"@type":"Person","@id":"https:\/\/talentos-objetivos.pt\/wecportugal\/#\/schema\/person\/063aae70b5a0bc9f670381b600e1a601","name":"Jorge Sim\u00f5es","image":{"@type":"ImageObject","inLanguage":"pt-PT","@id":"https:\/\/secure.gravatar.com\/avatar\/1b618a4dfef3cb5350c16e6129cedea84a3078e82dd755e8847366ad7960584d?s=96&d=mm&r=g","url":"https:\/\/secure.gravatar.com\/avatar\/1b618a4dfef3cb5350c16e6129cedea84a3078e82dd755e8847366ad7960584d?s=96&d=mm&r=g","contentUrl":"https:\/\/secure.gravatar.com\/avatar\/1b618a4dfef3cb5350c16e6129cedea84a3078e82dd755e8847366ad7960584d?s=96&d=mm&r=g","caption":"Jorge Sim\u00f5es"},"sameAs":["http:\/\/www.talentos-objetivos.pt"],"url":"https:\/\/talentos-objetivos.pt\/wecportugal\/author\/jorge-simoes\/"}]}},"_links":{"self":[{"href":"https:\/\/talentos-objetivos.pt\/wecportugal\/wp-json\/wp\/v2\/posts\/2064","targetHints":{"allow":["GET"]}}],"collection":[{"href":"https:\/\/talentos-objetivos.pt\/wecportugal\/wp-json\/wp\/v2\/posts"}],"about":[{"href":"https:\/\/talentos-objetivos.pt\/wecportugal\/wp-json\/wp\/v2\/types\/post"}],"author":[{"embeddable":true,"href":"https:\/\/talentos-objetivos.pt\/wecportugal\/wp-json\/wp\/v2\/users\/2"}],"replies":[{"embeddable":true,"href":"https:\/\/talentos-objetivos.pt\/wecportugal\/wp-json\/wp\/v2\/comments?post=2064"}],"version-history":[{"count":0,"href":"https:\/\/talentos-objetivos.pt\/wecportugal\/wp-json\/wp\/v2\/posts\/2064\/revisions"}],"wp:featuredmedia":[{"embeddable":true,"href":"https:\/\/talentos-objetivos.pt\/wecportugal\/wp-json\/wp\/v2\/media\/3042"}],"wp:attachment":[{"href":"https:\/\/talentos-objetivos.pt\/wecportugal\/wp-json\/wp\/v2\/media?parent=2064"}],"wp:term":[{"taxonomy":"category","embeddable":true,"href":"https:\/\/talentos-objetivos.pt\/wecportugal\/wp-json\/wp\/v2\/categories?post=2064"},{"taxonomy":"post_tag","embeddable":true,"href":"https:\/\/talentos-objetivos.pt\/wecportugal\/wp-json\/wp\/v2\/tags?post=2064"}],"curies":[{"name":"wp","href":"https:\/\/api.w.org\/{rel}","templated":true}]}}