{"id":2067,"date":"2016-04-16T19:26:53","date_gmt":"2016-04-16T19:26:53","guid":{"rendered":"http:\/\/wecportugal.talentos-objetivos.pt\/?p=2067"},"modified":"2022-12-13T10:55:58","modified_gmt":"2022-12-13T10:55:58","slug":"mathew-phillips-vence-primeiro-dia-em-gouveia","status":"publish","type":"post","link":"https:\/\/talentos-objetivos.pt\/wecportugal\/2016\/04\/16\/mathew-phillips-vence-primeiro-dia-em-gouveia\/","title":{"rendered":"MATHEW PHILLIPS VENCE PRIMEIRO DIA EM GOUVEIA"},"content":{"rendered":"<p>Foi debaixo de condi\u00e7\u00f5es muito exigentes que se realizou hoje o primeiro dia do GP de Portugal v\u00e1lido para o campeonato do mundo de enduro. A muita chuva que continuou a cair ao longo de toda a manh\u00e3 e inicio da tarde tornou quase impratic\u00e1vel o percurso marcado para receber a caravana do campeonato do mundo e tamb\u00e9m do nacional da especialidade.<br \/>\nPerante as adversidades a organiza\u00e7\u00e3o decidiu ainda no decorrer da volta de abertura anular a terceira e \u00faltima volta do dia ao mesmo tempo que a todo o custo tentava manter o percurso e as especiais em condi\u00e7\u00f5es que permitissem a continuidade da prova, o que foi conseguido depois de muitas altera\u00e7\u00f5es e alternativas encontradas em quase todos quil\u00f3metros de prova.<br \/>\nAs condi\u00e7\u00f5es eram em alguns locais quase que dantescas mas a t\u00e9cnica e for\u00e7a de vontade permitia aos pilotos ultrapassarem as dificuldades e no final os sete primeiros mostraram o n\u00edvel competitivo do campeonato ao ficarem separados por menos de 47 segundos ap\u00f3s seis especiais realizadas e mais de meia hora em luta directa contra o cron\u00f3metro. O primeiro l\u00edder da corrida foi Alex Salvini, com o italiano a segurar a posi\u00e7\u00e3o nas duas primeiras especiais. Mas nas duas seguintes foi Mathias Bellino quem ascendeu ao comando do pelot\u00e3o, posi\u00e7\u00e3o que perdeu na quinta especial para Seteve Holcombe. O brit\u00e2nico parecia estar em posi\u00e7\u00e3o de conseguir a sua primeira vit\u00f3ria no campeonato do mundo, mas na derradeira passagem pela especial Extreme foi mesmo Matthew Phillips quem venceu para garantir a primeira posi\u00e7\u00e3o final com reduzida margem face a Mathias Bellino e Holcombe, o terceiro no regresso ao parque-fechado no Parque da Senhora dos Verdes. Eero Remes foi o vencedor na Enduro1, Holcombe o melhor em Enduro3 e Phillips o vencedor na Enduro2.<br \/>\nDestaque ainda neste primeiro dia para a segunda posi\u00e7\u00e3o obtida entre os Juniores para Diogo Ventura, que ganhou assim uma posi\u00e7\u00e3o no campeonato, com Lu\u00eds Correia a ser o 21\u00ba na EnduroGP e s\u00e9timo na E3, sendo Lu\u00eds Oliveira o 34\u00ba na EnduroGP e 15\u00ba na Enduro1.<br \/>\nOs pilotos enfrentam amanh\u00e3 o segundo dia de prova, com hora de arranque agendada para as 10 da manh\u00e3, estando ainda por decidir se realizam duas ou tr\u00eas voltas ao percurso.<\/p>\n<p>Classifica\u00e7\u00e3o EnduroGP 1\u00ba Matthew Phillips \u2013 Sherco com 33m17.37s; 2\u00ba Mathias Bellino \u2013 Husqvarna a 3.25s; 3\u00ba Steve Holcombe \u2013 Beta a 17.08s; 4\u00ba Taylor Robert \u2013 KTM a 24.42s; 5\u00ba Antoine Basset \u2013 KTM a 26.00s<\/p>\n","protected":false},"excerpt":{"rendered":"<p>Foi debaixo de condi\u00e7\u00f5es muito exigentes que se realizou hoje o primeiro dia do GP de Portugal v\u00e1lido para o campeonato do mundo de enduro. A muita chuva que continuou a cair ao longo de toda a manh\u00e3 e inicio da tarde tornou quase impratic\u00e1vel o percurso marcado para receber&hellip; <\/p>\n","protected":false},"author":2,"featured_media":3041,"comment_status":"closed","ping_status":"closed","sticky":false,"template":"","format":"standard","meta":{"footnotes":""},"categories":[8,2],"tags":[],"class_list":["post-2067","post","type-post","status-publish","format-standard","has-post-thumbnail","hentry","category-noticias","category-pt"],"yoast_head":"<!-- This site is optimized with the Yoast SEO plugin v27.5 - https:\/\/yoast.com\/product\/yoast-seo-wordpress\/ -->\n<title>MATHEW PHILLIPS VENCE PRIMEIRO DIA EM GOUVEIA - GP de Portugal<\/title>\n<meta name=\"robots\" content=\"index, follow, max-snippet:-1, max-image-preview:large, max-video-preview:-1\" \/>\n<link rel=\"canonical\" href=\"https:\/\/talentos-objetivos.pt\/wecportugal\/2016\/04\/16\/mathew-phillips-vence-primeiro-dia-em-gouveia\/\" \/>\n<meta property=\"og:locale\" content=\"pt_PT\" \/>\n<meta property=\"og:type\" content=\"article\" \/>\n<meta property=\"og:title\" content=\"MATHEW PHILLIPS VENCE PRIMEIRO DIA EM GOUVEIA - GP de Portugal\" \/>\n<meta property=\"og:description\" content=\"Foi debaixo de condi\u00e7\u00f5es muito exigentes que se realizou hoje o primeiro dia do GP de Portugal v\u00e1lido para o campeonato do mundo de enduro. A muita chuva que continuou a cair ao longo de toda a manh\u00e3 e inicio da tarde tornou quase impratic\u00e1vel o percurso marcado para receber&hellip;\" \/>\n<meta property=\"og:url\" content=\"https:\/\/talentos-objetivos.pt\/wecportugal\/2016\/04\/16\/mathew-phillips-vence-primeiro-dia-em-gouveia\/\" \/>\n<meta property=\"og:site_name\" content=\"GP de Portugal\" \/>\n<meta property=\"article:published_time\" content=\"2016-04-16T19:26:53+00:00\" \/>\n<meta property=\"article:modified_time\" content=\"2022-12-13T10:55:58+00:00\" \/>\n<meta property=\"og:image\" content=\"https:\/\/talentos-objetivos.pt\/wecportugal\/wp-content\/uploads\/sites\/6\/2016\/04\/GP_Portugal_Gouveia_2016_1_Mathew_Phillips-670x300-1.jpg\" \/>\n\t<meta property=\"og:image:width\" content=\"670\" \/>\n\t<meta property=\"og:image:height\" content=\"300\" \/>\n\t<meta property=\"og:image:type\" content=\"image\/jpeg\" \/>\n<meta name=\"author\" content=\"Jorge Sim\u00f5es\" \/>\n<meta name=\"twitter:card\" content=\"summary_large_image\" \/>\n<meta name=\"twitter:label1\" content=\"Escrito por\" \/>\n\t<meta name=\"twitter:data1\" content=\"Jorge Sim\u00f5es\" \/>\n\t<meta name=\"twitter:label2\" content=\"Tempo estimado de leitura\" \/>\n\t<meta name=\"twitter:data2\" content=\"2 minutos\" \/>\n<script type=\"application\/ld+json\" class=\"yoast-schema-graph\">{\"@context\":\"https:\\\/\\\/schema.org\",\"@graph\":[{\"@type\":\"Article\",\"@id\":\"https:\\\/\\\/talentos-objetivos.pt\\\/wecportugal\\\/2016\\\/04\\\/16\\\/mathew-phillips-vence-primeiro-dia-em-gouveia\\\/#article\",\"isPartOf\":{\"@id\":\"https:\\\/\\\/talentos-objetivos.pt\\\/wecportugal\\\/2016\\\/04\\\/16\\\/mathew-phillips-vence-primeiro-dia-em-gouveia\\\/\"},\"author\":{\"name\":\"Jorge Sim\u00f5es\",\"@id\":\"https:\\\/\\\/talentos-objetivos.pt\\\/wecportugal\\\/#\\\/schema\\\/person\\\/063aae70b5a0bc9f670381b600e1a601\"},\"headline\":\"MATHEW PHILLIPS VENCE PRIMEIRO DIA EM GOUVEIA\",\"datePublished\":\"2016-04-16T19:26:53+00:00\",\"dateModified\":\"2022-12-13T10:55:58+00:00\",\"mainEntityOfPage\":{\"@id\":\"https:\\\/\\\/talentos-objetivos.pt\\\/wecportugal\\\/2016\\\/04\\\/16\\\/mathew-phillips-vence-primeiro-dia-em-gouveia\\\/\"},\"wordCount\":432,\"image\":{\"@id\":\"https:\\\/\\\/talentos-objetivos.pt\\\/wecportugal\\\/2016\\\/04\\\/16\\\/mathew-phillips-vence-primeiro-dia-em-gouveia\\\/#primaryimage\"},\"thumbnailUrl\":\"https:\\\/\\\/talentos-objetivos.pt\\\/wecportugal\\\/wp-content\\\/uploads\\\/sites\\\/6\\\/2016\\\/04\\\/GP_Portugal_Gouveia_2016_1_Mathew_Phillips-670x300-1.jpg\",\"articleSection\":[\"Not\u00edcias\",\"PT\"],\"inLanguage\":\"pt-PT\"},{\"@type\":\"WebPage\",\"@id\":\"https:\\\/\\\/talentos-objetivos.pt\\\/wecportugal\\\/2016\\\/04\\\/16\\\/mathew-phillips-vence-primeiro-dia-em-gouveia\\\/\",\"url\":\"https:\\\/\\\/talentos-objetivos.pt\\\/wecportugal\\\/2016\\\/04\\\/16\\\/mathew-phillips-vence-primeiro-dia-em-gouveia\\\/\",\"name\":\"MATHEW PHILLIPS VENCE PRIMEIRO DIA EM GOUVEIA - GP de Portugal\",\"isPartOf\":{\"@id\":\"https:\\\/\\\/talentos-objetivos.pt\\\/wecportugal\\\/#website\"},\"primaryImageOfPage\":{\"@id\":\"https:\\\/\\\/talentos-objetivos.pt\\\/wecportugal\\\/2016\\\/04\\\/16\\\/mathew-phillips-vence-primeiro-dia-em-gouveia\\\/#primaryimage\"},\"image\":{\"@id\":\"https:\\\/\\\/talentos-objetivos.pt\\\/wecportugal\\\/2016\\\/04\\\/16\\\/mathew-phillips-vence-primeiro-dia-em-gouveia\\\/#primaryimage\"},\"thumbnailUrl\":\"https:\\\/\\\/talentos-objetivos.pt\\\/wecportugal\\\/wp-content\\\/uploads\\\/sites\\\/6\\\/2016\\\/04\\\/GP_Portugal_Gouveia_2016_1_Mathew_Phillips-670x300-1.jpg\",\"datePublished\":\"2016-04-16T19:26:53+00:00\",\"dateModified\":\"2022-12-13T10:55:58+00:00\",\"author\":{\"@id\":\"https:\\\/\\\/talentos-objetivos.pt\\\/wecportugal\\\/#\\\/schema\\\/person\\\/063aae70b5a0bc9f670381b600e1a601\"},\"breadcrumb\":{\"@id\":\"https:\\\/\\\/talentos-objetivos.pt\\\/wecportugal\\\/2016\\\/04\\\/16\\\/mathew-phillips-vence-primeiro-dia-em-gouveia\\\/#breadcrumb\"},\"inLanguage\":\"pt-PT\",\"potentialAction\":[{\"@type\":\"ReadAction\",\"target\":[\"https:\\\/\\\/talentos-objetivos.pt\\\/wecportugal\\\/2016\\\/04\\\/16\\\/mathew-phillips-vence-primeiro-dia-em-gouveia\\\/\"]}]},{\"@type\":\"ImageObject\",\"inLanguage\":\"pt-PT\",\"@id\":\"https:\\\/\\\/talentos-objetivos.pt\\\/wecportugal\\\/2016\\\/04\\\/16\\\/mathew-phillips-vence-primeiro-dia-em-gouveia\\\/#primaryimage\",\"url\":\"https:\\\/\\\/talentos-objetivos.pt\\\/wecportugal\\\/wp-content\\\/uploads\\\/sites\\\/6\\\/2016\\\/04\\\/GP_Portugal_Gouveia_2016_1_Mathew_Phillips-670x300-1.jpg\",\"contentUrl\":\"https:\\\/\\\/talentos-objetivos.pt\\\/wecportugal\\\/wp-content\\\/uploads\\\/sites\\\/6\\\/2016\\\/04\\\/GP_Portugal_Gouveia_2016_1_Mathew_Phillips-670x300-1.jpg\",\"width\":670,\"height\":300},{\"@type\":\"BreadcrumbList\",\"@id\":\"https:\\\/\\\/talentos-objetivos.pt\\\/wecportugal\\\/2016\\\/04\\\/16\\\/mathew-phillips-vence-primeiro-dia-em-gouveia\\\/#breadcrumb\",\"itemListElement\":[{\"@type\":\"ListItem\",\"position\":1,\"name\":\"In\u00edcio\",\"item\":\"https:\\\/\\\/talentos-objetivos.pt\\\/wecportugal\\\/\"},{\"@type\":\"ListItem\",\"position\":2,\"name\":\"MATHEW PHILLIPS VENCE PRIMEIRO DIA EM GOUVEIA\"}]},{\"@type\":\"WebSite\",\"@id\":\"https:\\\/\\\/talentos-objetivos.pt\\\/wecportugal\\\/#website\",\"url\":\"https:\\\/\\\/talentos-objetivos.pt\\\/wecportugal\\\/\",\"name\":\"GP de Portugal\",\"description\":\"European Enduro Championship  - Gouveia\",\"potentialAction\":[{\"@type\":\"SearchAction\",\"target\":{\"@type\":\"EntryPoint\",\"urlTemplate\":\"https:\\\/\\\/talentos-objetivos.pt\\\/wecportugal\\\/?s={search_term_string}\"},\"query-input\":{\"@type\":\"PropertyValueSpecification\",\"valueRequired\":true,\"valueName\":\"search_term_string\"}}],\"inLanguage\":\"pt-PT\"},{\"@type\":\"Person\",\"@id\":\"https:\\\/\\\/talentos-objetivos.pt\\\/wecportugal\\\/#\\\/schema\\\/person\\\/063aae70b5a0bc9f670381b600e1a601\",\"name\":\"Jorge Sim\u00f5es\",\"image\":{\"@type\":\"ImageObject\",\"inLanguage\":\"pt-PT\",\"@id\":\"https:\\\/\\\/secure.gravatar.com\\\/avatar\\\/1b618a4dfef3cb5350c16e6129cedea84a3078e82dd755e8847366ad7960584d?s=96&d=mm&r=g\",\"url\":\"https:\\\/\\\/secure.gravatar.com\\\/avatar\\\/1b618a4dfef3cb5350c16e6129cedea84a3078e82dd755e8847366ad7960584d?s=96&d=mm&r=g\",\"contentUrl\":\"https:\\\/\\\/secure.gravatar.com\\\/avatar\\\/1b618a4dfef3cb5350c16e6129cedea84a3078e82dd755e8847366ad7960584d?s=96&d=mm&r=g\",\"caption\":\"Jorge Sim\u00f5es\"},\"sameAs\":[\"http:\\\/\\\/www.talentos-objetivos.pt\"],\"url\":\"https:\\\/\\\/talentos-objetivos.pt\\\/wecportugal\\\/author\\\/jorge-simoes\\\/\"}]}<\/script>\n<!-- \/ Yoast SEO plugin. -->","yoast_head_json":{"title":"MATHEW PHILLIPS VENCE PRIMEIRO DIA EM GOUVEIA - GP de Portugal","robots":{"index":"index","follow":"follow","max-snippet":"max-snippet:-1","max-image-preview":"max-image-preview:large","max-video-preview":"max-video-preview:-1"},"canonical":"https:\/\/talentos-objetivos.pt\/wecportugal\/2016\/04\/16\/mathew-phillips-vence-primeiro-dia-em-gouveia\/","og_locale":"pt_PT","og_type":"article","og_title":"MATHEW PHILLIPS VENCE PRIMEIRO DIA EM GOUVEIA - GP de Portugal","og_description":"Foi debaixo de condi\u00e7\u00f5es muito exigentes que se realizou hoje o primeiro dia do GP de Portugal v\u00e1lido para o campeonato do mundo de enduro. A muita chuva que continuou a cair ao longo de toda a manh\u00e3 e inicio da tarde tornou quase impratic\u00e1vel o percurso marcado para receber&hellip;","og_url":"https:\/\/talentos-objetivos.pt\/wecportugal\/2016\/04\/16\/mathew-phillips-vence-primeiro-dia-em-gouveia\/","og_site_name":"GP de Portugal","article_published_time":"2016-04-16T19:26:53+00:00","article_modified_time":"2022-12-13T10:55:58+00:00","og_image":[{"width":670,"height":300,"url":"https:\/\/talentos-objetivos.pt\/wecportugal\/wp-content\/uploads\/sites\/6\/2016\/04\/GP_Portugal_Gouveia_2016_1_Mathew_Phillips-670x300-1.jpg","type":"image\/jpeg"}],"author":"Jorge Sim\u00f5es","twitter_card":"summary_large_image","twitter_misc":{"Escrito por":"Jorge Sim\u00f5es","Tempo estimado de leitura":"2 minutos"},"schema":{"@context":"https:\/\/schema.org","@graph":[{"@type":"Article","@id":"https:\/\/talentos-objetivos.pt\/wecportugal\/2016\/04\/16\/mathew-phillips-vence-primeiro-dia-em-gouveia\/#article","isPartOf":{"@id":"https:\/\/talentos-objetivos.pt\/wecportugal\/2016\/04\/16\/mathew-phillips-vence-primeiro-dia-em-gouveia\/"},"author":{"name":"Jorge Sim\u00f5es","@id":"https:\/\/talentos-objetivos.pt\/wecportugal\/#\/schema\/person\/063aae70b5a0bc9f670381b600e1a601"},"headline":"MATHEW PHILLIPS VENCE PRIMEIRO DIA EM GOUVEIA","datePublished":"2016-04-16T19:26:53+00:00","dateModified":"2022-12-13T10:55:58+00:00","mainEntityOfPage":{"@id":"https:\/\/talentos-objetivos.pt\/wecportugal\/2016\/04\/16\/mathew-phillips-vence-primeiro-dia-em-gouveia\/"},"wordCount":432,"image":{"@id":"https:\/\/talentos-objetivos.pt\/wecportugal\/2016\/04\/16\/mathew-phillips-vence-primeiro-dia-em-gouveia\/#primaryimage"},"thumbnailUrl":"https:\/\/talentos-objetivos.pt\/wecportugal\/wp-content\/uploads\/sites\/6\/2016\/04\/GP_Portugal_Gouveia_2016_1_Mathew_Phillips-670x300-1.jpg","articleSection":["Not\u00edcias","PT"],"inLanguage":"pt-PT"},{"@type":"WebPage","@id":"https:\/\/talentos-objetivos.pt\/wecportugal\/2016\/04\/16\/mathew-phillips-vence-primeiro-dia-em-gouveia\/","url":"https:\/\/talentos-objetivos.pt\/wecportugal\/2016\/04\/16\/mathew-phillips-vence-primeiro-dia-em-gouveia\/","name":"MATHEW PHILLIPS VENCE PRIMEIRO DIA EM GOUVEIA - GP de Portugal","isPartOf":{"@id":"https:\/\/talentos-objetivos.pt\/wecportugal\/#website"},"primaryImageOfPage":{"@id":"https:\/\/talentos-objetivos.pt\/wecportugal\/2016\/04\/16\/mathew-phillips-vence-primeiro-dia-em-gouveia\/#primaryimage"},"image":{"@id":"https:\/\/talentos-objetivos.pt\/wecportugal\/2016\/04\/16\/mathew-phillips-vence-primeiro-dia-em-gouveia\/#primaryimage"},"thumbnailUrl":"https:\/\/talentos-objetivos.pt\/wecportugal\/wp-content\/uploads\/sites\/6\/2016\/04\/GP_Portugal_Gouveia_2016_1_Mathew_Phillips-670x300-1.jpg","datePublished":"2016-04-16T19:26:53+00:00","dateModified":"2022-12-13T10:55:58+00:00","author":{"@id":"https:\/\/talentos-objetivos.pt\/wecportugal\/#\/schema\/person\/063aae70b5a0bc9f670381b600e1a601"},"breadcrumb":{"@id":"https:\/\/talentos-objetivos.pt\/wecportugal\/2016\/04\/16\/mathew-phillips-vence-primeiro-dia-em-gouveia\/#breadcrumb"},"inLanguage":"pt-PT","potentialAction":[{"@type":"ReadAction","target":["https:\/\/talentos-objetivos.pt\/wecportugal\/2016\/04\/16\/mathew-phillips-vence-primeiro-dia-em-gouveia\/"]}]},{"@type":"ImageObject","inLanguage":"pt-PT","@id":"https:\/\/talentos-objetivos.pt\/wecportugal\/2016\/04\/16\/mathew-phillips-vence-primeiro-dia-em-gouveia\/#primaryimage","url":"https:\/\/talentos-objetivos.pt\/wecportugal\/wp-content\/uploads\/sites\/6\/2016\/04\/GP_Portugal_Gouveia_2016_1_Mathew_Phillips-670x300-1.jpg","contentUrl":"https:\/\/talentos-objetivos.pt\/wecportugal\/wp-content\/uploads\/sites\/6\/2016\/04\/GP_Portugal_Gouveia_2016_1_Mathew_Phillips-670x300-1.jpg","width":670,"height":300},{"@type":"BreadcrumbList","@id":"https:\/\/talentos-objetivos.pt\/wecportugal\/2016\/04\/16\/mathew-phillips-vence-primeiro-dia-em-gouveia\/#breadcrumb","itemListElement":[{"@type":"ListItem","position":1,"name":"In\u00edcio","item":"https:\/\/talentos-objetivos.pt\/wecportugal\/"},{"@type":"ListItem","position":2,"name":"MATHEW PHILLIPS VENCE PRIMEIRO DIA EM GOUVEIA"}]},{"@type":"WebSite","@id":"https:\/\/talentos-objetivos.pt\/wecportugal\/#website","url":"https:\/\/talentos-objetivos.pt\/wecportugal\/","name":"GP de Portugal","description":"European Enduro Championship  - Gouveia","potentialAction":[{"@type":"SearchAction","target":{"@type":"EntryPoint","urlTemplate":"https:\/\/talentos-objetivos.pt\/wecportugal\/?s={search_term_string}"},"query-input":{"@type":"PropertyValueSpecification","valueRequired":true,"valueName":"search_term_string"}}],"inLanguage":"pt-PT"},{"@type":"Person","@id":"https:\/\/talentos-objetivos.pt\/wecportugal\/#\/schema\/person\/063aae70b5a0bc9f670381b600e1a601","name":"Jorge Sim\u00f5es","image":{"@type":"ImageObject","inLanguage":"pt-PT","@id":"https:\/\/secure.gravatar.com\/avatar\/1b618a4dfef3cb5350c16e6129cedea84a3078e82dd755e8847366ad7960584d?s=96&d=mm&r=g","url":"https:\/\/secure.gravatar.com\/avatar\/1b618a4dfef3cb5350c16e6129cedea84a3078e82dd755e8847366ad7960584d?s=96&d=mm&r=g","contentUrl":"https:\/\/secure.gravatar.com\/avatar\/1b618a4dfef3cb5350c16e6129cedea84a3078e82dd755e8847366ad7960584d?s=96&d=mm&r=g","caption":"Jorge Sim\u00f5es"},"sameAs":["http:\/\/www.talentos-objetivos.pt"],"url":"https:\/\/talentos-objetivos.pt\/wecportugal\/author\/jorge-simoes\/"}]}},"_links":{"self":[{"href":"https:\/\/talentos-objetivos.pt\/wecportugal\/wp-json\/wp\/v2\/posts\/2067","targetHints":{"allow":["GET"]}}],"collection":[{"href":"https:\/\/talentos-objetivos.pt\/wecportugal\/wp-json\/wp\/v2\/posts"}],"about":[{"href":"https:\/\/talentos-objetivos.pt\/wecportugal\/wp-json\/wp\/v2\/types\/post"}],"author":[{"embeddable":true,"href":"https:\/\/talentos-objetivos.pt\/wecportugal\/wp-json\/wp\/v2\/users\/2"}],"replies":[{"embeddable":true,"href":"https:\/\/talentos-objetivos.pt\/wecportugal\/wp-json\/wp\/v2\/comments?post=2067"}],"version-history":[{"count":0,"href":"https:\/\/talentos-objetivos.pt\/wecportugal\/wp-json\/wp\/v2\/posts\/2067\/revisions"}],"wp:featuredmedia":[{"embeddable":true,"href":"https:\/\/talentos-objetivos.pt\/wecportugal\/wp-json\/wp\/v2\/media\/3041"}],"wp:attachment":[{"href":"https:\/\/talentos-objetivos.pt\/wecportugal\/wp-json\/wp\/v2\/media?parent=2067"}],"wp:term":[{"taxonomy":"category","embeddable":true,"href":"https:\/\/talentos-objetivos.pt\/wecportugal\/wp-json\/wp\/v2\/categories?post=2067"},{"taxonomy":"post_tag","embeddable":true,"href":"https:\/\/talentos-objetivos.pt\/wecportugal\/wp-json\/wp\/v2\/tags?post=2067"}],"curies":[{"name":"wp","href":"https:\/\/api.w.org\/{rel}","templated":true}]}}