{"id":2537,"date":"2017-03-02T18:51:48","date_gmt":"2017-03-02T18:51:48","guid":{"rendered":"http:\/\/wecportugal.talentos-objetivos.pt\/?p=2537"},"modified":"2022-12-13T11:00:10","modified_gmt":"2022-12-13T11:00:10","slug":"gouveia-abre-campeonato-europeu-de-enduro","status":"publish","type":"post","link":"https:\/\/talentos-objetivos.pt\/wecportugal\/2017\/03\/02\/gouveia-abre-campeonato-europeu-de-enduro\/","title":{"rendered":"Gouveia abre campeonato Europeu de Enduro"},"content":{"rendered":"<p>Ap\u00f3s dois anos de acolhimento ao campeonato do mundo de Enduro a cidade de Gouveia recebe nos pr\u00f3ximos dias 29 e 30 de Abril aquela que ser\u00e1 a primeira prova do campeonato europeu de enduro em 2017.<\/p>\n<p>Com um esquema de prova semelhante ao que foi utilizado em 2015 e 2016 com o campeonato do mundo, esta estreia do campeonato europeu junto \u00e0 Serra da Estrela ter\u00e1 no entanto algumas diferen\u00e7as pois n\u00e3o se realizar\u00e1 a Super-Especial de arranque da prova nem a especial Xtreme. O restante figurino ser\u00e1 muito semelhante, com&nbsp;o centro nevr\u00e1lgico da prova a ser novamente o Parque Senhora dos Verdes, junto \u00e0 cidade anfitri\u00e3, onde estar\u00e1 n\u00e3o apenas o paddock e o Parque-Fechado da prova mas igualmente as duas especiais que os pilotos ter\u00e3o que percorrer em cada uma das tr\u00eas voltas ao percurso com 55 quil\u00f3metros.<\/p>\n<p>Em prova esperam-se pilotos oriundos de cerca de duas dezenas de pa\u00edses, aos quais se juntaram igualmente os pilotos lusos, n\u00e3o apenas os interessados em participar no campeonato continental mas igualmente os que participam no campeonato nacional da especialidade que ter\u00e3o na classe Open a oportunidade de comparar o seu n\u00edvel com os advers\u00e1rios de outros pa\u00edses.<\/p>\n<p><a href=\"https:\/\/talentos-objetivos.pt\/wecportugal\/wp-content\/uploads\/sites\/6\/2022\/12\/UEM_cartaz_ver1_inter.jpg\" target=\"_blank\" rel=\"noopener\">Poster Prova<\/a><\/p>\n","protected":false},"excerpt":{"rendered":"<p>Ap\u00f3s dois anos de acolhimento ao campeonato do mundo de Enduro a cidade de Gouveia recebe nos pr\u00f3ximos dias 29 e 30 de Abril aquela que ser\u00e1 a primeira prova do campeonato europeu de enduro em 2017. Com um esquema de prova semelhante ao que foi utilizado em 2015 e&hellip; <\/p>\n","protected":false},"author":2,"featured_media":3045,"comment_status":"closed","ping_status":"closed","sticky":false,"template":"","format":"standard","meta":{"footnotes":""},"categories":[8,2],"tags":[17],"class_list":["post-2537","post","type-post","status-publish","format-standard","has-post-thumbnail","hentry","category-noticias","category-pt","tag-uem"],"yoast_head":"<!-- This site is optimized with the Yoast SEO plugin v27.5 - https:\/\/yoast.com\/product\/yoast-seo-wordpress\/ -->\n<title>Gouveia abre campeonato Europeu de Enduro - GP de Portugal<\/title>\n<meta name=\"robots\" content=\"index, follow, max-snippet:-1, max-image-preview:large, max-video-preview:-1\" \/>\n<link rel=\"canonical\" href=\"https:\/\/talentos-objetivos.pt\/wecportugal\/2017\/03\/02\/gouveia-abre-campeonato-europeu-de-enduro\/\" \/>\n<meta property=\"og:locale\" content=\"pt_PT\" \/>\n<meta property=\"og:type\" content=\"article\" \/>\n<meta property=\"og:title\" content=\"Gouveia abre campeonato Europeu de Enduro - GP de Portugal\" \/>\n<meta property=\"og:description\" content=\"Ap\u00f3s dois anos de acolhimento ao campeonato do mundo de Enduro a cidade de Gouveia recebe nos pr\u00f3ximos dias 29 e 30 de Abril aquela que ser\u00e1 a primeira prova do campeonato europeu de enduro em 2017. Com um esquema de prova semelhante ao que foi utilizado em 2015 e&hellip;\" \/>\n<meta property=\"og:url\" content=\"https:\/\/talentos-objetivos.pt\/wecportugal\/2017\/03\/02\/gouveia-abre-campeonato-europeu-de-enduro\/\" \/>\n<meta property=\"og:site_name\" content=\"GP de Portugal\" \/>\n<meta property=\"article:published_time\" content=\"2017-03-02T18:51:48+00:00\" \/>\n<meta property=\"article:modified_time\" content=\"2022-12-13T11:00:10+00:00\" \/>\n<meta property=\"og:image\" content=\"https:\/\/talentos-objetivos.pt\/wecportugal\/wp-content\/uploads\/sites\/6\/2017\/03\/UEM_cartaz_ver1_inter-670x300-1.jpg\" \/>\n\t<meta property=\"og:image:width\" content=\"670\" \/>\n\t<meta property=\"og:image:height\" content=\"300\" \/>\n\t<meta property=\"og:image:type\" content=\"image\/jpeg\" \/>\n<meta name=\"author\" content=\"Jorge Sim\u00f5es\" \/>\n<meta name=\"twitter:card\" content=\"summary_large_image\" \/>\n<meta name=\"twitter:label1\" content=\"Escrito por\" \/>\n\t<meta name=\"twitter:data1\" content=\"Jorge Sim\u00f5es\" \/>\n\t<meta name=\"twitter:label2\" content=\"Tempo estimado de leitura\" \/>\n\t<meta name=\"twitter:data2\" content=\"1 minuto\" \/>\n<script type=\"application\/ld+json\" class=\"yoast-schema-graph\">{\"@context\":\"https:\\\/\\\/schema.org\",\"@graph\":[{\"@type\":\"Article\",\"@id\":\"https:\\\/\\\/talentos-objetivos.pt\\\/wecportugal\\\/2017\\\/03\\\/02\\\/gouveia-abre-campeonato-europeu-de-enduro\\\/#article\",\"isPartOf\":{\"@id\":\"https:\\\/\\\/talentos-objetivos.pt\\\/wecportugal\\\/2017\\\/03\\\/02\\\/gouveia-abre-campeonato-europeu-de-enduro\\\/\"},\"author\":{\"name\":\"Jorge Sim\u00f5es\",\"@id\":\"https:\\\/\\\/talentos-objetivos.pt\\\/wecportugal\\\/#\\\/schema\\\/person\\\/063aae70b5a0bc9f670381b600e1a601\"},\"headline\":\"Gouveia abre campeonato Europeu de Enduro\",\"datePublished\":\"2017-03-02T18:51:48+00:00\",\"dateModified\":\"2022-12-13T11:00:10+00:00\",\"mainEntityOfPage\":{\"@id\":\"https:\\\/\\\/talentos-objetivos.pt\\\/wecportugal\\\/2017\\\/03\\\/02\\\/gouveia-abre-campeonato-europeu-de-enduro\\\/\"},\"wordCount\":215,\"image\":{\"@id\":\"https:\\\/\\\/talentos-objetivos.pt\\\/wecportugal\\\/2017\\\/03\\\/02\\\/gouveia-abre-campeonato-europeu-de-enduro\\\/#primaryimage\"},\"thumbnailUrl\":\"https:\\\/\\\/talentos-objetivos.pt\\\/wecportugal\\\/wp-content\\\/uploads\\\/sites\\\/6\\\/2017\\\/03\\\/UEM_cartaz_ver1_inter-670x300-1.jpg\",\"keywords\":[\"UEM\"],\"articleSection\":[\"Not\u00edcias\",\"PT\"],\"inLanguage\":\"pt-PT\"},{\"@type\":\"WebPage\",\"@id\":\"https:\\\/\\\/talentos-objetivos.pt\\\/wecportugal\\\/2017\\\/03\\\/02\\\/gouveia-abre-campeonato-europeu-de-enduro\\\/\",\"url\":\"https:\\\/\\\/talentos-objetivos.pt\\\/wecportugal\\\/2017\\\/03\\\/02\\\/gouveia-abre-campeonato-europeu-de-enduro\\\/\",\"name\":\"Gouveia abre campeonato Europeu de Enduro - GP de Portugal\",\"isPartOf\":{\"@id\":\"https:\\\/\\\/talentos-objetivos.pt\\\/wecportugal\\\/#website\"},\"primaryImageOfPage\":{\"@id\":\"https:\\\/\\\/talentos-objetivos.pt\\\/wecportugal\\\/2017\\\/03\\\/02\\\/gouveia-abre-campeonato-europeu-de-enduro\\\/#primaryimage\"},\"image\":{\"@id\":\"https:\\\/\\\/talentos-objetivos.pt\\\/wecportugal\\\/2017\\\/03\\\/02\\\/gouveia-abre-campeonato-europeu-de-enduro\\\/#primaryimage\"},\"thumbnailUrl\":\"https:\\\/\\\/talentos-objetivos.pt\\\/wecportugal\\\/wp-content\\\/uploads\\\/sites\\\/6\\\/2017\\\/03\\\/UEM_cartaz_ver1_inter-670x300-1.jpg\",\"datePublished\":\"2017-03-02T18:51:48+00:00\",\"dateModified\":\"2022-12-13T11:00:10+00:00\",\"author\":{\"@id\":\"https:\\\/\\\/talentos-objetivos.pt\\\/wecportugal\\\/#\\\/schema\\\/person\\\/063aae70b5a0bc9f670381b600e1a601\"},\"breadcrumb\":{\"@id\":\"https:\\\/\\\/talentos-objetivos.pt\\\/wecportugal\\\/2017\\\/03\\\/02\\\/gouveia-abre-campeonato-europeu-de-enduro\\\/#breadcrumb\"},\"inLanguage\":\"pt-PT\",\"potentialAction\":[{\"@type\":\"ReadAction\",\"target\":[\"https:\\\/\\\/talentos-objetivos.pt\\\/wecportugal\\\/2017\\\/03\\\/02\\\/gouveia-abre-campeonato-europeu-de-enduro\\\/\"]}]},{\"@type\":\"ImageObject\",\"inLanguage\":\"pt-PT\",\"@id\":\"https:\\\/\\\/talentos-objetivos.pt\\\/wecportugal\\\/2017\\\/03\\\/02\\\/gouveia-abre-campeonato-europeu-de-enduro\\\/#primaryimage\",\"url\":\"https:\\\/\\\/talentos-objetivos.pt\\\/wecportugal\\\/wp-content\\\/uploads\\\/sites\\\/6\\\/2017\\\/03\\\/UEM_cartaz_ver1_inter-670x300-1.jpg\",\"contentUrl\":\"https:\\\/\\\/talentos-objetivos.pt\\\/wecportugal\\\/wp-content\\\/uploads\\\/sites\\\/6\\\/2017\\\/03\\\/UEM_cartaz_ver1_inter-670x300-1.jpg\",\"width\":670,\"height\":300},{\"@type\":\"BreadcrumbList\",\"@id\":\"https:\\\/\\\/talentos-objetivos.pt\\\/wecportugal\\\/2017\\\/03\\\/02\\\/gouveia-abre-campeonato-europeu-de-enduro\\\/#breadcrumb\",\"itemListElement\":[{\"@type\":\"ListItem\",\"position\":1,\"name\":\"In\u00edcio\",\"item\":\"https:\\\/\\\/talentos-objetivos.pt\\\/wecportugal\\\/\"},{\"@type\":\"ListItem\",\"position\":2,\"name\":\"Gouveia abre campeonato Europeu de Enduro\"}]},{\"@type\":\"WebSite\",\"@id\":\"https:\\\/\\\/talentos-objetivos.pt\\\/wecportugal\\\/#website\",\"url\":\"https:\\\/\\\/talentos-objetivos.pt\\\/wecportugal\\\/\",\"name\":\"GP de Portugal\",\"description\":\"European Enduro Championship  - Gouveia\",\"potentialAction\":[{\"@type\":\"SearchAction\",\"target\":{\"@type\":\"EntryPoint\",\"urlTemplate\":\"https:\\\/\\\/talentos-objetivos.pt\\\/wecportugal\\\/?s={search_term_string}\"},\"query-input\":{\"@type\":\"PropertyValueSpecification\",\"valueRequired\":true,\"valueName\":\"search_term_string\"}}],\"inLanguage\":\"pt-PT\"},{\"@type\":\"Person\",\"@id\":\"https:\\\/\\\/talentos-objetivos.pt\\\/wecportugal\\\/#\\\/schema\\\/person\\\/063aae70b5a0bc9f670381b600e1a601\",\"name\":\"Jorge Sim\u00f5es\",\"image\":{\"@type\":\"ImageObject\",\"inLanguage\":\"pt-PT\",\"@id\":\"https:\\\/\\\/secure.gravatar.com\\\/avatar\\\/1b618a4dfef3cb5350c16e6129cedea84a3078e82dd755e8847366ad7960584d?s=96&d=mm&r=g\",\"url\":\"https:\\\/\\\/secure.gravatar.com\\\/avatar\\\/1b618a4dfef3cb5350c16e6129cedea84a3078e82dd755e8847366ad7960584d?s=96&d=mm&r=g\",\"contentUrl\":\"https:\\\/\\\/secure.gravatar.com\\\/avatar\\\/1b618a4dfef3cb5350c16e6129cedea84a3078e82dd755e8847366ad7960584d?s=96&d=mm&r=g\",\"caption\":\"Jorge Sim\u00f5es\"},\"sameAs\":[\"http:\\\/\\\/www.talentos-objetivos.pt\"],\"url\":\"https:\\\/\\\/talentos-objetivos.pt\\\/wecportugal\\\/author\\\/jorge-simoes\\\/\"}]}<\/script>\n<!-- \/ Yoast SEO plugin. -->","yoast_head_json":{"title":"Gouveia abre campeonato Europeu de Enduro - GP de Portugal","robots":{"index":"index","follow":"follow","max-snippet":"max-snippet:-1","max-image-preview":"max-image-preview:large","max-video-preview":"max-video-preview:-1"},"canonical":"https:\/\/talentos-objetivos.pt\/wecportugal\/2017\/03\/02\/gouveia-abre-campeonato-europeu-de-enduro\/","og_locale":"pt_PT","og_type":"article","og_title":"Gouveia abre campeonato Europeu de Enduro - GP de Portugal","og_description":"Ap\u00f3s dois anos de acolhimento ao campeonato do mundo de Enduro a cidade de Gouveia recebe nos pr\u00f3ximos dias 29 e 30 de Abril aquela que ser\u00e1 a primeira prova do campeonato europeu de enduro em 2017. Com um esquema de prova semelhante ao que foi utilizado em 2015 e&hellip;","og_url":"https:\/\/talentos-objetivos.pt\/wecportugal\/2017\/03\/02\/gouveia-abre-campeonato-europeu-de-enduro\/","og_site_name":"GP de Portugal","article_published_time":"2017-03-02T18:51:48+00:00","article_modified_time":"2022-12-13T11:00:10+00:00","og_image":[{"width":670,"height":300,"url":"https:\/\/talentos-objetivos.pt\/wecportugal\/wp-content\/uploads\/sites\/6\/2017\/03\/UEM_cartaz_ver1_inter-670x300-1.jpg","type":"image\/jpeg"}],"author":"Jorge Sim\u00f5es","twitter_card":"summary_large_image","twitter_misc":{"Escrito por":"Jorge Sim\u00f5es","Tempo estimado de leitura":"1 minuto"},"schema":{"@context":"https:\/\/schema.org","@graph":[{"@type":"Article","@id":"https:\/\/talentos-objetivos.pt\/wecportugal\/2017\/03\/02\/gouveia-abre-campeonato-europeu-de-enduro\/#article","isPartOf":{"@id":"https:\/\/talentos-objetivos.pt\/wecportugal\/2017\/03\/02\/gouveia-abre-campeonato-europeu-de-enduro\/"},"author":{"name":"Jorge Sim\u00f5es","@id":"https:\/\/talentos-objetivos.pt\/wecportugal\/#\/schema\/person\/063aae70b5a0bc9f670381b600e1a601"},"headline":"Gouveia abre campeonato Europeu de Enduro","datePublished":"2017-03-02T18:51:48+00:00","dateModified":"2022-12-13T11:00:10+00:00","mainEntityOfPage":{"@id":"https:\/\/talentos-objetivos.pt\/wecportugal\/2017\/03\/02\/gouveia-abre-campeonato-europeu-de-enduro\/"},"wordCount":215,"image":{"@id":"https:\/\/talentos-objetivos.pt\/wecportugal\/2017\/03\/02\/gouveia-abre-campeonato-europeu-de-enduro\/#primaryimage"},"thumbnailUrl":"https:\/\/talentos-objetivos.pt\/wecportugal\/wp-content\/uploads\/sites\/6\/2017\/03\/UEM_cartaz_ver1_inter-670x300-1.jpg","keywords":["UEM"],"articleSection":["Not\u00edcias","PT"],"inLanguage":"pt-PT"},{"@type":"WebPage","@id":"https:\/\/talentos-objetivos.pt\/wecportugal\/2017\/03\/02\/gouveia-abre-campeonato-europeu-de-enduro\/","url":"https:\/\/talentos-objetivos.pt\/wecportugal\/2017\/03\/02\/gouveia-abre-campeonato-europeu-de-enduro\/","name":"Gouveia abre campeonato Europeu de Enduro - GP de Portugal","isPartOf":{"@id":"https:\/\/talentos-objetivos.pt\/wecportugal\/#website"},"primaryImageOfPage":{"@id":"https:\/\/talentos-objetivos.pt\/wecportugal\/2017\/03\/02\/gouveia-abre-campeonato-europeu-de-enduro\/#primaryimage"},"image":{"@id":"https:\/\/talentos-objetivos.pt\/wecportugal\/2017\/03\/02\/gouveia-abre-campeonato-europeu-de-enduro\/#primaryimage"},"thumbnailUrl":"https:\/\/talentos-objetivos.pt\/wecportugal\/wp-content\/uploads\/sites\/6\/2017\/03\/UEM_cartaz_ver1_inter-670x300-1.jpg","datePublished":"2017-03-02T18:51:48+00:00","dateModified":"2022-12-13T11:00:10+00:00","author":{"@id":"https:\/\/talentos-objetivos.pt\/wecportugal\/#\/schema\/person\/063aae70b5a0bc9f670381b600e1a601"},"breadcrumb":{"@id":"https:\/\/talentos-objetivos.pt\/wecportugal\/2017\/03\/02\/gouveia-abre-campeonato-europeu-de-enduro\/#breadcrumb"},"inLanguage":"pt-PT","potentialAction":[{"@type":"ReadAction","target":["https:\/\/talentos-objetivos.pt\/wecportugal\/2017\/03\/02\/gouveia-abre-campeonato-europeu-de-enduro\/"]}]},{"@type":"ImageObject","inLanguage":"pt-PT","@id":"https:\/\/talentos-objetivos.pt\/wecportugal\/2017\/03\/02\/gouveia-abre-campeonato-europeu-de-enduro\/#primaryimage","url":"https:\/\/talentos-objetivos.pt\/wecportugal\/wp-content\/uploads\/sites\/6\/2017\/03\/UEM_cartaz_ver1_inter-670x300-1.jpg","contentUrl":"https:\/\/talentos-objetivos.pt\/wecportugal\/wp-content\/uploads\/sites\/6\/2017\/03\/UEM_cartaz_ver1_inter-670x300-1.jpg","width":670,"height":300},{"@type":"BreadcrumbList","@id":"https:\/\/talentos-objetivos.pt\/wecportugal\/2017\/03\/02\/gouveia-abre-campeonato-europeu-de-enduro\/#breadcrumb","itemListElement":[{"@type":"ListItem","position":1,"name":"In\u00edcio","item":"https:\/\/talentos-objetivos.pt\/wecportugal\/"},{"@type":"ListItem","position":2,"name":"Gouveia abre campeonato Europeu de Enduro"}]},{"@type":"WebSite","@id":"https:\/\/talentos-objetivos.pt\/wecportugal\/#website","url":"https:\/\/talentos-objetivos.pt\/wecportugal\/","name":"GP de Portugal","description":"European Enduro Championship  - Gouveia","potentialAction":[{"@type":"SearchAction","target":{"@type":"EntryPoint","urlTemplate":"https:\/\/talentos-objetivos.pt\/wecportugal\/?s={search_term_string}"},"query-input":{"@type":"PropertyValueSpecification","valueRequired":true,"valueName":"search_term_string"}}],"inLanguage":"pt-PT"},{"@type":"Person","@id":"https:\/\/talentos-objetivos.pt\/wecportugal\/#\/schema\/person\/063aae70b5a0bc9f670381b600e1a601","name":"Jorge Sim\u00f5es","image":{"@type":"ImageObject","inLanguage":"pt-PT","@id":"https:\/\/secure.gravatar.com\/avatar\/1b618a4dfef3cb5350c16e6129cedea84a3078e82dd755e8847366ad7960584d?s=96&d=mm&r=g","url":"https:\/\/secure.gravatar.com\/avatar\/1b618a4dfef3cb5350c16e6129cedea84a3078e82dd755e8847366ad7960584d?s=96&d=mm&r=g","contentUrl":"https:\/\/secure.gravatar.com\/avatar\/1b618a4dfef3cb5350c16e6129cedea84a3078e82dd755e8847366ad7960584d?s=96&d=mm&r=g","caption":"Jorge Sim\u00f5es"},"sameAs":["http:\/\/www.talentos-objetivos.pt"],"url":"https:\/\/talentos-objetivos.pt\/wecportugal\/author\/jorge-simoes\/"}]}},"_links":{"self":[{"href":"https:\/\/talentos-objetivos.pt\/wecportugal\/wp-json\/wp\/v2\/posts\/2537","targetHints":{"allow":["GET"]}}],"collection":[{"href":"https:\/\/talentos-objetivos.pt\/wecportugal\/wp-json\/wp\/v2\/posts"}],"about":[{"href":"https:\/\/talentos-objetivos.pt\/wecportugal\/wp-json\/wp\/v2\/types\/post"}],"author":[{"embeddable":true,"href":"https:\/\/talentos-objetivos.pt\/wecportugal\/wp-json\/wp\/v2\/users\/2"}],"replies":[{"embeddable":true,"href":"https:\/\/talentos-objetivos.pt\/wecportugal\/wp-json\/wp\/v2\/comments?post=2537"}],"version-history":[{"count":0,"href":"https:\/\/talentos-objetivos.pt\/wecportugal\/wp-json\/wp\/v2\/posts\/2537\/revisions"}],"wp:featuredmedia":[{"embeddable":true,"href":"https:\/\/talentos-objetivos.pt\/wecportugal\/wp-json\/wp\/v2\/media\/3045"}],"wp:attachment":[{"href":"https:\/\/talentos-objetivos.pt\/wecportugal\/wp-json\/wp\/v2\/media?parent=2537"}],"wp:term":[{"taxonomy":"category","embeddable":true,"href":"https:\/\/talentos-objetivos.pt\/wecportugal\/wp-json\/wp\/v2\/categories?post=2537"},{"taxonomy":"post_tag","embeddable":true,"href":"https:\/\/talentos-objetivos.pt\/wecportugal\/wp-json\/wp\/v2\/tags?post=2537"}],"curies":[{"name":"wp","href":"https:\/\/api.w.org\/{rel}","templated":true}]}}