{"id":2735,"date":"2017-04-08T11:15:10","date_gmt":"2017-04-08T11:15:10","guid":{"rendered":"http:\/\/wecportugal.talentos-objetivos.pt\/?p=2735"},"modified":"2022-12-13T11:00:53","modified_gmt":"2022-12-13T11:00:53","slug":"europeu-de-enduro-gouveia-apresentacao-na-fil-motoshow-2017","status":"publish","type":"post","link":"https:\/\/talentos-objetivos.pt\/wecportugal\/2017\/04\/08\/europeu-de-enduro-gouveia-apresentacao-na-fil-motoshow-2017\/","title":{"rendered":"Europeu de Enduro Gouveia. Apresenta\u00e7\u00e3o na FIL-Motoshow 2017"},"content":{"rendered":"<p><span style=\"color: #000000;font-family: Calibri\">No arranque da edi\u00e7\u00e3o 2017 do Motoshow que decorre nos pavilh\u00f5es da FIL em Lisboa at\u00e9 ao pr\u00f3ximo Domingo, o clube Talentos e Objetivos apresentou, em conjunto com as restantes organiza\u00e7\u00f5es que levam a cabo provas eleg\u00edveis para campeonatos da Europa e do mundo em 2017, o Enduro de Gouveia.<\/span><\/p>\n<p><span style=\"color: #000000;font-family: Calibri\">Depois de dois anos a acolher o campeonato do mundo da especialidade o Enduro de Gouveia ser\u00e1 em 2017 a primeira prova do campeonato da Europa da especialidade que ter\u00e1 quatro rondas entre o m\u00eas de Abril e Outubro.<\/span><\/p>\n<p><span style=\"color: #000000;font-family: Calibri\">Com dois dias de dura\u00e7\u00e3o (29 e 30 de Abril), a prova ter\u00e1 mais uma vez como base o Parque da Senhora dos Verdes junto \u00e0 cidade das &#8216;Estrelas&#8217; e ser\u00e1 no interior do mesmo que estar\u00e3o desenhadas as duas especiais (Enduro Test e Cross Test) que poder\u00e3o ser facilmente acompanhadas pelo p\u00fablico que se espera mais uma vez em n\u00famero consider\u00e1vel. O &#8216;paddock&#8217; e parque-fechados estar\u00e3o igualmente no centro nevr\u00e1lgico da prova que ter\u00e1 um percurso com cerca de 55 quil\u00f3metros que ser\u00e1 percorrido por tr\u00eas vezes em ambos os dias de competi\u00e7\u00e3o.<\/span><\/p>\n<p><span style=\"color: #000000;font-family: Calibri\">Na cerim\u00f3nia de apresenta\u00e7\u00e3o da prova &#8211; onde al\u00e9m da imagem da prova figurou igualmente a moto do actual l\u00edder do campeonato nacional e ex-campe\u00e3o europeu Diogo Ventura &#8211; estiveram presentes elementos do clube organizador, da Federa\u00e7\u00e3o de Motociclismo de Portugal e ainda o Vereador da CM de Gouveia, Jorge Ferreira, cuja edilidade mais uma vez apoia a organiza\u00e7\u00e3o da prova \u00e0 semelhan\u00e7a dos dois anos em que a mesma foi eleg\u00edvel para o mundial de enduro.<\/span><\/p>\n","protected":false},"excerpt":{"rendered":"<p>No arranque da edi\u00e7\u00e3o 2017 do Motoshow que decorre nos pavilh\u00f5es da FIL em Lisboa at\u00e9 ao pr\u00f3ximo Domingo, o clube Talentos e Objetivos apresentou, em conjunto com as restantes organiza\u00e7\u00f5es que levam a cabo provas eleg\u00edveis para campeonatos da Europa e do mundo em 2017, o Enduro de Gouveia.&hellip; <\/p>\n","protected":false},"author":2,"featured_media":3047,"comment_status":"closed","ping_status":"closed","sticky":false,"template":"","format":"standard","meta":{"footnotes":""},"categories":[8,2],"tags":[17],"class_list":["post-2735","post","type-post","status-publish","format-standard","has-post-thumbnail","hentry","category-noticias","category-pt","tag-uem"],"yoast_head":"<!-- This site is optimized with the Yoast SEO plugin v27.5 - https:\/\/yoast.com\/product\/yoast-seo-wordpress\/ -->\n<title>Europeu de Enduro Gouveia. Apresenta\u00e7\u00e3o na FIL-Motoshow 2017 - GP de Portugal<\/title>\n<meta name=\"robots\" content=\"index, follow, max-snippet:-1, max-image-preview:large, max-video-preview:-1\" \/>\n<link rel=\"canonical\" href=\"https:\/\/talentos-objetivos.pt\/wecportugal\/2017\/04\/08\/europeu-de-enduro-gouveia-apresentacao-na-fil-motoshow-2017\/\" \/>\n<meta property=\"og:locale\" content=\"pt_PT\" \/>\n<meta property=\"og:type\" content=\"article\" \/>\n<meta property=\"og:title\" content=\"Europeu de Enduro Gouveia. Apresenta\u00e7\u00e3o na FIL-Motoshow 2017 - GP de Portugal\" \/>\n<meta property=\"og:description\" content=\"No arranque da edi\u00e7\u00e3o 2017 do Motoshow que decorre nos pavilh\u00f5es da FIL em Lisboa at\u00e9 ao pr\u00f3ximo Domingo, o clube Talentos e Objetivos apresentou, em conjunto com as restantes organiza\u00e7\u00f5es que levam a cabo provas eleg\u00edveis para campeonatos da Europa e do mundo em 2017, o Enduro de Gouveia.&hellip;\" \/>\n<meta property=\"og:url\" content=\"https:\/\/talentos-objetivos.pt\/wecportugal\/2017\/04\/08\/europeu-de-enduro-gouveia-apresentacao-na-fil-motoshow-2017\/\" \/>\n<meta property=\"og:site_name\" content=\"GP de Portugal\" \/>\n<meta property=\"article:published_time\" content=\"2017-04-08T11:15:10+00:00\" \/>\n<meta property=\"article:modified_time\" content=\"2022-12-13T11:00:53+00:00\" \/>\n<meta property=\"og:image\" content=\"https:\/\/talentos-objetivos.pt\/wecportugal\/wp-content\/uploads\/sites\/6\/2017\/04\/2017_EEC_FIL-Apresentacao_CC_1932-670x300-1.jpg\" \/>\n\t<meta property=\"og:image:width\" content=\"670\" \/>\n\t<meta property=\"og:image:height\" content=\"300\" \/>\n\t<meta property=\"og:image:type\" content=\"image\/jpeg\" \/>\n<meta name=\"author\" content=\"Jorge Sim\u00f5es\" \/>\n<meta name=\"twitter:card\" content=\"summary_large_image\" \/>\n<meta name=\"twitter:label1\" content=\"Escrito por\" \/>\n\t<meta name=\"twitter:data1\" content=\"Jorge Sim\u00f5es\" \/>\n\t<meta name=\"twitter:label2\" content=\"Tempo estimado de leitura\" \/>\n\t<meta name=\"twitter:data2\" content=\"1 minuto\" \/>\n<script type=\"application\/ld+json\" class=\"yoast-schema-graph\">{\"@context\":\"https:\\\/\\\/schema.org\",\"@graph\":[{\"@type\":\"Article\",\"@id\":\"https:\\\/\\\/talentos-objetivos.pt\\\/wecportugal\\\/2017\\\/04\\\/08\\\/europeu-de-enduro-gouveia-apresentacao-na-fil-motoshow-2017\\\/#article\",\"isPartOf\":{\"@id\":\"https:\\\/\\\/talentos-objetivos.pt\\\/wecportugal\\\/2017\\\/04\\\/08\\\/europeu-de-enduro-gouveia-apresentacao-na-fil-motoshow-2017\\\/\"},\"author\":{\"name\":\"Jorge Sim\u00f5es\",\"@id\":\"https:\\\/\\\/talentos-objetivos.pt\\\/wecportugal\\\/#\\\/schema\\\/person\\\/063aae70b5a0bc9f670381b600e1a601\"},\"headline\":\"Europeu de Enduro Gouveia. Apresenta\u00e7\u00e3o na FIL-Motoshow 2017\",\"datePublished\":\"2017-04-08T11:15:10+00:00\",\"dateModified\":\"2022-12-13T11:00:53+00:00\",\"mainEntityOfPage\":{\"@id\":\"https:\\\/\\\/talentos-objetivos.pt\\\/wecportugal\\\/2017\\\/04\\\/08\\\/europeu-de-enduro-gouveia-apresentacao-na-fil-motoshow-2017\\\/\"},\"wordCount\":286,\"image\":{\"@id\":\"https:\\\/\\\/talentos-objetivos.pt\\\/wecportugal\\\/2017\\\/04\\\/08\\\/europeu-de-enduro-gouveia-apresentacao-na-fil-motoshow-2017\\\/#primaryimage\"},\"thumbnailUrl\":\"https:\\\/\\\/talentos-objetivos.pt\\\/wecportugal\\\/wp-content\\\/uploads\\\/sites\\\/6\\\/2017\\\/04\\\/2017_EEC_FIL-Apresentacao_CC_1932-670x300-1.jpg\",\"keywords\":[\"UEM\"],\"articleSection\":[\"Not\u00edcias\",\"PT\"],\"inLanguage\":\"pt-PT\"},{\"@type\":\"WebPage\",\"@id\":\"https:\\\/\\\/talentos-objetivos.pt\\\/wecportugal\\\/2017\\\/04\\\/08\\\/europeu-de-enduro-gouveia-apresentacao-na-fil-motoshow-2017\\\/\",\"url\":\"https:\\\/\\\/talentos-objetivos.pt\\\/wecportugal\\\/2017\\\/04\\\/08\\\/europeu-de-enduro-gouveia-apresentacao-na-fil-motoshow-2017\\\/\",\"name\":\"Europeu de Enduro Gouveia. Apresenta\u00e7\u00e3o na FIL-Motoshow 2017 - GP de Portugal\",\"isPartOf\":{\"@id\":\"https:\\\/\\\/talentos-objetivos.pt\\\/wecportugal\\\/#website\"},\"primaryImageOfPage\":{\"@id\":\"https:\\\/\\\/talentos-objetivos.pt\\\/wecportugal\\\/2017\\\/04\\\/08\\\/europeu-de-enduro-gouveia-apresentacao-na-fil-motoshow-2017\\\/#primaryimage\"},\"image\":{\"@id\":\"https:\\\/\\\/talentos-objetivos.pt\\\/wecportugal\\\/2017\\\/04\\\/08\\\/europeu-de-enduro-gouveia-apresentacao-na-fil-motoshow-2017\\\/#primaryimage\"},\"thumbnailUrl\":\"https:\\\/\\\/talentos-objetivos.pt\\\/wecportugal\\\/wp-content\\\/uploads\\\/sites\\\/6\\\/2017\\\/04\\\/2017_EEC_FIL-Apresentacao_CC_1932-670x300-1.jpg\",\"datePublished\":\"2017-04-08T11:15:10+00:00\",\"dateModified\":\"2022-12-13T11:00:53+00:00\",\"author\":{\"@id\":\"https:\\\/\\\/talentos-objetivos.pt\\\/wecportugal\\\/#\\\/schema\\\/person\\\/063aae70b5a0bc9f670381b600e1a601\"},\"breadcrumb\":{\"@id\":\"https:\\\/\\\/talentos-objetivos.pt\\\/wecportugal\\\/2017\\\/04\\\/08\\\/europeu-de-enduro-gouveia-apresentacao-na-fil-motoshow-2017\\\/#breadcrumb\"},\"inLanguage\":\"pt-PT\",\"potentialAction\":[{\"@type\":\"ReadAction\",\"target\":[\"https:\\\/\\\/talentos-objetivos.pt\\\/wecportugal\\\/2017\\\/04\\\/08\\\/europeu-de-enduro-gouveia-apresentacao-na-fil-motoshow-2017\\\/\"]}]},{\"@type\":\"ImageObject\",\"inLanguage\":\"pt-PT\",\"@id\":\"https:\\\/\\\/talentos-objetivos.pt\\\/wecportugal\\\/2017\\\/04\\\/08\\\/europeu-de-enduro-gouveia-apresentacao-na-fil-motoshow-2017\\\/#primaryimage\",\"url\":\"https:\\\/\\\/talentos-objetivos.pt\\\/wecportugal\\\/wp-content\\\/uploads\\\/sites\\\/6\\\/2017\\\/04\\\/2017_EEC_FIL-Apresentacao_CC_1932-670x300-1.jpg\",\"contentUrl\":\"https:\\\/\\\/talentos-objetivos.pt\\\/wecportugal\\\/wp-content\\\/uploads\\\/sites\\\/6\\\/2017\\\/04\\\/2017_EEC_FIL-Apresentacao_CC_1932-670x300-1.jpg\",\"width\":670,\"height\":300},{\"@type\":\"BreadcrumbList\",\"@id\":\"https:\\\/\\\/talentos-objetivos.pt\\\/wecportugal\\\/2017\\\/04\\\/08\\\/europeu-de-enduro-gouveia-apresentacao-na-fil-motoshow-2017\\\/#breadcrumb\",\"itemListElement\":[{\"@type\":\"ListItem\",\"position\":1,\"name\":\"In\u00edcio\",\"item\":\"https:\\\/\\\/talentos-objetivos.pt\\\/wecportugal\\\/\"},{\"@type\":\"ListItem\",\"position\":2,\"name\":\"Europeu de Enduro Gouveia. Apresenta\u00e7\u00e3o na FIL-Motoshow 2017\"}]},{\"@type\":\"WebSite\",\"@id\":\"https:\\\/\\\/talentos-objetivos.pt\\\/wecportugal\\\/#website\",\"url\":\"https:\\\/\\\/talentos-objetivos.pt\\\/wecportugal\\\/\",\"name\":\"GP de Portugal\",\"description\":\"European Enduro Championship  - Gouveia\",\"potentialAction\":[{\"@type\":\"SearchAction\",\"target\":{\"@type\":\"EntryPoint\",\"urlTemplate\":\"https:\\\/\\\/talentos-objetivos.pt\\\/wecportugal\\\/?s={search_term_string}\"},\"query-input\":{\"@type\":\"PropertyValueSpecification\",\"valueRequired\":true,\"valueName\":\"search_term_string\"}}],\"inLanguage\":\"pt-PT\"},{\"@type\":\"Person\",\"@id\":\"https:\\\/\\\/talentos-objetivos.pt\\\/wecportugal\\\/#\\\/schema\\\/person\\\/063aae70b5a0bc9f670381b600e1a601\",\"name\":\"Jorge Sim\u00f5es\",\"image\":{\"@type\":\"ImageObject\",\"inLanguage\":\"pt-PT\",\"@id\":\"https:\\\/\\\/secure.gravatar.com\\\/avatar\\\/1b618a4dfef3cb5350c16e6129cedea84a3078e82dd755e8847366ad7960584d?s=96&d=mm&r=g\",\"url\":\"https:\\\/\\\/secure.gravatar.com\\\/avatar\\\/1b618a4dfef3cb5350c16e6129cedea84a3078e82dd755e8847366ad7960584d?s=96&d=mm&r=g\",\"contentUrl\":\"https:\\\/\\\/secure.gravatar.com\\\/avatar\\\/1b618a4dfef3cb5350c16e6129cedea84a3078e82dd755e8847366ad7960584d?s=96&d=mm&r=g\",\"caption\":\"Jorge Sim\u00f5es\"},\"sameAs\":[\"http:\\\/\\\/www.talentos-objetivos.pt\"],\"url\":\"https:\\\/\\\/talentos-objetivos.pt\\\/wecportugal\\\/author\\\/jorge-simoes\\\/\"}]}<\/script>\n<!-- \/ Yoast SEO plugin. -->","yoast_head_json":{"title":"Europeu de Enduro Gouveia. Apresenta\u00e7\u00e3o na FIL-Motoshow 2017 - GP de Portugal","robots":{"index":"index","follow":"follow","max-snippet":"max-snippet:-1","max-image-preview":"max-image-preview:large","max-video-preview":"max-video-preview:-1"},"canonical":"https:\/\/talentos-objetivos.pt\/wecportugal\/2017\/04\/08\/europeu-de-enduro-gouveia-apresentacao-na-fil-motoshow-2017\/","og_locale":"pt_PT","og_type":"article","og_title":"Europeu de Enduro Gouveia. Apresenta\u00e7\u00e3o na FIL-Motoshow 2017 - GP de Portugal","og_description":"No arranque da edi\u00e7\u00e3o 2017 do Motoshow que decorre nos pavilh\u00f5es da FIL em Lisboa at\u00e9 ao pr\u00f3ximo Domingo, o clube Talentos e Objetivos apresentou, em conjunto com as restantes organiza\u00e7\u00f5es que levam a cabo provas eleg\u00edveis para campeonatos da Europa e do mundo em 2017, o Enduro de Gouveia.&hellip;","og_url":"https:\/\/talentos-objetivos.pt\/wecportugal\/2017\/04\/08\/europeu-de-enduro-gouveia-apresentacao-na-fil-motoshow-2017\/","og_site_name":"GP de Portugal","article_published_time":"2017-04-08T11:15:10+00:00","article_modified_time":"2022-12-13T11:00:53+00:00","og_image":[{"width":670,"height":300,"url":"https:\/\/talentos-objetivos.pt\/wecportugal\/wp-content\/uploads\/sites\/6\/2017\/04\/2017_EEC_FIL-Apresentacao_CC_1932-670x300-1.jpg","type":"image\/jpeg"}],"author":"Jorge Sim\u00f5es","twitter_card":"summary_large_image","twitter_misc":{"Escrito por":"Jorge Sim\u00f5es","Tempo estimado de leitura":"1 minuto"},"schema":{"@context":"https:\/\/schema.org","@graph":[{"@type":"Article","@id":"https:\/\/talentos-objetivos.pt\/wecportugal\/2017\/04\/08\/europeu-de-enduro-gouveia-apresentacao-na-fil-motoshow-2017\/#article","isPartOf":{"@id":"https:\/\/talentos-objetivos.pt\/wecportugal\/2017\/04\/08\/europeu-de-enduro-gouveia-apresentacao-na-fil-motoshow-2017\/"},"author":{"name":"Jorge Sim\u00f5es","@id":"https:\/\/talentos-objetivos.pt\/wecportugal\/#\/schema\/person\/063aae70b5a0bc9f670381b600e1a601"},"headline":"Europeu de Enduro Gouveia. Apresenta\u00e7\u00e3o na FIL-Motoshow 2017","datePublished":"2017-04-08T11:15:10+00:00","dateModified":"2022-12-13T11:00:53+00:00","mainEntityOfPage":{"@id":"https:\/\/talentos-objetivos.pt\/wecportugal\/2017\/04\/08\/europeu-de-enduro-gouveia-apresentacao-na-fil-motoshow-2017\/"},"wordCount":286,"image":{"@id":"https:\/\/talentos-objetivos.pt\/wecportugal\/2017\/04\/08\/europeu-de-enduro-gouveia-apresentacao-na-fil-motoshow-2017\/#primaryimage"},"thumbnailUrl":"https:\/\/talentos-objetivos.pt\/wecportugal\/wp-content\/uploads\/sites\/6\/2017\/04\/2017_EEC_FIL-Apresentacao_CC_1932-670x300-1.jpg","keywords":["UEM"],"articleSection":["Not\u00edcias","PT"],"inLanguage":"pt-PT"},{"@type":"WebPage","@id":"https:\/\/talentos-objetivos.pt\/wecportugal\/2017\/04\/08\/europeu-de-enduro-gouveia-apresentacao-na-fil-motoshow-2017\/","url":"https:\/\/talentos-objetivos.pt\/wecportugal\/2017\/04\/08\/europeu-de-enduro-gouveia-apresentacao-na-fil-motoshow-2017\/","name":"Europeu de Enduro Gouveia. Apresenta\u00e7\u00e3o na FIL-Motoshow 2017 - GP de Portugal","isPartOf":{"@id":"https:\/\/talentos-objetivos.pt\/wecportugal\/#website"},"primaryImageOfPage":{"@id":"https:\/\/talentos-objetivos.pt\/wecportugal\/2017\/04\/08\/europeu-de-enduro-gouveia-apresentacao-na-fil-motoshow-2017\/#primaryimage"},"image":{"@id":"https:\/\/talentos-objetivos.pt\/wecportugal\/2017\/04\/08\/europeu-de-enduro-gouveia-apresentacao-na-fil-motoshow-2017\/#primaryimage"},"thumbnailUrl":"https:\/\/talentos-objetivos.pt\/wecportugal\/wp-content\/uploads\/sites\/6\/2017\/04\/2017_EEC_FIL-Apresentacao_CC_1932-670x300-1.jpg","datePublished":"2017-04-08T11:15:10+00:00","dateModified":"2022-12-13T11:00:53+00:00","author":{"@id":"https:\/\/talentos-objetivos.pt\/wecportugal\/#\/schema\/person\/063aae70b5a0bc9f670381b600e1a601"},"breadcrumb":{"@id":"https:\/\/talentos-objetivos.pt\/wecportugal\/2017\/04\/08\/europeu-de-enduro-gouveia-apresentacao-na-fil-motoshow-2017\/#breadcrumb"},"inLanguage":"pt-PT","potentialAction":[{"@type":"ReadAction","target":["https:\/\/talentos-objetivos.pt\/wecportugal\/2017\/04\/08\/europeu-de-enduro-gouveia-apresentacao-na-fil-motoshow-2017\/"]}]},{"@type":"ImageObject","inLanguage":"pt-PT","@id":"https:\/\/talentos-objetivos.pt\/wecportugal\/2017\/04\/08\/europeu-de-enduro-gouveia-apresentacao-na-fil-motoshow-2017\/#primaryimage","url":"https:\/\/talentos-objetivos.pt\/wecportugal\/wp-content\/uploads\/sites\/6\/2017\/04\/2017_EEC_FIL-Apresentacao_CC_1932-670x300-1.jpg","contentUrl":"https:\/\/talentos-objetivos.pt\/wecportugal\/wp-content\/uploads\/sites\/6\/2017\/04\/2017_EEC_FIL-Apresentacao_CC_1932-670x300-1.jpg","width":670,"height":300},{"@type":"BreadcrumbList","@id":"https:\/\/talentos-objetivos.pt\/wecportugal\/2017\/04\/08\/europeu-de-enduro-gouveia-apresentacao-na-fil-motoshow-2017\/#breadcrumb","itemListElement":[{"@type":"ListItem","position":1,"name":"In\u00edcio","item":"https:\/\/talentos-objetivos.pt\/wecportugal\/"},{"@type":"ListItem","position":2,"name":"Europeu de Enduro Gouveia. Apresenta\u00e7\u00e3o na FIL-Motoshow 2017"}]},{"@type":"WebSite","@id":"https:\/\/talentos-objetivos.pt\/wecportugal\/#website","url":"https:\/\/talentos-objetivos.pt\/wecportugal\/","name":"GP de Portugal","description":"European Enduro Championship  - Gouveia","potentialAction":[{"@type":"SearchAction","target":{"@type":"EntryPoint","urlTemplate":"https:\/\/talentos-objetivos.pt\/wecportugal\/?s={search_term_string}"},"query-input":{"@type":"PropertyValueSpecification","valueRequired":true,"valueName":"search_term_string"}}],"inLanguage":"pt-PT"},{"@type":"Person","@id":"https:\/\/talentos-objetivos.pt\/wecportugal\/#\/schema\/person\/063aae70b5a0bc9f670381b600e1a601","name":"Jorge Sim\u00f5es","image":{"@type":"ImageObject","inLanguage":"pt-PT","@id":"https:\/\/secure.gravatar.com\/avatar\/1b618a4dfef3cb5350c16e6129cedea84a3078e82dd755e8847366ad7960584d?s=96&d=mm&r=g","url":"https:\/\/secure.gravatar.com\/avatar\/1b618a4dfef3cb5350c16e6129cedea84a3078e82dd755e8847366ad7960584d?s=96&d=mm&r=g","contentUrl":"https:\/\/secure.gravatar.com\/avatar\/1b618a4dfef3cb5350c16e6129cedea84a3078e82dd755e8847366ad7960584d?s=96&d=mm&r=g","caption":"Jorge Sim\u00f5es"},"sameAs":["http:\/\/www.talentos-objetivos.pt"],"url":"https:\/\/talentos-objetivos.pt\/wecportugal\/author\/jorge-simoes\/"}]}},"_links":{"self":[{"href":"https:\/\/talentos-objetivos.pt\/wecportugal\/wp-json\/wp\/v2\/posts\/2735","targetHints":{"allow":["GET"]}}],"collection":[{"href":"https:\/\/talentos-objetivos.pt\/wecportugal\/wp-json\/wp\/v2\/posts"}],"about":[{"href":"https:\/\/talentos-objetivos.pt\/wecportugal\/wp-json\/wp\/v2\/types\/post"}],"author":[{"embeddable":true,"href":"https:\/\/talentos-objetivos.pt\/wecportugal\/wp-json\/wp\/v2\/users\/2"}],"replies":[{"embeddable":true,"href":"https:\/\/talentos-objetivos.pt\/wecportugal\/wp-json\/wp\/v2\/comments?post=2735"}],"version-history":[{"count":0,"href":"https:\/\/talentos-objetivos.pt\/wecportugal\/wp-json\/wp\/v2\/posts\/2735\/revisions"}],"wp:featuredmedia":[{"embeddable":true,"href":"https:\/\/talentos-objetivos.pt\/wecportugal\/wp-json\/wp\/v2\/media\/3047"}],"wp:attachment":[{"href":"https:\/\/talentos-objetivos.pt\/wecportugal\/wp-json\/wp\/v2\/media?parent=2735"}],"wp:term":[{"taxonomy":"category","embeddable":true,"href":"https:\/\/talentos-objetivos.pt\/wecportugal\/wp-json\/wp\/v2\/categories?post=2735"},{"taxonomy":"post_tag","embeddable":true,"href":"https:\/\/talentos-objetivos.pt\/wecportugal\/wp-json\/wp\/v2\/tags?post=2735"}],"curies":[{"name":"wp","href":"https:\/\/api.w.org\/{rel}","templated":true}]}}