{"id":2757,"date":"2017-04-12T22:09:37","date_gmt":"2017-04-12T22:09:37","guid":{"rendered":"http:\/\/wecportugal.talentos-objetivos.pt\/?p=2757"},"modified":"2022-12-13T11:01:29","modified_gmt":"2022-12-13T11:01:29","slug":"europeu-gouveia-2017-europeu-gouveia-2017","status":"publish","type":"post","link":"https:\/\/talentos-objetivos.pt\/wecportugal\/2017\/04\/12\/europeu-gouveia-2017-europeu-gouveia-2017\/","title":{"rendered":"Europeu Gouveia 2017. Centena e meia de pilotos"},"content":{"rendered":"<p><span style=\"color: #000000;font-family: Calibri\">Centena e meia de pilotos oriundos de diversas na\u00e7\u00f5es da Europa v\u00e3o estar em Gouveia, cidade que se situa-se na encosta noroeste do maior sistema montanhoso portugu\u00eas continental &#8211; a Serra da Estrela, naquela que ser\u00e1 a primeira das quatro provas do campeonato Europeu de Enduro neste ano de 2017. A prova ir\u00e1 realizar-se entre os dias 28 e 30 de Abril e marcar\u00e1 a presen\u00e7a pelo terceiro ano consecutivo de uma prova internacional da especialidade no Munic\u00edpio que candidatou quatro aldeias do concelho na iniciativa 7 Maravilhas de Portugal\u00ae \u2013 Aldeias: Folgosinho, Melo, Arcozelo da Serra e Mangualde da Serra.<\/span><\/p>\n<p><span style=\"color: #000000;font-family: Calibri\">&nbsp;<\/span><span style=\"color: #000000;font-family: Calibri\">O percurso foi preparado ao pormenor e com cerca de meia centena de quil\u00f3metros por volta a um tra\u00e7ado com \u201c&#8230; muita pedra, algo massacrante mas com um grau de dureza adequado ao campeonato. Vamos ter trialeiras bastante bonitas e uma grande parte do percurso junto ao Rio Mondego. As especiais ser\u00e3o novamente muito pr\u00f3ximas e desenhadas no Parque da Senhora dos Verdes, sendo ambas muito longas, com a Enduro Test a demorar cerca de 15 minutos a percorrer para os mais r\u00e1pidos e a Cross Test cerca de uma dezena de minutos;\u201d disse Daniel Jord\u00e3o, respons\u00e1vel pelo tra\u00e7ado da prova.<\/span><\/p>\n<p><span style=\"color: #000000;font-family: Calibri\">&nbsp;A<\/span><span style=\"color: #000000;font-family: Calibri\"> caravana ir\u00e1 enfrentar tr\u00eas voltas ao percurso em cada um dos dias, com o Parque-Fechado e Paddock a estarem instalados no magnifico recinto do Parque da Senhora dos Verdes que mais uma vez ser\u00e1 o centro nevr\u00e1lgico da prova.<\/span><\/p>\n<p><span style=\"color: #000000;font-family: Calibri\">&nbsp;<\/span><\/p>\n","protected":false},"excerpt":{"rendered":"<p>Centena e meia de pilotos oriundos de diversas na\u00e7\u00f5es da Europa v\u00e3o estar em Gouveia, cidade que se situa-se na encosta noroeste do maior sistema montanhoso portugu\u00eas continental &#8211; a Serra da Estrela, naquela que ser\u00e1 a primeira das quatro provas do campeonato Europeu de Enduro neste ano de 2017.&hellip; <\/p>\n","protected":false},"author":2,"featured_media":3048,"comment_status":"closed","ping_status":"closed","sticky":false,"template":"","format":"standard","meta":{"footnotes":""},"categories":[8,2],"tags":[17],"class_list":["post-2757","post","type-post","status-publish","format-standard","has-post-thumbnail","hentry","category-noticias","category-pt","tag-uem"],"yoast_head":"<!-- This site is optimized with the Yoast SEO plugin v27.5 - https:\/\/yoast.com\/product\/yoast-seo-wordpress\/ -->\n<title>Europeu Gouveia 2017. Centena e meia de pilotos - GP de Portugal<\/title>\n<meta name=\"robots\" content=\"index, follow, max-snippet:-1, max-image-preview:large, max-video-preview:-1\" \/>\n<link rel=\"canonical\" href=\"https:\/\/talentos-objetivos.pt\/wecportugal\/2017\/04\/12\/europeu-gouveia-2017-europeu-gouveia-2017\/\" \/>\n<meta property=\"og:locale\" content=\"pt_PT\" \/>\n<meta property=\"og:type\" content=\"article\" \/>\n<meta property=\"og:title\" content=\"Europeu Gouveia 2017. Centena e meia de pilotos - GP de Portugal\" \/>\n<meta property=\"og:description\" content=\"Centena e meia de pilotos oriundos de diversas na\u00e7\u00f5es da Europa v\u00e3o estar em Gouveia, cidade que se situa-se na encosta noroeste do maior sistema montanhoso portugu\u00eas continental &#8211; a Serra da Estrela, naquela que ser\u00e1 a primeira das quatro provas do campeonato Europeu de Enduro neste ano de 2017.&hellip;\" \/>\n<meta property=\"og:url\" content=\"https:\/\/talentos-objetivos.pt\/wecportugal\/2017\/04\/12\/europeu-gouveia-2017-europeu-gouveia-2017\/\" \/>\n<meta property=\"og:site_name\" content=\"GP de Portugal\" \/>\n<meta property=\"article:published_time\" content=\"2017-04-12T22:09:37+00:00\" \/>\n<meta property=\"article:modified_time\" content=\"2022-12-13T11:01:29+00:00\" \/>\n<meta property=\"og:image\" content=\"https:\/\/talentos-objetivos.pt\/wecportugal\/wp-content\/uploads\/sites\/6\/2017\/04\/2017_EEC_FIL-Apresentacao_CC_0011-670x300-1.jpg\" \/>\n\t<meta property=\"og:image:width\" content=\"670\" \/>\n\t<meta property=\"og:image:height\" content=\"300\" \/>\n\t<meta property=\"og:image:type\" content=\"image\/jpeg\" \/>\n<meta name=\"author\" content=\"Jorge Sim\u00f5es\" \/>\n<meta name=\"twitter:card\" content=\"summary_large_image\" \/>\n<meta name=\"twitter:label1\" content=\"Escrito por\" \/>\n\t<meta name=\"twitter:data1\" content=\"Jorge Sim\u00f5es\" \/>\n\t<meta name=\"twitter:label2\" content=\"Tempo estimado de leitura\" \/>\n\t<meta name=\"twitter:data2\" content=\"1 minuto\" \/>\n<script type=\"application\/ld+json\" class=\"yoast-schema-graph\">{\"@context\":\"https:\\\/\\\/schema.org\",\"@graph\":[{\"@type\":\"Article\",\"@id\":\"https:\\\/\\\/talentos-objetivos.pt\\\/wecportugal\\\/2017\\\/04\\\/12\\\/europeu-gouveia-2017-europeu-gouveia-2017\\\/#article\",\"isPartOf\":{\"@id\":\"https:\\\/\\\/talentos-objetivos.pt\\\/wecportugal\\\/2017\\\/04\\\/12\\\/europeu-gouveia-2017-europeu-gouveia-2017\\\/\"},\"author\":{\"name\":\"Jorge Sim\u00f5es\",\"@id\":\"https:\\\/\\\/talentos-objetivos.pt\\\/wecportugal\\\/#\\\/schema\\\/person\\\/063aae70b5a0bc9f670381b600e1a601\"},\"headline\":\"Europeu Gouveia 2017. Centena e meia de pilotos\",\"datePublished\":\"2017-04-12T22:09:37+00:00\",\"dateModified\":\"2022-12-13T11:01:29+00:00\",\"mainEntityOfPage\":{\"@id\":\"https:\\\/\\\/talentos-objetivos.pt\\\/wecportugal\\\/2017\\\/04\\\/12\\\/europeu-gouveia-2017-europeu-gouveia-2017\\\/\"},\"wordCount\":260,\"image\":{\"@id\":\"https:\\\/\\\/talentos-objetivos.pt\\\/wecportugal\\\/2017\\\/04\\\/12\\\/europeu-gouveia-2017-europeu-gouveia-2017\\\/#primaryimage\"},\"thumbnailUrl\":\"https:\\\/\\\/talentos-objetivos.pt\\\/wecportugal\\\/wp-content\\\/uploads\\\/sites\\\/6\\\/2017\\\/04\\\/2017_EEC_FIL-Apresentacao_CC_0011-670x300-1.jpg\",\"keywords\":[\"UEM\"],\"articleSection\":[\"Not\u00edcias\",\"PT\"],\"inLanguage\":\"pt-PT\"},{\"@type\":\"WebPage\",\"@id\":\"https:\\\/\\\/talentos-objetivos.pt\\\/wecportugal\\\/2017\\\/04\\\/12\\\/europeu-gouveia-2017-europeu-gouveia-2017\\\/\",\"url\":\"https:\\\/\\\/talentos-objetivos.pt\\\/wecportugal\\\/2017\\\/04\\\/12\\\/europeu-gouveia-2017-europeu-gouveia-2017\\\/\",\"name\":\"Europeu Gouveia 2017. Centena e meia de pilotos - GP de Portugal\",\"isPartOf\":{\"@id\":\"https:\\\/\\\/talentos-objetivos.pt\\\/wecportugal\\\/#website\"},\"primaryImageOfPage\":{\"@id\":\"https:\\\/\\\/talentos-objetivos.pt\\\/wecportugal\\\/2017\\\/04\\\/12\\\/europeu-gouveia-2017-europeu-gouveia-2017\\\/#primaryimage\"},\"image\":{\"@id\":\"https:\\\/\\\/talentos-objetivos.pt\\\/wecportugal\\\/2017\\\/04\\\/12\\\/europeu-gouveia-2017-europeu-gouveia-2017\\\/#primaryimage\"},\"thumbnailUrl\":\"https:\\\/\\\/talentos-objetivos.pt\\\/wecportugal\\\/wp-content\\\/uploads\\\/sites\\\/6\\\/2017\\\/04\\\/2017_EEC_FIL-Apresentacao_CC_0011-670x300-1.jpg\",\"datePublished\":\"2017-04-12T22:09:37+00:00\",\"dateModified\":\"2022-12-13T11:01:29+00:00\",\"author\":{\"@id\":\"https:\\\/\\\/talentos-objetivos.pt\\\/wecportugal\\\/#\\\/schema\\\/person\\\/063aae70b5a0bc9f670381b600e1a601\"},\"breadcrumb\":{\"@id\":\"https:\\\/\\\/talentos-objetivos.pt\\\/wecportugal\\\/2017\\\/04\\\/12\\\/europeu-gouveia-2017-europeu-gouveia-2017\\\/#breadcrumb\"},\"inLanguage\":\"pt-PT\",\"potentialAction\":[{\"@type\":\"ReadAction\",\"target\":[\"https:\\\/\\\/talentos-objetivos.pt\\\/wecportugal\\\/2017\\\/04\\\/12\\\/europeu-gouveia-2017-europeu-gouveia-2017\\\/\"]}]},{\"@type\":\"ImageObject\",\"inLanguage\":\"pt-PT\",\"@id\":\"https:\\\/\\\/talentos-objetivos.pt\\\/wecportugal\\\/2017\\\/04\\\/12\\\/europeu-gouveia-2017-europeu-gouveia-2017\\\/#primaryimage\",\"url\":\"https:\\\/\\\/talentos-objetivos.pt\\\/wecportugal\\\/wp-content\\\/uploads\\\/sites\\\/6\\\/2017\\\/04\\\/2017_EEC_FIL-Apresentacao_CC_0011-670x300-1.jpg\",\"contentUrl\":\"https:\\\/\\\/talentos-objetivos.pt\\\/wecportugal\\\/wp-content\\\/uploads\\\/sites\\\/6\\\/2017\\\/04\\\/2017_EEC_FIL-Apresentacao_CC_0011-670x300-1.jpg\",\"width\":670,\"height\":300},{\"@type\":\"BreadcrumbList\",\"@id\":\"https:\\\/\\\/talentos-objetivos.pt\\\/wecportugal\\\/2017\\\/04\\\/12\\\/europeu-gouveia-2017-europeu-gouveia-2017\\\/#breadcrumb\",\"itemListElement\":[{\"@type\":\"ListItem\",\"position\":1,\"name\":\"In\u00edcio\",\"item\":\"https:\\\/\\\/talentos-objetivos.pt\\\/wecportugal\\\/\"},{\"@type\":\"ListItem\",\"position\":2,\"name\":\"Europeu Gouveia 2017. Centena e meia de pilotos\"}]},{\"@type\":\"WebSite\",\"@id\":\"https:\\\/\\\/talentos-objetivos.pt\\\/wecportugal\\\/#website\",\"url\":\"https:\\\/\\\/talentos-objetivos.pt\\\/wecportugal\\\/\",\"name\":\"GP de Portugal\",\"description\":\"European Enduro Championship  - Gouveia\",\"potentialAction\":[{\"@type\":\"SearchAction\",\"target\":{\"@type\":\"EntryPoint\",\"urlTemplate\":\"https:\\\/\\\/talentos-objetivos.pt\\\/wecportugal\\\/?s={search_term_string}\"},\"query-input\":{\"@type\":\"PropertyValueSpecification\",\"valueRequired\":true,\"valueName\":\"search_term_string\"}}],\"inLanguage\":\"pt-PT\"},{\"@type\":\"Person\",\"@id\":\"https:\\\/\\\/talentos-objetivos.pt\\\/wecportugal\\\/#\\\/schema\\\/person\\\/063aae70b5a0bc9f670381b600e1a601\",\"name\":\"Jorge Sim\u00f5es\",\"image\":{\"@type\":\"ImageObject\",\"inLanguage\":\"pt-PT\",\"@id\":\"https:\\\/\\\/secure.gravatar.com\\\/avatar\\\/1b618a4dfef3cb5350c16e6129cedea84a3078e82dd755e8847366ad7960584d?s=96&d=mm&r=g\",\"url\":\"https:\\\/\\\/secure.gravatar.com\\\/avatar\\\/1b618a4dfef3cb5350c16e6129cedea84a3078e82dd755e8847366ad7960584d?s=96&d=mm&r=g\",\"contentUrl\":\"https:\\\/\\\/secure.gravatar.com\\\/avatar\\\/1b618a4dfef3cb5350c16e6129cedea84a3078e82dd755e8847366ad7960584d?s=96&d=mm&r=g\",\"caption\":\"Jorge Sim\u00f5es\"},\"sameAs\":[\"http:\\\/\\\/www.talentos-objetivos.pt\"],\"url\":\"https:\\\/\\\/talentos-objetivos.pt\\\/wecportugal\\\/author\\\/jorge-simoes\\\/\"}]}<\/script>\n<!-- \/ Yoast SEO plugin. -->","yoast_head_json":{"title":"Europeu Gouveia 2017. Centena e meia de pilotos - GP de Portugal","robots":{"index":"index","follow":"follow","max-snippet":"max-snippet:-1","max-image-preview":"max-image-preview:large","max-video-preview":"max-video-preview:-1"},"canonical":"https:\/\/talentos-objetivos.pt\/wecportugal\/2017\/04\/12\/europeu-gouveia-2017-europeu-gouveia-2017\/","og_locale":"pt_PT","og_type":"article","og_title":"Europeu Gouveia 2017. Centena e meia de pilotos - GP de Portugal","og_description":"Centena e meia de pilotos oriundos de diversas na\u00e7\u00f5es da Europa v\u00e3o estar em Gouveia, cidade que se situa-se na encosta noroeste do maior sistema montanhoso portugu\u00eas continental &#8211; a Serra da Estrela, naquela que ser\u00e1 a primeira das quatro provas do campeonato Europeu de Enduro neste ano de 2017.&hellip;","og_url":"https:\/\/talentos-objetivos.pt\/wecportugal\/2017\/04\/12\/europeu-gouveia-2017-europeu-gouveia-2017\/","og_site_name":"GP de Portugal","article_published_time":"2017-04-12T22:09:37+00:00","article_modified_time":"2022-12-13T11:01:29+00:00","og_image":[{"width":670,"height":300,"url":"https:\/\/talentos-objetivos.pt\/wecportugal\/wp-content\/uploads\/sites\/6\/2017\/04\/2017_EEC_FIL-Apresentacao_CC_0011-670x300-1.jpg","type":"image\/jpeg"}],"author":"Jorge Sim\u00f5es","twitter_card":"summary_large_image","twitter_misc":{"Escrito por":"Jorge Sim\u00f5es","Tempo estimado de leitura":"1 minuto"},"schema":{"@context":"https:\/\/schema.org","@graph":[{"@type":"Article","@id":"https:\/\/talentos-objetivos.pt\/wecportugal\/2017\/04\/12\/europeu-gouveia-2017-europeu-gouveia-2017\/#article","isPartOf":{"@id":"https:\/\/talentos-objetivos.pt\/wecportugal\/2017\/04\/12\/europeu-gouveia-2017-europeu-gouveia-2017\/"},"author":{"name":"Jorge Sim\u00f5es","@id":"https:\/\/talentos-objetivos.pt\/wecportugal\/#\/schema\/person\/063aae70b5a0bc9f670381b600e1a601"},"headline":"Europeu Gouveia 2017. Centena e meia de pilotos","datePublished":"2017-04-12T22:09:37+00:00","dateModified":"2022-12-13T11:01:29+00:00","mainEntityOfPage":{"@id":"https:\/\/talentos-objetivos.pt\/wecportugal\/2017\/04\/12\/europeu-gouveia-2017-europeu-gouveia-2017\/"},"wordCount":260,"image":{"@id":"https:\/\/talentos-objetivos.pt\/wecportugal\/2017\/04\/12\/europeu-gouveia-2017-europeu-gouveia-2017\/#primaryimage"},"thumbnailUrl":"https:\/\/talentos-objetivos.pt\/wecportugal\/wp-content\/uploads\/sites\/6\/2017\/04\/2017_EEC_FIL-Apresentacao_CC_0011-670x300-1.jpg","keywords":["UEM"],"articleSection":["Not\u00edcias","PT"],"inLanguage":"pt-PT"},{"@type":"WebPage","@id":"https:\/\/talentos-objetivos.pt\/wecportugal\/2017\/04\/12\/europeu-gouveia-2017-europeu-gouveia-2017\/","url":"https:\/\/talentos-objetivos.pt\/wecportugal\/2017\/04\/12\/europeu-gouveia-2017-europeu-gouveia-2017\/","name":"Europeu Gouveia 2017. Centena e meia de pilotos - GP de Portugal","isPartOf":{"@id":"https:\/\/talentos-objetivos.pt\/wecportugal\/#website"},"primaryImageOfPage":{"@id":"https:\/\/talentos-objetivos.pt\/wecportugal\/2017\/04\/12\/europeu-gouveia-2017-europeu-gouveia-2017\/#primaryimage"},"image":{"@id":"https:\/\/talentos-objetivos.pt\/wecportugal\/2017\/04\/12\/europeu-gouveia-2017-europeu-gouveia-2017\/#primaryimage"},"thumbnailUrl":"https:\/\/talentos-objetivos.pt\/wecportugal\/wp-content\/uploads\/sites\/6\/2017\/04\/2017_EEC_FIL-Apresentacao_CC_0011-670x300-1.jpg","datePublished":"2017-04-12T22:09:37+00:00","dateModified":"2022-12-13T11:01:29+00:00","author":{"@id":"https:\/\/talentos-objetivos.pt\/wecportugal\/#\/schema\/person\/063aae70b5a0bc9f670381b600e1a601"},"breadcrumb":{"@id":"https:\/\/talentos-objetivos.pt\/wecportugal\/2017\/04\/12\/europeu-gouveia-2017-europeu-gouveia-2017\/#breadcrumb"},"inLanguage":"pt-PT","potentialAction":[{"@type":"ReadAction","target":["https:\/\/talentos-objetivos.pt\/wecportugal\/2017\/04\/12\/europeu-gouveia-2017-europeu-gouveia-2017\/"]}]},{"@type":"ImageObject","inLanguage":"pt-PT","@id":"https:\/\/talentos-objetivos.pt\/wecportugal\/2017\/04\/12\/europeu-gouveia-2017-europeu-gouveia-2017\/#primaryimage","url":"https:\/\/talentos-objetivos.pt\/wecportugal\/wp-content\/uploads\/sites\/6\/2017\/04\/2017_EEC_FIL-Apresentacao_CC_0011-670x300-1.jpg","contentUrl":"https:\/\/talentos-objetivos.pt\/wecportugal\/wp-content\/uploads\/sites\/6\/2017\/04\/2017_EEC_FIL-Apresentacao_CC_0011-670x300-1.jpg","width":670,"height":300},{"@type":"BreadcrumbList","@id":"https:\/\/talentos-objetivos.pt\/wecportugal\/2017\/04\/12\/europeu-gouveia-2017-europeu-gouveia-2017\/#breadcrumb","itemListElement":[{"@type":"ListItem","position":1,"name":"In\u00edcio","item":"https:\/\/talentos-objetivos.pt\/wecportugal\/"},{"@type":"ListItem","position":2,"name":"Europeu Gouveia 2017. Centena e meia de pilotos"}]},{"@type":"WebSite","@id":"https:\/\/talentos-objetivos.pt\/wecportugal\/#website","url":"https:\/\/talentos-objetivos.pt\/wecportugal\/","name":"GP de Portugal","description":"European Enduro Championship  - Gouveia","potentialAction":[{"@type":"SearchAction","target":{"@type":"EntryPoint","urlTemplate":"https:\/\/talentos-objetivos.pt\/wecportugal\/?s={search_term_string}"},"query-input":{"@type":"PropertyValueSpecification","valueRequired":true,"valueName":"search_term_string"}}],"inLanguage":"pt-PT"},{"@type":"Person","@id":"https:\/\/talentos-objetivos.pt\/wecportugal\/#\/schema\/person\/063aae70b5a0bc9f670381b600e1a601","name":"Jorge Sim\u00f5es","image":{"@type":"ImageObject","inLanguage":"pt-PT","@id":"https:\/\/secure.gravatar.com\/avatar\/1b618a4dfef3cb5350c16e6129cedea84a3078e82dd755e8847366ad7960584d?s=96&d=mm&r=g","url":"https:\/\/secure.gravatar.com\/avatar\/1b618a4dfef3cb5350c16e6129cedea84a3078e82dd755e8847366ad7960584d?s=96&d=mm&r=g","contentUrl":"https:\/\/secure.gravatar.com\/avatar\/1b618a4dfef3cb5350c16e6129cedea84a3078e82dd755e8847366ad7960584d?s=96&d=mm&r=g","caption":"Jorge Sim\u00f5es"},"sameAs":["http:\/\/www.talentos-objetivos.pt"],"url":"https:\/\/talentos-objetivos.pt\/wecportugal\/author\/jorge-simoes\/"}]}},"_links":{"self":[{"href":"https:\/\/talentos-objetivos.pt\/wecportugal\/wp-json\/wp\/v2\/posts\/2757","targetHints":{"allow":["GET"]}}],"collection":[{"href":"https:\/\/talentos-objetivos.pt\/wecportugal\/wp-json\/wp\/v2\/posts"}],"about":[{"href":"https:\/\/talentos-objetivos.pt\/wecportugal\/wp-json\/wp\/v2\/types\/post"}],"author":[{"embeddable":true,"href":"https:\/\/talentos-objetivos.pt\/wecportugal\/wp-json\/wp\/v2\/users\/2"}],"replies":[{"embeddable":true,"href":"https:\/\/talentos-objetivos.pt\/wecportugal\/wp-json\/wp\/v2\/comments?post=2757"}],"version-history":[{"count":0,"href":"https:\/\/talentos-objetivos.pt\/wecportugal\/wp-json\/wp\/v2\/posts\/2757\/revisions"}],"wp:featuredmedia":[{"embeddable":true,"href":"https:\/\/talentos-objetivos.pt\/wecportugal\/wp-json\/wp\/v2\/media\/3048"}],"wp:attachment":[{"href":"https:\/\/talentos-objetivos.pt\/wecportugal\/wp-json\/wp\/v2\/media?parent=2757"}],"wp:term":[{"taxonomy":"category","embeddable":true,"href":"https:\/\/talentos-objetivos.pt\/wecportugal\/wp-json\/wp\/v2\/categories?post=2757"},{"taxonomy":"post_tag","embeddable":true,"href":"https:\/\/talentos-objetivos.pt\/wecportugal\/wp-json\/wp\/v2\/tags?post=2757"}],"curies":[{"name":"wp","href":"https:\/\/api.w.org\/{rel}","templated":true}]}}