{"id":2897,"date":"2017-04-26T12:18:18","date_gmt":"2017-04-26T12:18:18","guid":{"rendered":"http:\/\/wecportugal.talentos-objetivos.pt\/?p=2826"},"modified":"2022-12-13T11:03:55","modified_gmt":"2022-12-13T11:03:55","slug":"europeu-enduro-2017-campeonato-comeca-em-gouveia","status":"publish","type":"post","link":"https:\/\/talentos-objetivos.pt\/wecportugal\/2017\/04\/26\/europeu-enduro-2017-campeonato-comeca-em-gouveia\/","title":{"rendered":"Europeu Enduro 2017: Campeonato come\u00e7a em Gouveia"},"content":{"rendered":"<p>Com dois dias de dura\u00e7\u00e3o \u2013 29 e 30 de Abril \u2013 a primeira prova do campeonato da Europa de Enduro leva este fim-de-semana at\u00e9 Gouveia. Bem junto ao Parque Natural da Serra da Estrela os 134 pilotos inscritos ter\u00e3o que enfrentar um percurso com pouco mais de quatro dezenas de quil\u00f3metros e que ter\u00e1 que ser percorrido por tr\u00eas vezes por toda a caravana em ambos os dias de prova.<\/p>\n<p>Com tr\u00eas voltas ao percurso para cumprir em cada um dos dias os pilotos ter\u00e3o ainda pela frente duas longas especiais desenhadas no Parque da Senhora dos Verdes, junto \u00e0 cidade serrana, onde estar\u00e1 igualmente localizado o Parque-Fechado, o \u2018paddock\u2019 e todo o centro nevr\u00e1lgico da competi\u00e7\u00e3o.<\/p>\n<p>Desenhadas no pr\u00f3prio Parque da Senhora dos Verdes e de f\u00e1cil acesso sem ser necess\u00e1ria a desloca\u00e7\u00e3o em ve\u00edculo motorizado, as especiais ser\u00e3o longas e espetaculares. A Enduro Test ter\u00e1 cerca de 13 quil\u00f3metros de extens\u00e3o e a Cross-Test ter\u00e1 um total de nove quil\u00f3metros.<\/p>\n<p>Entre os 134 pilotos com inscri\u00e7\u00e3o confirmada est\u00e3o 11 nomes portugueses, sendo que dois delas ser\u00e3o das pilotos Rita Vieira e Bruna Antunes. As cores nacionais ser\u00e3o igualmente representadas no campeonato europeu pelos nomes de Manuel Teixeira e Tom\u00e1s Clemente, ambos no pelot\u00e3o dos J\u00faniores com menos de 20 anos, Andr\u00e9 Martins estar\u00e1 nos J\u00faniores e Jo\u00e3o Vivas ser\u00e1 o representante portugu\u00eas na classe E2. A estes juntam-se cinco portugueses inscritos na Open: Jorge Jesus, Carlos Pedrosa, Tiago Santos, Ricardo Gomes e Filipe Sa\u00fade.<\/p>\n<p>Ambos os dias ver\u00e3o os primeiros pilotos a deixar o palanque de partida \u00e1s nove horas da manh\u00e3, sendo que os primeiros terminar\u00e3o a sua prova seis horas mais tarde e cerca de centena e meia de quil\u00f3metros depois. As zonas espet\u00e1culo do percurso est\u00e3o igualmente definidas e ser\u00e1 certamente com muito p\u00fablico que os pilotos ir\u00e3o passar pelas zonas cinco zonas espet\u00e1culo&nbsp;ao longo do percurso: Trialeira da Mangueira, Ponte das Cantinas, Cativelos 1,&nbsp;Cativelos 2 e tamb\u00e9m Mina, locais de elevado n\u00edvel t\u00e9cnico e de espet\u00e1culo al\u00e9m das duas especiais.<\/p>\n<p>Sendo a primeira das quatro provas do campeonato est\u00e3o representadas em Portugal 16 nacionalidades, dezena e meia delas de pilotos inscritos nas categorias do campeonato europeu e ainda um piloto chileno que estar\u00e1 integrado no pelot\u00e3o Open. Os franceses re\u00fanem o maior n\u00famero de pilotos com 23 presen\u00e7as, sendo seguidos pela Su\u00e9cia com 17 e os italianos com 15 pilotos inscritos.<\/p>\n<p>A caravana est\u00e1 j\u00e1 a instalar-se no Parque da Senhora dos Verdes em Gouveia e depois de cumprir os procedimentos de verifica\u00e7\u00f5es t\u00e9cnicas em administrativas na pr\u00f3xima sexta-feira dia 28 de Abril, a ac\u00e7\u00e3o ser\u00e1 grande e animadas nos dois dias seguintes.<\/p>\n","protected":false},"excerpt":{"rendered":"<p>Com dois dias de dura\u00e7\u00e3o \u2013 29 e 30 de Abril \u2013 a primeira prova do campeonato da Europa de Enduro leva este fim-de-semana at\u00e9 Gouveia. Bem junto ao Parque Natural da Serra da Estrela os 134 pilotos inscritos ter\u00e3o que enfrentar um percurso com pouco mais de quatro dezenas&hellip; <\/p>\n","protected":false},"author":2,"featured_media":3039,"comment_status":"closed","ping_status":"closed","sticky":false,"template":"","format":"standard","meta":{"footnotes":""},"categories":[8,2],"tags":[17],"class_list":["post-2897","post","type-post","status-publish","format-standard","has-post-thumbnail","hentry","category-noticias","category-pt","tag-uem"],"yoast_head":"<!-- This site is optimized with the Yoast SEO plugin v27.5 - https:\/\/yoast.com\/product\/yoast-seo-wordpress\/ -->\n<title>Europeu Enduro 2017: Campeonato come\u00e7a em Gouveia - GP de Portugal<\/title>\n<meta name=\"robots\" content=\"index, follow, max-snippet:-1, max-image-preview:large, max-video-preview:-1\" \/>\n<link rel=\"canonical\" href=\"https:\/\/talentos-objetivos.pt\/wecportugal\/2017\/04\/26\/europeu-enduro-2017-campeonato-comeca-em-gouveia\/\" \/>\n<meta property=\"og:locale\" content=\"pt_PT\" \/>\n<meta property=\"og:type\" content=\"article\" \/>\n<meta property=\"og:title\" content=\"Europeu Enduro 2017: Campeonato come\u00e7a em Gouveia - GP de Portugal\" \/>\n<meta property=\"og:description\" content=\"Com dois dias de dura\u00e7\u00e3o \u2013 29 e 30 de Abril \u2013 a primeira prova do campeonato da Europa de Enduro leva este fim-de-semana at\u00e9 Gouveia. Bem junto ao Parque Natural da Serra da Estrela os 134 pilotos inscritos ter\u00e3o que enfrentar um percurso com pouco mais de quatro dezenas&hellip;\" \/>\n<meta property=\"og:url\" content=\"https:\/\/talentos-objetivos.pt\/wecportugal\/2017\/04\/26\/europeu-enduro-2017-campeonato-comeca-em-gouveia\/\" \/>\n<meta property=\"og:site_name\" content=\"GP de Portugal\" \/>\n<meta property=\"article:published_time\" content=\"2017-04-26T12:18:18+00:00\" \/>\n<meta property=\"article:modified_time\" content=\"2022-12-13T11:03:55+00:00\" \/>\n<meta property=\"og:image\" content=\"https:\/\/talentos-objetivos.pt\/wecportugal\/wp-content\/uploads\/sites\/6\/2016\/04\/PresentEnduroFMP-670x300-1.jpg\" \/>\n\t<meta property=\"og:image:width\" content=\"670\" \/>\n\t<meta property=\"og:image:height\" content=\"300\" \/>\n\t<meta property=\"og:image:type\" content=\"image\/jpeg\" \/>\n<meta name=\"author\" content=\"Jorge Sim\u00f5es\" \/>\n<meta name=\"twitter:card\" content=\"summary_large_image\" \/>\n<meta name=\"twitter:label1\" content=\"Escrito por\" \/>\n\t<meta name=\"twitter:data1\" content=\"Jorge Sim\u00f5es\" \/>\n\t<meta name=\"twitter:label2\" content=\"Tempo estimado de leitura\" \/>\n\t<meta name=\"twitter:data2\" content=\"2 minutos\" \/>\n<script type=\"application\/ld+json\" class=\"yoast-schema-graph\">{\"@context\":\"https:\\\/\\\/schema.org\",\"@graph\":[{\"@type\":\"Article\",\"@id\":\"https:\\\/\\\/talentos-objetivos.pt\\\/wecportugal\\\/2017\\\/04\\\/26\\\/europeu-enduro-2017-campeonato-comeca-em-gouveia\\\/#article\",\"isPartOf\":{\"@id\":\"https:\\\/\\\/talentos-objetivos.pt\\\/wecportugal\\\/2017\\\/04\\\/26\\\/europeu-enduro-2017-campeonato-comeca-em-gouveia\\\/\"},\"author\":{\"name\":\"Jorge Sim\u00f5es\",\"@id\":\"https:\\\/\\\/talentos-objetivos.pt\\\/wecportugal\\\/#\\\/schema\\\/person\\\/063aae70b5a0bc9f670381b600e1a601\"},\"headline\":\"Europeu Enduro 2017: Campeonato come\u00e7a em Gouveia\",\"datePublished\":\"2017-04-26T12:18:18+00:00\",\"dateModified\":\"2022-12-13T11:03:55+00:00\",\"mainEntityOfPage\":{\"@id\":\"https:\\\/\\\/talentos-objetivos.pt\\\/wecportugal\\\/2017\\\/04\\\/26\\\/europeu-enduro-2017-campeonato-comeca-em-gouveia\\\/\"},\"wordCount\":485,\"image\":{\"@id\":\"https:\\\/\\\/talentos-objetivos.pt\\\/wecportugal\\\/2017\\\/04\\\/26\\\/europeu-enduro-2017-campeonato-comeca-em-gouveia\\\/#primaryimage\"},\"thumbnailUrl\":\"https:\\\/\\\/talentos-objetivos.pt\\\/wecportugal\\\/wp-content\\\/uploads\\\/sites\\\/6\\\/2016\\\/04\\\/PresentEnduroFMP-670x300-1.jpg\",\"keywords\":[\"UEM\"],\"articleSection\":[\"Not\u00edcias\",\"PT\"],\"inLanguage\":\"pt-PT\"},{\"@type\":\"WebPage\",\"@id\":\"https:\\\/\\\/talentos-objetivos.pt\\\/wecportugal\\\/2017\\\/04\\\/26\\\/europeu-enduro-2017-campeonato-comeca-em-gouveia\\\/\",\"url\":\"https:\\\/\\\/talentos-objetivos.pt\\\/wecportugal\\\/2017\\\/04\\\/26\\\/europeu-enduro-2017-campeonato-comeca-em-gouveia\\\/\",\"name\":\"Europeu Enduro 2017: Campeonato come\u00e7a em Gouveia - GP de Portugal\",\"isPartOf\":{\"@id\":\"https:\\\/\\\/talentos-objetivos.pt\\\/wecportugal\\\/#website\"},\"primaryImageOfPage\":{\"@id\":\"https:\\\/\\\/talentos-objetivos.pt\\\/wecportugal\\\/2017\\\/04\\\/26\\\/europeu-enduro-2017-campeonato-comeca-em-gouveia\\\/#primaryimage\"},\"image\":{\"@id\":\"https:\\\/\\\/talentos-objetivos.pt\\\/wecportugal\\\/2017\\\/04\\\/26\\\/europeu-enduro-2017-campeonato-comeca-em-gouveia\\\/#primaryimage\"},\"thumbnailUrl\":\"https:\\\/\\\/talentos-objetivos.pt\\\/wecportugal\\\/wp-content\\\/uploads\\\/sites\\\/6\\\/2016\\\/04\\\/PresentEnduroFMP-670x300-1.jpg\",\"datePublished\":\"2017-04-26T12:18:18+00:00\",\"dateModified\":\"2022-12-13T11:03:55+00:00\",\"author\":{\"@id\":\"https:\\\/\\\/talentos-objetivos.pt\\\/wecportugal\\\/#\\\/schema\\\/person\\\/063aae70b5a0bc9f670381b600e1a601\"},\"breadcrumb\":{\"@id\":\"https:\\\/\\\/talentos-objetivos.pt\\\/wecportugal\\\/2017\\\/04\\\/26\\\/europeu-enduro-2017-campeonato-comeca-em-gouveia\\\/#breadcrumb\"},\"inLanguage\":\"pt-PT\",\"potentialAction\":[{\"@type\":\"ReadAction\",\"target\":[\"https:\\\/\\\/talentos-objetivos.pt\\\/wecportugal\\\/2017\\\/04\\\/26\\\/europeu-enduro-2017-campeonato-comeca-em-gouveia\\\/\"]}]},{\"@type\":\"ImageObject\",\"inLanguage\":\"pt-PT\",\"@id\":\"https:\\\/\\\/talentos-objetivos.pt\\\/wecportugal\\\/2017\\\/04\\\/26\\\/europeu-enduro-2017-campeonato-comeca-em-gouveia\\\/#primaryimage\",\"url\":\"https:\\\/\\\/talentos-objetivos.pt\\\/wecportugal\\\/wp-content\\\/uploads\\\/sites\\\/6\\\/2016\\\/04\\\/PresentEnduroFMP-670x300-1.jpg\",\"contentUrl\":\"https:\\\/\\\/talentos-objetivos.pt\\\/wecportugal\\\/wp-content\\\/uploads\\\/sites\\\/6\\\/2016\\\/04\\\/PresentEnduroFMP-670x300-1.jpg\",\"width\":670,\"height\":300},{\"@type\":\"BreadcrumbList\",\"@id\":\"https:\\\/\\\/talentos-objetivos.pt\\\/wecportugal\\\/2017\\\/04\\\/26\\\/europeu-enduro-2017-campeonato-comeca-em-gouveia\\\/#breadcrumb\",\"itemListElement\":[{\"@type\":\"ListItem\",\"position\":1,\"name\":\"In\u00edcio\",\"item\":\"https:\\\/\\\/talentos-objetivos.pt\\\/wecportugal\\\/\"},{\"@type\":\"ListItem\",\"position\":2,\"name\":\"Europeu Enduro 2017: Campeonato come\u00e7a em Gouveia\"}]},{\"@type\":\"WebSite\",\"@id\":\"https:\\\/\\\/talentos-objetivos.pt\\\/wecportugal\\\/#website\",\"url\":\"https:\\\/\\\/talentos-objetivos.pt\\\/wecportugal\\\/\",\"name\":\"GP de Portugal\",\"description\":\"European Enduro Championship  - Gouveia\",\"potentialAction\":[{\"@type\":\"SearchAction\",\"target\":{\"@type\":\"EntryPoint\",\"urlTemplate\":\"https:\\\/\\\/talentos-objetivos.pt\\\/wecportugal\\\/?s={search_term_string}\"},\"query-input\":{\"@type\":\"PropertyValueSpecification\",\"valueRequired\":true,\"valueName\":\"search_term_string\"}}],\"inLanguage\":\"pt-PT\"},{\"@type\":\"Person\",\"@id\":\"https:\\\/\\\/talentos-objetivos.pt\\\/wecportugal\\\/#\\\/schema\\\/person\\\/063aae70b5a0bc9f670381b600e1a601\",\"name\":\"Jorge Sim\u00f5es\",\"image\":{\"@type\":\"ImageObject\",\"inLanguage\":\"pt-PT\",\"@id\":\"https:\\\/\\\/secure.gravatar.com\\\/avatar\\\/1b618a4dfef3cb5350c16e6129cedea84a3078e82dd755e8847366ad7960584d?s=96&d=mm&r=g\",\"url\":\"https:\\\/\\\/secure.gravatar.com\\\/avatar\\\/1b618a4dfef3cb5350c16e6129cedea84a3078e82dd755e8847366ad7960584d?s=96&d=mm&r=g\",\"contentUrl\":\"https:\\\/\\\/secure.gravatar.com\\\/avatar\\\/1b618a4dfef3cb5350c16e6129cedea84a3078e82dd755e8847366ad7960584d?s=96&d=mm&r=g\",\"caption\":\"Jorge Sim\u00f5es\"},\"sameAs\":[\"http:\\\/\\\/www.talentos-objetivos.pt\"],\"url\":\"https:\\\/\\\/talentos-objetivos.pt\\\/wecportugal\\\/author\\\/jorge-simoes\\\/\"}]}<\/script>\n<!-- \/ Yoast SEO plugin. -->","yoast_head_json":{"title":"Europeu Enduro 2017: Campeonato come\u00e7a em Gouveia - GP de Portugal","robots":{"index":"index","follow":"follow","max-snippet":"max-snippet:-1","max-image-preview":"max-image-preview:large","max-video-preview":"max-video-preview:-1"},"canonical":"https:\/\/talentos-objetivos.pt\/wecportugal\/2017\/04\/26\/europeu-enduro-2017-campeonato-comeca-em-gouveia\/","og_locale":"pt_PT","og_type":"article","og_title":"Europeu Enduro 2017: Campeonato come\u00e7a em Gouveia - GP de Portugal","og_description":"Com dois dias de dura\u00e7\u00e3o \u2013 29 e 30 de Abril \u2013 a primeira prova do campeonato da Europa de Enduro leva este fim-de-semana at\u00e9 Gouveia. Bem junto ao Parque Natural da Serra da Estrela os 134 pilotos inscritos ter\u00e3o que enfrentar um percurso com pouco mais de quatro dezenas&hellip;","og_url":"https:\/\/talentos-objetivos.pt\/wecportugal\/2017\/04\/26\/europeu-enduro-2017-campeonato-comeca-em-gouveia\/","og_site_name":"GP de Portugal","article_published_time":"2017-04-26T12:18:18+00:00","article_modified_time":"2022-12-13T11:03:55+00:00","og_image":[{"width":670,"height":300,"url":"https:\/\/talentos-objetivos.pt\/wecportugal\/wp-content\/uploads\/sites\/6\/2016\/04\/PresentEnduroFMP-670x300-1.jpg","type":"image\/jpeg"}],"author":"Jorge Sim\u00f5es","twitter_card":"summary_large_image","twitter_misc":{"Escrito por":"Jorge Sim\u00f5es","Tempo estimado de leitura":"2 minutos"},"schema":{"@context":"https:\/\/schema.org","@graph":[{"@type":"Article","@id":"https:\/\/talentos-objetivos.pt\/wecportugal\/2017\/04\/26\/europeu-enduro-2017-campeonato-comeca-em-gouveia\/#article","isPartOf":{"@id":"https:\/\/talentos-objetivos.pt\/wecportugal\/2017\/04\/26\/europeu-enduro-2017-campeonato-comeca-em-gouveia\/"},"author":{"name":"Jorge Sim\u00f5es","@id":"https:\/\/talentos-objetivos.pt\/wecportugal\/#\/schema\/person\/063aae70b5a0bc9f670381b600e1a601"},"headline":"Europeu Enduro 2017: Campeonato come\u00e7a em Gouveia","datePublished":"2017-04-26T12:18:18+00:00","dateModified":"2022-12-13T11:03:55+00:00","mainEntityOfPage":{"@id":"https:\/\/talentos-objetivos.pt\/wecportugal\/2017\/04\/26\/europeu-enduro-2017-campeonato-comeca-em-gouveia\/"},"wordCount":485,"image":{"@id":"https:\/\/talentos-objetivos.pt\/wecportugal\/2017\/04\/26\/europeu-enduro-2017-campeonato-comeca-em-gouveia\/#primaryimage"},"thumbnailUrl":"https:\/\/talentos-objetivos.pt\/wecportugal\/wp-content\/uploads\/sites\/6\/2016\/04\/PresentEnduroFMP-670x300-1.jpg","keywords":["UEM"],"articleSection":["Not\u00edcias","PT"],"inLanguage":"pt-PT"},{"@type":"WebPage","@id":"https:\/\/talentos-objetivos.pt\/wecportugal\/2017\/04\/26\/europeu-enduro-2017-campeonato-comeca-em-gouveia\/","url":"https:\/\/talentos-objetivos.pt\/wecportugal\/2017\/04\/26\/europeu-enduro-2017-campeonato-comeca-em-gouveia\/","name":"Europeu Enduro 2017: Campeonato come\u00e7a em Gouveia - GP de Portugal","isPartOf":{"@id":"https:\/\/talentos-objetivos.pt\/wecportugal\/#website"},"primaryImageOfPage":{"@id":"https:\/\/talentos-objetivos.pt\/wecportugal\/2017\/04\/26\/europeu-enduro-2017-campeonato-comeca-em-gouveia\/#primaryimage"},"image":{"@id":"https:\/\/talentos-objetivos.pt\/wecportugal\/2017\/04\/26\/europeu-enduro-2017-campeonato-comeca-em-gouveia\/#primaryimage"},"thumbnailUrl":"https:\/\/talentos-objetivos.pt\/wecportugal\/wp-content\/uploads\/sites\/6\/2016\/04\/PresentEnduroFMP-670x300-1.jpg","datePublished":"2017-04-26T12:18:18+00:00","dateModified":"2022-12-13T11:03:55+00:00","author":{"@id":"https:\/\/talentos-objetivos.pt\/wecportugal\/#\/schema\/person\/063aae70b5a0bc9f670381b600e1a601"},"breadcrumb":{"@id":"https:\/\/talentos-objetivos.pt\/wecportugal\/2017\/04\/26\/europeu-enduro-2017-campeonato-comeca-em-gouveia\/#breadcrumb"},"inLanguage":"pt-PT","potentialAction":[{"@type":"ReadAction","target":["https:\/\/talentos-objetivos.pt\/wecportugal\/2017\/04\/26\/europeu-enduro-2017-campeonato-comeca-em-gouveia\/"]}]},{"@type":"ImageObject","inLanguage":"pt-PT","@id":"https:\/\/talentos-objetivos.pt\/wecportugal\/2017\/04\/26\/europeu-enduro-2017-campeonato-comeca-em-gouveia\/#primaryimage","url":"https:\/\/talentos-objetivos.pt\/wecportugal\/wp-content\/uploads\/sites\/6\/2016\/04\/PresentEnduroFMP-670x300-1.jpg","contentUrl":"https:\/\/talentos-objetivos.pt\/wecportugal\/wp-content\/uploads\/sites\/6\/2016\/04\/PresentEnduroFMP-670x300-1.jpg","width":670,"height":300},{"@type":"BreadcrumbList","@id":"https:\/\/talentos-objetivos.pt\/wecportugal\/2017\/04\/26\/europeu-enduro-2017-campeonato-comeca-em-gouveia\/#breadcrumb","itemListElement":[{"@type":"ListItem","position":1,"name":"In\u00edcio","item":"https:\/\/talentos-objetivos.pt\/wecportugal\/"},{"@type":"ListItem","position":2,"name":"Europeu Enduro 2017: Campeonato come\u00e7a em Gouveia"}]},{"@type":"WebSite","@id":"https:\/\/talentos-objetivos.pt\/wecportugal\/#website","url":"https:\/\/talentos-objetivos.pt\/wecportugal\/","name":"GP de Portugal","description":"European Enduro Championship  - Gouveia","potentialAction":[{"@type":"SearchAction","target":{"@type":"EntryPoint","urlTemplate":"https:\/\/talentos-objetivos.pt\/wecportugal\/?s={search_term_string}"},"query-input":{"@type":"PropertyValueSpecification","valueRequired":true,"valueName":"search_term_string"}}],"inLanguage":"pt-PT"},{"@type":"Person","@id":"https:\/\/talentos-objetivos.pt\/wecportugal\/#\/schema\/person\/063aae70b5a0bc9f670381b600e1a601","name":"Jorge Sim\u00f5es","image":{"@type":"ImageObject","inLanguage":"pt-PT","@id":"https:\/\/secure.gravatar.com\/avatar\/1b618a4dfef3cb5350c16e6129cedea84a3078e82dd755e8847366ad7960584d?s=96&d=mm&r=g","url":"https:\/\/secure.gravatar.com\/avatar\/1b618a4dfef3cb5350c16e6129cedea84a3078e82dd755e8847366ad7960584d?s=96&d=mm&r=g","contentUrl":"https:\/\/secure.gravatar.com\/avatar\/1b618a4dfef3cb5350c16e6129cedea84a3078e82dd755e8847366ad7960584d?s=96&d=mm&r=g","caption":"Jorge Sim\u00f5es"},"sameAs":["http:\/\/www.talentos-objetivos.pt"],"url":"https:\/\/talentos-objetivos.pt\/wecportugal\/author\/jorge-simoes\/"}]}},"_links":{"self":[{"href":"https:\/\/talentos-objetivos.pt\/wecportugal\/wp-json\/wp\/v2\/posts\/2897","targetHints":{"allow":["GET"]}}],"collection":[{"href":"https:\/\/talentos-objetivos.pt\/wecportugal\/wp-json\/wp\/v2\/posts"}],"about":[{"href":"https:\/\/talentos-objetivos.pt\/wecportugal\/wp-json\/wp\/v2\/types\/post"}],"author":[{"embeddable":true,"href":"https:\/\/talentos-objetivos.pt\/wecportugal\/wp-json\/wp\/v2\/users\/2"}],"replies":[{"embeddable":true,"href":"https:\/\/talentos-objetivos.pt\/wecportugal\/wp-json\/wp\/v2\/comments?post=2897"}],"version-history":[{"count":0,"href":"https:\/\/talentos-objetivos.pt\/wecportugal\/wp-json\/wp\/v2\/posts\/2897\/revisions"}],"wp:featuredmedia":[{"embeddable":true,"href":"https:\/\/talentos-objetivos.pt\/wecportugal\/wp-json\/wp\/v2\/media\/3039"}],"wp:attachment":[{"href":"https:\/\/talentos-objetivos.pt\/wecportugal\/wp-json\/wp\/v2\/media?parent=2897"}],"wp:term":[{"taxonomy":"category","embeddable":true,"href":"https:\/\/talentos-objetivos.pt\/wecportugal\/wp-json\/wp\/v2\/categories?post=2897"},{"taxonomy":"post_tag","embeddable":true,"href":"https:\/\/talentos-objetivos.pt\/wecportugal\/wp-json\/wp\/v2\/tags?post=2897"}],"curies":[{"name":"wp","href":"https:\/\/api.w.org\/{rel}","templated":true}]}}